{"id":77275,"date":"2025-11-03T13:43:38","date_gmt":"2025-11-03T13:43:38","guid":{"rendered":"https:\/\/www.europesays.com\/no\/77275\/"},"modified":"2025-11-03T13:43:38","modified_gmt":"2025-11-03T13:43:38","slug":"regjeringen-ma-ikke-lenger-holde-dette-skjult-for-folket","status":"publish","type":"post","link":"https:\/\/www.europesays.com\/no\/77275\/","title":{"rendered":"\u2013 Regjeringen m\u00e5 ikke lenger holde dette skjult for folket"},"content":{"rendered":"<p><strong>Frp-nestor Carl I. Hagen tar til orde for en helt ny integreringspolitikk. <\/strong><\/p>\n<p>I et innlegg i <a href=\"https:\/\/www.nettavisen.no\/norsk-debatt\/carl-i-hagen-tenk-om-vi-kunne-bedre-integreringen\/o\/5-95-2703621?fbclid=IwZXh0bgNhZW0CMTAAYnJpZBExdEZTVWN3bUwzb3RkanFyUwEei6DFRW60Ih3ridPeT_Flzv0iN4zKQbRXLmdOkW6KW17_HZ5kiC5ylZcNkPc_aem_WV_DL6y3_3-uT4ParQK1jA\" rel=\"nofollow noopener\" target=\"_blank\">Nettavisen <\/a>fredag oppfordrer han regjeringen til \u00e5 kartlegge bakgrunnen til unge kriminelle, og innf\u00f8re egne integreringskonsulenter i de mest utsatte kommunene.<\/p>\n<p>\u2013 Tenk om vi kunne bedre integreringen? Hvilken bakgrunn har de unge kriminelle? sp\u00f8r Hagen i innlegget.<\/p>\n<p>Han mener at dersom kriminaliteten ikke gjenspeiler et tverrsnitt av norsk ungdom, men i stor grad best\u00e5r av personer med innvandrerbakgrunn fra bestemte land, har Norge et integreringsproblem \u2013 ikke et ungdomsproblem.<\/p>\n<p>\u2013 Dette m\u00e5 regjeringen ikke lenger holde skjult for sitt eget folk. Landbakgrunnen til de rundt 200 kjente gjengangerne og voldskriminelle m\u00e5 gj\u00f8res kjent, skriver Hagen.<\/p>\n<p>Vil ha \u00abintegreringskonsulenter\u00bb<\/p>\n<p>Hagen foresl\u00e5r at kommuner med store integreringsutfordringer f\u00e5r egne integreringskonsulenter \u2013 en ny yrkesgruppe som skal ha ansvar for oppf\u00f8lging av familier med innvandrerbakgrunn.<\/p>\n<p>\u2013 De m\u00e5 l\u00e6re om religion og kultur fra disse landene og kartlegge hvordan samtaler med slike familier skal gjennomf\u00f8res, skriver han.<\/p>\n<p>Hagen understreker at alle innvandrerfamilier m\u00e5 f\u00f8lge norske lover, plikter og skikker, og at brudd m\u00e5 f\u00e5 konsekvenser. Han foresl\u00e5r at manglende vilje til \u00e5 f\u00f8lge norske oppdragelsesnormer kan f\u00f8re til b\u00f8ter, kutt i ytelser eller konsekvenser for oppholdstillatelse og statsborgerskap.<\/p>\n<p>Vil forby hijab for mindre\u00e5rige<\/p>\n<p>Frp-veteranen g\u00e5r ogs\u00e5 inn for et forbud mot hijab for jenter under 18 \u00e5r, og mener tidlig innsats m\u00e5 starte allerede ved graviditet. Han foresl\u00e5r at helsepersonell og jordm\u00f8dre varsler integreringstjenestene om familier som b\u00f8r f\u00f8lges opp.<\/p>\n<p>\u2013 N\u00e5r 13-\u00e5ringer g\u00e5r rundt med kniv, v\u00e5pen og granater, m\u00e5 det v\u00e6re klart at barneoppdragelsen har sviktet fundamentalt, skriver Hagen.<\/p>\n<p>Ber Stortinget handle<\/p>\n<p>Hagen konkluderer med at dagens system for integrering har \u00abspilt fallitt\u00bb, og etterlyser en ny integreringslov som fastsetter plikter, rettigheter og verdigrunnlag for en aktiv integreringstjeneste.<\/p>\n<p>\u2013 Tiltak og oppf\u00f8lging m\u00e5 skje f\u00f8r det er for sent, avslutter Hagen, som sender en direkte utfordring til regjeringen og Stortinget.<\/p>\n<p>  <strong>Dette foresl\u00e5r Carl I. Hagen:<\/strong><\/p>\n<ul>\n<li>Kartlegging av landbakgrunn for unge kriminelle, s\u00e6rlig gjengangere.<\/li>\n<li>Etablering av egne integreringskonsulenter i utsatte kommuner.<\/li>\n<li>Plikt til \u00e5 rapportere om brudd p\u00e5 norske verdier og oppdragelsesnormer.<\/li>\n<li>B\u00f8ter, kutt i ytelser eller tap av statsborgerskap ved alvorlige brudd.<\/li>\n<li>Oppf\u00f8lging av familier allerede ved graviditet for \u00e5 sikre tidlig innsats.<\/li>\n<li>Forbud mot hijab for jenter under 18 \u00e5r.<\/li>\n<li>Ny integreringslov med tydelige plikter, rettigheter og verdigrunnlag.<\/li>\n<\/ul>\n<p style=\"font-size:13px; color:#666;\">Kilde: Carl I. Hagen \/ Nettavisen<\/p>\n","protected":false},"excerpt":{"rendered":"Frp-nestor Carl I. Hagen tar til orde for en helt ny integreringspolitikk. I et innlegg i Nettavisen fredag&hellip;\n","protected":false},"author":2,"featured_media":77276,"comment_status":"","ping_status":"","sticky":false,"template":"","format":"standard","meta":{"footnotes":""},"categories":[10],"tags":[20,21,9501,24,25,15,10654,4233,148,22,23,13,30,28,29,14,16,26,27],"class_list":{"0":"post-77275","1":"post","2":"type-post","3":"status-publish","4":"format-standard","5":"has-post-thumbnail","7":"category-norge","8":"tag-breaking-news","9":"tag-breakingnews","10":"tag-carl-i-hagen","11":"tag-featured-news","12":"tag-featurednews","13":"tag-headlines","14":"tag-innvandrere","15":"tag-integrering","16":"tag-kriminalitet","17":"tag-latest-news","18":"tag-latestnews","19":"tag-news","20":"tag-no","21":"tag-norge","22":"tag-norway","23":"tag-nyheter","24":"tag-overskrifter","25":"tag-top-stories","26":"tag-topstories"},"share_on_mastodon":{"url":"","error":""},"_links":{"self":[{"href":"https:\/\/www.europesays.com\/no\/wp-json\/wp\/v2\/posts\/77275","targetHints":{"allow":["GET"]}}],"collection":[{"href":"https:\/\/www.europesays.com\/no\/wp-json\/wp\/v2\/posts"}],"about":[{"href":"https:\/\/www.europesays.com\/no\/wp-json\/wp\/v2\/types\/post"}],"author":[{"embeddable":true,"href":"https:\/\/www.europesays.com\/no\/wp-json\/wp\/v2\/users\/2"}],"replies":[{"embeddable":true,"href":"https:\/\/www.europesays.com\/no\/wp-json\/wp\/v2\/comments?post=77275"}],"version-history":[{"count":0,"href":"https:\/\/www.europesays.com\/no\/wp-json\/wp\/v2\/posts\/77275\/revisions"}],"wp:featuredmedia":[{"embeddable":true,"href":"https:\/\/www.europesays.com\/no\/wp-json\/wp\/v2\/media\/77276"}],"wp:attachment":[{"href":"https:\/\/www.europesays.com\/no\/wp-json\/wp\/v2\/media?parent=77275"}],"wp:term":[{"taxonomy":"category","embeddable":true,"href":"https:\/\/www.europesays.com\/no\/wp-json\/wp\/v2\/categories?post=77275"},{"taxonomy":"post_tag","embeddable":true,"href":"https:\/\/www.europesays.com\/no\/wp-json\/wp\/v2\/tags?post=77275"}],"curies":[{"name":"wp","href":"https:\/\/api.w.org\/{rel}","templated":true}]}}