{"id":77328,"date":"2025-11-03T14:54:10","date_gmt":"2025-11-03T14:54:10","guid":{"rendered":"https:\/\/www.europesays.com\/no\/77328\/"},"modified":"2025-11-03T14:54:10","modified_gmt":"2025-11-03T14:54:10","slug":"jfks-barnebarn-om-julia-fox-kostyme-avskyelig","status":"publish","type":"post","link":"https:\/\/www.europesays.com\/no\/77328\/","title":{"rendered":"JFKs barnebarn om Julia Fox-kostyme: \u2013 Avskyelig"},"content":{"rendered":"\n<p class=\"_lead_o9xde_2 _lead_xtcu6_50 layout-component text-serif-m layout-normal text-serif-l layout-component layout-wide layout-padded _wide_17hqh_1 layout-padded\">Julia Fox (35) kom p\u00e5 Halloweenfest i New York med \u00abblodig\u00bb antrekk \u2013 for \u00e5 forestille Jackie Kennedy etter attentatet p\u00e5 president-ektemannen i 1963.<\/p>\n<p><img alt=\"OMSTRIDT: Julia Fox p\u00e5 kostymefest i New York i forrige uke. Foto: Andy Kropa \/ AP \/ NTB\" class=\"_image_qp4xg_65 layout-component layout-wide\" data-fullscreen- data-track-element-type=\"Article image fullscreen\" data-track-name=\"ImageFullscreen\" fetchpriority=\"high\" decoding=\"sync\" loading=\"eager\" height=\"4062\" itemprop=\"image\"  src=\"https:\/\/www.europesays.com\/no\/wp-content\/uploads\/2025\/11\/a38f89bc-c47e-40cf-ad51-eda8f2be0326\"  style=\"object-position:0% 0%\" width=\"6093\"\/>OMSTRIDT: Julia Fox p\u00e5 kostymefest i New York i forrige uke. Foto: Andy Kropa \/ AP \/ NTB<\/p>\n<ul aria-hidden=\"true\" class=\"_images_18f0k_111\">\n<li><a class=\"_link_18f0k_116\" href=\"https:\/\/www.vg.no\/forfatter\/catherine-gonsholt-ighanian\" style=\"z-index:1\" title=\"Catherine Gonsholt Ighanian\" rel=\"nofollow noopener\" target=\"_blank\"><img alt=\"Bilde av Catherine Gonsholt Ighanian\" class=\"_image_18f0k_93\" fetchpriority=\"low\" loading=\"lazy\" decoding=\"async\" itemprop=\"image\"  src=\"https:\/\/www.europesays.com\/no\/wp-content\/uploads\/2025\/11\/1762181649_985_72dca32d-ee6f-474c-a50e-72a9bb49f38a\"  width=\"480\"\/><\/a><\/li>\n<\/ul>\n<p> Oppdatert mandag 3. november kl. 14:00    <\/p>\n<ul class=\"_list_o9xde_3 _list_64s2r_85 _unordered_o9xde_106 text-sans-m\">\n<li class=\"_item_o9xde_30\">Julia Fox (35) kom p\u00e5 Halloween-fest i \u00abblodig\u00bb Jackie Kennedy-look fra attentatet i 1963, og utl\u00f8ste kraftige reaksjoner p\u00e5 X.<\/li>\n<li class=\"_item_o9xde_30\">Jack Schlossberg, barnebarn av John F. og Jackie Kennedy, reagerer.<\/li>\n<li class=\"_item_o9xde_30\">Fox forsvarer p\u00e5 Instagram at det var et \u00abstatement\u00bb, og har stengt kommentarfeltet.<\/li>\n<\/ul>\n<p>Vis mer <\/p>\n<p class=\"_paragraph_o9xde_4 _paragraph_xtcu6_10 layout-component text-serif-m layout-normal text-serif-m layout-padded\">Den amerikanske skuespilleren og modellen har f\u00e5tt mye kritikk i etterkant.<\/p>\n<p class=\"_paragraph_o9xde_4 _paragraph_xtcu6_10 layout-component text-serif-m layout-normal text-serif-m layout-padded\">P\u00e5 <a href=\"https:\/\/x.com\/search?q=Julia%20fox%20kennedy&amp;src=typed_query\" class=\"_link_o9xde_39\" rel=\"nofollow\">X<\/a> debatteres det heftig om det var innafor eller ikke.<\/p>\n<p class=\"_paragraph_o9xde_4 _paragraph_xtcu6_10 layout-component text-serif-m layout-normal text-serif-m layout-padded\">Blant dem som reagerer, er Jack Schlossberg (32), barnebarn av avd\u00f8de John F. Kennedy og Jackie Kennedy.<\/p>\n<p class=\"_paragraph_o9xde_4 _paragraph_xtcu6_10 layout-component text-serif-m layout-normal text-serif-m layout-padded\">\u00ab<a href=\"https:\/\/www.vg.no\/tag\/julia-fox?utm_source=vg-article&amp;utm_medium=auto-tagger&amp;utm_campaign=dRogeX\" class=\"_link_o9xde_39\" rel=\"nofollow noopener\" target=\"_blank\">Julia Fox<\/a> som glorifiserer politisk vold, er avskyelig, desperat og farlig\u00bb, skriver han p\u00e5 X.<\/p>\n<p class=\"_paragraph_o9xde_4 _paragraph_xtcu6_10 layout-component text-serif-m layout-normal text-serif-m layout-padded\">Han <\/p>\n<p class=\"_paragraph_o9xde_4 _paragraph_xtcu6_10 layout-component text-serif-m layout-normal text-serif-m layout-padded\">\u00abJeg er sikker p\u00e5 at <strong class=\"_strong_o9xde_25\">hennes<\/strong> avd\u00f8de bestemor ville v\u00e6rt enig\u00bb, legger han til \u2013 og trekker dermed inn Fox sin egen slekt.<\/p>\n<p class=\"_paragraph_o9xde_4 _paragraph_xtcu6_10 layout-component text-serif-m layout-normal text-serif-m layout-padded\">Schlossberg er forfatter og politisk kommentator.<\/p>\n<p class=\"_paragraph_o9xde_4 _paragraph_xtcu6_10 layout-component text-serif-m layout-normal text-serif-m layout-padded\">President John F. Kennedy ble <a href=\"https:\/\/www.vg.no\/nyheter\/i\/lwk2VG\/reuters-usa-har-frigitt-dokumenter-om-kennedy-attentatet\" data-track-element-type=\"Link\" data-track-id=\"link:lwk2VG\" class=\"_link_o9xde_39\" rel=\"nofollow noopener\" target=\"_blank\">skutt og drept<\/a> mens han kj\u00f8rte en \u00e5pen bil under et bes\u00f8k i Dallas i Texas 22. november 1963. Kona Jackie satt ved siden av ham i bilen.<\/p>\n<p class=\"_root_1xq52_1\" lang=\"en\" dir=\"auto\">Julia Fox glorifying political violence is disgusting, desperate and  dangerous.  I\u2019m sure her late grandmother would agree.<\/p>\n<p class=\"_paragraph_o9xde_4 _paragraph_xtcu6_10 layout-component text-serif-m layout-normal text-serif-m layout-padded\">Julia Fox forsvarer seg p\u00e5 <a href=\"https:\/\/www.instagram.com\/p\/DQe2fVDkVv8\/?img_index=1\" class=\"_link_o9xde_39\" rel=\"nofollow noopener\" target=\"_blank\">Instagram<\/a>, der hun skriver at hun valgte \u00e5 kle seg som Jackie Kennedy \u2013 ikke som kostyme, men som et \u00abstatement\u00bbet \u00abstatement\u00bben erkl\u00e6ring.<\/p>\n<p class=\"_paragraph_o9xde_4 _paragraph_xtcu6_10 layout-component text-serif-m layout-normal text-serif-m layout-padded\">\u00abDa ektemannen hennes ble drept, nektet hun \u00e5 skifte ut de blodige kl\u00e6rne, og sa: \u00abJeg vil at de skal se hva de har gjort.\u00bb Bildet av den skj\u00f8re, rosa drakten tils\u00f8lt av blod er en av de mest gruvekkende kontrastene i moderne historie. Skj\u00f8nnhet og gru\u00bb, skriver Fox.<\/p>\n<p><img alt=\"Julia Fox p\u00e5 Halloween-festen i New York torsdag.  Foto: Andy Kropa \/ AP \/ NTB\" class=\"_image_qp4xg_65 layout-component layout-normal\" data-fullscreen- data-track-element-type=\"Article image fullscreen\" data-track-name=\"ImageFullscreen\" decoding=\"async\" loading=\"lazy\" height=\"6334\" itemprop=\"image\"  src=\"https:\/\/www.europesays.com\/no\/wp-content\/uploads\/2025\/11\/cdb90843-a65b-435d-8681-4eb03375aa74\"  style=\"object-position:0% 0%\" width=\"4223\"\/>Julia Fox p\u00e5 Halloween-festen i New York torsdag.  Foto: Andy Kropa \/ AP \/ NTB<\/p>\n<p class=\"_paragraph_o9xde_4 _paragraph_xtcu6_10 layout-component text-serif-m layout-normal text-serif-m layout-padded\"> Fox forklarer at hun \u00f8nsket \u00e5 hylle Jacke Kennedy:<\/p>\n<p class=\"_paragraph_o9xde_4 _paragraph_xtcu6_10 layout-component text-serif-m layout-normal text-serif-m layout-padded\">\u00abHennes beslutning om \u00e5 ikke skifte kl\u00e6r, selv etter at hun ble oppfordret til det, var en handling av usedvanlig mot. Det var b\u00e5de en forestilling, en protest og en sorgprosess p\u00e5 \u00e9n og samme tid.\u00bb <\/p>\n<p class=\"_paragraph_o9xde_4 _paragraph_xtcu6_10 layout-component text-serif-m layout-normal text-serif-m layout-padded\">Fox beskriver Jackie Kennedy som en kvinne som brukte sitt ytre og sin eleganse som v\u00e5pen for \u00e5 avdekke brutalitet. <\/p>\n<p class=\"_paragraph_o9xde_4 _paragraph_xtcu6_10 layout-component text-serif-m layout-normal text-serif-m layout-padded\">\u00abLeve Jackie O.\u00bb, rundet hun av.<\/p>\n<p class=\"_paragraph_o9xde_4 _paragraph_xtcu6_10 layout-component text-serif-m layout-normal text-serif-m layout-padded\"><strong class=\"_strong_o9xde_25\">Hun har stengt muligheten for \u00e5 kommentere.<\/strong><\/p>\n<p class=\"_paragraph_o9xde_4 _paragraph_xtcu6_10 layout-component text-serif-m layout-normal text-serif-m layout-padded\"><a href=\"https:\/\/www.huffpost.com\/entry\/jack-schlossberg-julia-fox-jackie-kennedy-costume_n_6907a55be4b0c4a0f5096405\" class=\"_link_o9xde_39\" rel=\"nofollow noopener\" target=\"_blank\">Huffington Post<\/a> er blant mediene som omtaler kontroversen.<\/p>\n<p class=\"_paragraph_o9xde_4 _paragraph_xtcu6_10 layout-component text-serif-m layout-normal text-serif-m layout-padded\">F\u00e5tt med deg disse Halloween-stuntene p\u00e5 VGTV?<\/p>\n<p>Les ogs\u00e5<br \/>\n    <script async src=\"\/\/www.instagram.com\/embed.js\"><\/script><\/p>\n","protected":false},"excerpt":{"rendered":"Julia Fox (35) kom p\u00e5 Halloweenfest i New York med \u00abblodig\u00bb antrekk \u2013 for \u00e5 forestille Jackie Kennedy&hellip;\n","protected":false},"author":2,"featured_media":77329,"comment_status":"","ping_status":"","sticky":false,"template":"","format":"standard","meta":{"footnotes":""},"categories":[58],"tags":[71,8568,10662,9081,30,28,29,72],"class_list":{"0":"post-77328","1":"post","2":"type-post","3":"status-publish","4":"format-standard","5":"has-post-thumbnail","7":"category-underholdning","8":"tag-entertainment","9":"tag-halloween","10":"tag-jackie-kennedy","11":"tag-julia-fox","12":"tag-no","13":"tag-norge","14":"tag-norway","15":"tag-underholdning"},"share_on_mastodon":{"url":"https:\/\/pubeurope.com\/@no\/115486344331185923","error":""},"_links":{"self":[{"href":"https:\/\/www.europesays.com\/no\/wp-json\/wp\/v2\/posts\/77328","targetHints":{"allow":["GET"]}}],"collection":[{"href":"https:\/\/www.europesays.com\/no\/wp-json\/wp\/v2\/posts"}],"about":[{"href":"https:\/\/www.europesays.com\/no\/wp-json\/wp\/v2\/types\/post"}],"author":[{"embeddable":true,"href":"https:\/\/www.europesays.com\/no\/wp-json\/wp\/v2\/users\/2"}],"replies":[{"embeddable":true,"href":"https:\/\/www.europesays.com\/no\/wp-json\/wp\/v2\/comments?post=77328"}],"version-history":[{"count":0,"href":"https:\/\/www.europesays.com\/no\/wp-json\/wp\/v2\/posts\/77328\/revisions"}],"wp:featuredmedia":[{"embeddable":true,"href":"https:\/\/www.europesays.com\/no\/wp-json\/wp\/v2\/media\/77329"}],"wp:attachment":[{"href":"https:\/\/www.europesays.com\/no\/wp-json\/wp\/v2\/media?parent=77328"}],"wp:term":[{"taxonomy":"category","embeddable":true,"href":"https:\/\/www.europesays.com\/no\/wp-json\/wp\/v2\/categories?post=77328"},{"taxonomy":"post_tag","embeddable":true,"href":"https:\/\/www.europesays.com\/no\/wp-json\/wp\/v2\/tags?post=77328"}],"curies":[{"name":"wp","href":"https:\/\/api.w.org\/{rel}","templated":true}]}}