{"id":77354,"date":"2025-11-03T15:16:09","date_gmt":"2025-11-03T15:16:09","guid":{"rendered":"https:\/\/www.europesays.com\/no\/77354\/"},"modified":"2025-11-03T15:16:09","modified_gmt":"2025-11-03T15:16:09","slug":"fotballspiller-jonathan-gjoshe-skadet-i-togangrepet-i-england","status":"publish","type":"post","link":"https:\/\/www.europesays.com\/no\/77354\/","title":{"rendered":"Fotballspiller Jonathan Gjoshe skadet i togangrepet i England"},"content":{"rendered":"\n<p class=\"_lead_o9xde_2 _lead_xtcu6_50 layout-component text-serif-m layout-normal text-serif-l layout-component layout-wide layout-padded _wide_17hqh_1 layout-padded\">22 \u00e5r gamle Jonathan Gjoshe ligger p\u00e5 sykehus.<\/p>\n<p><img alt=\" Foto: Chris Radburn \/ Pa Photos \/ NTB\" class=\"_image_qp4xg_65 layout-component layout-wide\" data-fullscreen- data-track-element-type=\"Article image fullscreen\" data-track-name=\"ImageFullscreen\" fetchpriority=\"high\" decoding=\"sync\" loading=\"eager\" height=\"4000\" itemprop=\"image\"  src=\"https:\/\/www.europesays.com\/no\/wp-content\/uploads\/2025\/11\/13e3ec28-761f-40d1-8d73-3c7527a2c6dd\"  style=\"object-position:0% 0%\" width=\"6000\"\/> Foto: Chris Radburn \/ Pa Photos \/ NTB<\/p>\n<ul aria-hidden=\"true\" class=\"_images_18f0k_111\">\n<li><a class=\"_link_18f0k_116\" href=\"https:\/\/www.vg.no\/forfatter\/synne-sofie-christiansen-2\" style=\"z-index:1\" title=\"Synne Sofie Christiansen\" rel=\"nofollow noopener\" target=\"_blank\"><img alt=\"Bilde av Synne Sofie Christiansen\" class=\"_image_18f0k_93\" fetchpriority=\"low\" loading=\"lazy\" decoding=\"async\" itemprop=\"image\"  src=\"https:\/\/www.europesays.com\/no\/wp-content\/uploads\/2025\/11\/1762182969_18_8d683f6f-f2ba-47ca-8bcc-2db625b33cb1\"  width=\"480\"\/><\/a><\/li>\n<\/ul>\n<p> Oppdatert mandag 3. november kl. 15:53    <\/p>\n<ul class=\"_list_o9xde_3 _list_64s2r_85 _unordered_o9xde_106 text-sans-m\">\n<li class=\"_item_o9xde_30\">Fotballspiller Jonathan Gjoshe ble skadet i et angrep p\u00e5 et tog i England.<\/li>\n<li class=\"_item_o9xde_30\">Gjoshe p\u00e5dro seg ikke livstruende skader, men ligger fortsatt p\u00e5 sykehus.<\/li>\n<li class=\"_item_o9xde_30\">To menn i 30-\u00e5rene er p\u00e5grepet. Politiet mener ikke det er en terrorhendelse.<\/li>\n<li class=\"_item_o9xde_30\">Scunthorpe United sender sine beste \u00f8nsker om bedring til Gjoshe og alle ofrene.<\/li>\n<\/ul>\n<p>Vis mer <\/p>\n<p class=\"_paragraph_o9xde_4 _paragraph_xtcu6_10 layout-component text-serif-m layout-normal text-serif-m layout-padded\">Fotballspilleren Jonathan Gjoshe fra den engelske klubben Scunthorpe United var blant ofrene i angrepet som skjedde p\u00e5 et tog p\u00e5 vei til London l\u00f8rdag kveld. <\/p>\n<p class=\"_paragraph_o9xde_4 _paragraph_xtcu6_10 layout-component text-serif-m layout-normal text-serif-m layout-padded\">Gjoshe p\u00e5dro seg skader som ikke er livstruende, men ligger fortsatt p\u00e5 sykehus,\u00a0<a href=\"https:\/\/www.scunthorpe-united.co.uk\/news\/2025\/november\/club-statement-jonathan-gjoshe\/\" class=\"_link_o9xde_39\" rel=\"nofollow noopener\" target=\"_blank\">skriver klubben i en pressemelding<\/a>.<\/p>\n<p class=\"_paragraph_o9xde_4 _paragraph_xtcu6_10 layout-component text-serif-m layout-normal text-serif-m layout-padded\">Klubben kan ikke gi flere opplysninger p\u00e5 grunn av p\u00e5g\u00e5ende etterforskning.<\/p>\n<p class=\"_paragraph_o9xde_4 _paragraph_xtcu6_10 layout-component text-serif-m layout-normal text-serif-m layout-padded\">\u2013 Alle i klubben, fra styret, ledelsen og lagkameratene hans, sammen med personalet bak kulissene, sender v\u00e5re hjertelige \u00f8nsker til Jonathan om en full bedring, skriver Scunthorpe United, som spiller p\u00e5 niv\u00e5 fem i England. <\/p>\n<p class=\"_paragraph_o9xde_4 _paragraph_xtcu6_10 layout-component text-serif-m layout-normal text-serif-m layout-padded\">Klubben utvider ogs\u00e5 sine \u00f8nsker om god bedring til alle ofrene som var om bord p\u00e5 toget. Klubben opplyser at de vil komme med flere oppdateringer n\u00e5r etterforskningen tillater det.<\/p>\n<p><img alt=\"Foto: Chris Radburn \/ Pa Photos \/ NTB\" class=\"_image_qp4xg_65 layout-component layout-normal\" data-fullscreen- data-track-element-type=\"Article image fullscreen\" data-track-name=\"ImageFullscreen\" decoding=\"async\" loading=\"lazy\" height=\"4000\" itemprop=\"image\"  src=\"https:\/\/www.europesays.com\/no\/wp-content\/uploads\/2025\/11\/d50208bd-dd53-4017-9f1c-8570fcbf5b07\"  style=\"object-position:0% 0%\" width=\"6000\"\/>Foto: Chris Radburn \/ Pa Photos \/ NTB<\/p>\n<p class=\"_paragraph_o9xde_4 _paragraph_xtcu6_10 layout-component text-serif-m layout-normal text-serif-m layout-padded\">Hendelsen fant sted p\u00e5 et tog i Cambridgeshire i England l\u00f8rdag kveld. Elleve personer p\u00e5dro seg stikkskader og s\u00f8ndag opplyste politiet at to fremdeles er livstruende skadet. <\/p>\n<p class=\"_paragraph_o9xde_4 _paragraph_xtcu6_10 layout-component text-serif-m layout-normal text-serif-m layout-padded\">To menn i 30-\u00e5rene ble f\u00f8rst p\u00e5grepet for handlingen, men senere meldte <a href=\"https:\/\/www.bbc.com\/news\/live\/cm2zvjx1z14t\" class=\"_link_o9xde_39\" rel=\"nofollow noopener\" target=\"_blank\">BBC<\/a> at en av de p\u00e5grepne ble l\u00f8slatt og at det er en mistenkt etter togstikkingen. <\/p>\n<p class=\"_paragraph_o9xde_4 _paragraph_xtcu6_10 layout-component text-serif-m layout-normal text-serif-m layout-padded\">Politiet sier de ikke har konkludert med motivet for handlingen enda, men:<\/p>\n<p class=\"_paragraph_o9xde_4 _paragraph_xtcu6_10 layout-component text-serif-m layout-normal text-serif-m layout-padded\">\u2013 Det er ingenting som tyder p\u00e5 at dette er en terrorhendelse, sa britisk transportpoliti s\u00f8ndag formiddag. <\/p>\n","protected":false},"excerpt":{"rendered":"22 \u00e5r gamle Jonathan Gjoshe ligger p\u00e5 sykehus. Foto: Chris Radburn \/ Pa Photos \/ NTB Oppdatert mandag&hellip;\n","protected":false},"author":2,"featured_media":77355,"comment_status":"","ping_status":"","sticky":false,"template":"","format":"standard","meta":{"footnotes":""},"categories":[12],"tags":[20,21,24,25,92,15,22,23,13,30,28,29,14,16,26,27,42,43,44,45],"class_list":{"0":"post-77354","1":"post","2":"type-post","3":"status-publish","4":"format-standard","5":"has-post-thumbnail","7":"category-verden","8":"tag-breaking-news","9":"tag-breakingnews","10":"tag-featured-news","11":"tag-featurednews","12":"tag-fotball","13":"tag-headlines","14":"tag-latest-news","15":"tag-latestnews","16":"tag-news","17":"tag-no","18":"tag-norge","19":"tag-norway","20":"tag-nyheter","21":"tag-overskrifter","22":"tag-top-stories","23":"tag-topstories","24":"tag-verden","25":"tag-world","26":"tag-world-news","27":"tag-worldnews"},"share_on_mastodon":{"url":"https:\/\/pubeurope.com\/@no\/115486430782138986","error":""},"_links":{"self":[{"href":"https:\/\/www.europesays.com\/no\/wp-json\/wp\/v2\/posts\/77354","targetHints":{"allow":["GET"]}}],"collection":[{"href":"https:\/\/www.europesays.com\/no\/wp-json\/wp\/v2\/posts"}],"about":[{"href":"https:\/\/www.europesays.com\/no\/wp-json\/wp\/v2\/types\/post"}],"author":[{"embeddable":true,"href":"https:\/\/www.europesays.com\/no\/wp-json\/wp\/v2\/users\/2"}],"replies":[{"embeddable":true,"href":"https:\/\/www.europesays.com\/no\/wp-json\/wp\/v2\/comments?post=77354"}],"version-history":[{"count":0,"href":"https:\/\/www.europesays.com\/no\/wp-json\/wp\/v2\/posts\/77354\/revisions"}],"wp:featuredmedia":[{"embeddable":true,"href":"https:\/\/www.europesays.com\/no\/wp-json\/wp\/v2\/media\/77355"}],"wp:attachment":[{"href":"https:\/\/www.europesays.com\/no\/wp-json\/wp\/v2\/media?parent=77354"}],"wp:term":[{"taxonomy":"category","embeddable":true,"href":"https:\/\/www.europesays.com\/no\/wp-json\/wp\/v2\/categories?post=77354"},{"taxonomy":"post_tag","embeddable":true,"href":"https:\/\/www.europesays.com\/no\/wp-json\/wp\/v2\/tags?post=77354"}],"curies":[{"name":"wp","href":"https:\/\/api.w.org\/{rel}","templated":true}]}}