{"id":77379,"date":"2025-11-03T15:33:17","date_gmt":"2025-11-03T15:33:17","guid":{"rendered":"https:\/\/www.europesays.com\/no\/77379\/"},"modified":"2025-11-03T15:33:17","modified_gmt":"2025-11-03T15:33:17","slug":"sport-ole-gunnar-solskjaer-nye-rykter-spennende-navn","status":"publish","type":"post","link":"https:\/\/www.europesays.com\/no\/77379\/","title":{"rendered":"Sport, Ole Gunnar Solskj\u00e6r | Nye rykter: \u2013 Spennende navn"},"content":{"rendered":"\n<p>J\u00f8rgen Strand Larsen sier i et intervju med <a href=\"https:\/\/www.ha-halden.no\/jeg-har-mye-a-takke-vitor-for-men-sann-er-fotballen\/s\/5-20-1809998\" rel=\"nofollow noopener\" target=\"_blank\">Halden Arbeiderblad<\/a> at det er trist at V\u00edtor Pereira m\u00e5tte forlate managerjobben i Wolverhampton, men \u00e5pner for at klubben likevel tok et riktig valg.<\/p>\n<p>Wolves kvittet seg med portugiseren s\u00f8ndag etter en lang periode med svake resultater.<\/p>\n<p>Solskj\u00e6r kobles med Wolves-jobben<\/p>\n<p>\u2013 Det er s\u00e5nn fotballen er. Det har ikke fungert, og da er det kanskje dette vi trenger, sier Strand Larsen.<\/p>\n<p>\u2013 Jeg har mye \u00e5 takke V\u00edtor for. Han hadde tillit til meg i fjor, og var viktig for meg da jeg fant formen. Og han var viktig da laget fant formen utover vinteren, legger han til.<\/p>\n<p>Brendan Rodgers og Ole Gunnar Solskj\u00e6r er nevnt som mulige nye managere i klubben.<\/p>\n<p>   <img decoding=\"async\" width=\"5884\" height=\"3357\" fetchpriority=\"low\"  loading=\"lazy\"  src=\"https:\/\/www.europesays.com\/no\/wp-content\/uploads\/2025\/11\/_DSC1471.JPG\" alt=\"\" class=\"brick-c-cFOWSL\" style=\"--brick-image-ratio: 5884 \/ 3357;\"\/><\/p>\n<p>      B\u00e5de Ole Gunnar Solskj\u00e6r og Brendan Rodgers nevnes i forbindelse med den ledige managerjobben i Wolverhampton.<br \/>\n      Foto: Trygve Strand Joakimsen\n    <\/p>\n<p>\u2013 Det er mange spennende navn som nevnes, vi f\u00e5r nok mer informasjon utover i uka. Det viktigste for oss er \u00e5 f\u00e5 inn en manager som kan tenne en ny gnist i gruppa. Forh\u00e5pentlig kan vi f\u00e5 den samme effekten vi fikk da V\u00edtor kom inn for et \u00e5r siden, sier Strand Larsen.<\/p>\n<p>Solskj\u00e6r har v\u00e6rt uten jobb siden han fikk sparken i tyrkiske Besiktas i slutten av august. Han ble ansatt i januar 2025.<\/p>\n<p>Tidens Krav var p\u00e5 plass da kristiansunderen ledet tyrkerne til hjemmeseier mot byrival Galatasaray i slutten av mars.<\/p>\n<p>  <a href=\"https:\/\/www.tk.no\/5-51-1664568\" class=\"related-teaser has-image default-story-teaser article--c-eRUmMG article--c-eRUmMG-jKCPdD-design-default\" rel=\"nofollow noopener\" target=\"_blank\"><\/p>\n<p>    <img decoding=\"async\" loading=\"lazy\"  src=\"https:\/\/www.europesays.com\/no\/wp-content\/uploads\/2025\/11\/NTB_iY4pgxiMfBw.jpg\" alt=\"\" class=\"brick-c-cFOWSL\" style=\"\"\/><\/p>\n<p>\n            Les ogs\u00e5<\/p>\n<p>              Solskj\u00e6rs dr\u00f8mmekveld: \u2013 Tar av meg hatten\n        <\/p>\n<p>  <\/a><br \/>\n  UEFA-jobb<\/p>\n<p>I midten av september skrev<a href=\"https:\/\/www.nrk.no\/\" rel=\"Follow nofollow noopener\" target=\"_blank\"> NRK<\/a> at Solskj\u00e6r hadde f\u00e5tt nye oppgaver etter at han m\u00e5tte skille lag med Besiktas.<\/p>\n<p>Kristiansunderen er tilbake i UEFA for \u00e5 gj\u00f8re fotballanalyser, en jobb han tidligere har hatt (i 2023 og 2025).<\/p>\n<p>\u2013 Rollen inneb\u00e6rer \u00e5 reise til kamper og analysere den tekniske kvaliteten og den taktiske tiln\u00e6rmingen, i tillegg til \u00e5 k\u00e5re \u00abkampens beste spiller\u00bb, sier Solskj\u00e6r til UEFA, <a href=\"https:\/\/www.nrk.no\/sport\/solskjaer-har-fatt-ny-jobb-1.17573240\" rel=\"Follow nofollow noopener\" target=\"_blank\">if\u00f8lge NRK<\/a>.<\/p>\n<p>\u2013 Det er en fin m\u00e5te \u00e5 f\u00f8lge med topplagene og holde tritt p\u00e5 trendene. Jeg f\u00e5r ogs\u00e5 m\u00f8te nye og gamle fotballbekjente i en mer avslappet setting, sier Solskj\u00e6r.<\/p>\n<p>Kristiansunderen er i sv\u00e6rt fint selskap, andre kjente fotballnavn som UEFA har satt til \u00e5 gj\u00f8re samme jobb er \u2013 blant andre \u2013 Gareth Southgate, Rafa Ben\u00edtez, Frank de Boer, Roy Hodgson og David James.<\/p>\n<p>Pereira fikk ny kontrakt i september<\/p>\n<p>S\u00e5 sent som 18. september fikk V\u00edtor Pereira ny trenerkontrakt med Wolverhampton fram til sommeren 2028. P\u00e5 det tidspunktet sto klubben med null poeng etter fire kamper, og siden har ikke resultatene f\u00e5tt et oppsving.<\/p>\n<p>Wolves har kun to poeng etter ti serierunder. For annet \u00e5r p\u00e5 rad har laget spilt et tosifret antall Premier League-kamper fra sesongstart uten \u00e5 vinne.<\/p>\n<p>L\u00f8rdag r\u00f8k Midlands-klubben 0\u20133 borte mot Fulham. Etterp\u00e5 omtalte Pereira det som den verste prestasjonen under hans ledelse.<\/p>\n<p>  <a href=\"https:\/\/www.tk.no\/5-51-1664291\" class=\"related-teaser has-image default-story-teaser article--c-eRUmMG article--c-eRUmMG-jKCPdD-design-default\" rel=\"nofollow noopener\" target=\"_blank\"><\/p>\n<p>    <img decoding=\"async\" loading=\"lazy\"  src=\"https:\/\/www.europesays.com\/no\/wp-content\/uploads\/2025\/11\/_DSC1514.JPG\" alt=\"\" class=\"brick-c-cFOWSL\" style=\"\"\/><\/p>\n<p>\n            Les ogs\u00e5<\/p>\n<p>              TK m\u00f8tte Solskj\u00e6r i Tyrkia: Derfor valgte han Besiktas\n        <\/p>\n<p>  <\/a><\/p>\n<p>  <a href=\"https:\/\/www.tk.no\/5-51-1757317\" class=\"related-teaser has-image default-story-teaser article--c-eRUmMG article--c-eRUmMG-jKCPdD-design-default\" rel=\"nofollow noopener\" target=\"_blank\"><\/p>\n<p>    <img decoding=\"async\" loading=\"lazy\"  src=\"https:\/\/www.europesays.com\/no\/wp-content\/uploads\/2025\/10\/1760478074_688_GettyImages-2228964902.jpg\" alt=\"\" class=\"brick-c-cFOWSL\" style=\"\"\/><\/p>\n<p>\n            Les ogs\u00e5<\/p>\n<p>              Ettertraktet Solskj\u00e6r kobles til flere jobber\n        <\/p>\n<p>  <\/a><\/p>\n","protected":false},"excerpt":{"rendered":"J\u00f8rgen Strand Larsen sier i et intervju med Halden Arbeiderblad at det er trist at V\u00edtor Pereira m\u00e5tte&hellip;\n","protected":false},"author":2,"featured_media":77035,"comment_status":"","ping_status":"","sticky":false,"template":"","format":"standard","meta":{"footnotes":""},"categories":[5],"tags":[36,20,21,24,25,92,15,19,22,23,17,18,13,30,28,29,14,505,16,83,1510,26,27],"class_list":{"0":"post-77379","1":"post","2":"type-post","3":"status-publish","4":"format-standard","5":"has-post-thumbnail","7":"category-overskrifter","8":"tag-art","9":"tag-breaking-news","10":"tag-breakingnews","11":"tag-featured-news","12":"tag-featurednews","13":"tag-fotball","14":"tag-headlines","15":"tag-hovedoppslag","16":"tag-latest-news","17":"tag-latestnews","18":"tag-main-news","19":"tag-mainnews","20":"tag-news","21":"tag-no","22":"tag-norge","23":"tag-norway","24":"tag-nyheter","25":"tag-ole-gunnar-solskjaer","26":"tag-overskrifter","27":"tag-sport","28":"tag-story","29":"tag-top-stories","30":"tag-topstories"},"share_on_mastodon":{"url":"https:\/\/pubeurope.com\/@no\/115486497606679858","error":""},"_links":{"self":[{"href":"https:\/\/www.europesays.com\/no\/wp-json\/wp\/v2\/posts\/77379","targetHints":{"allow":["GET"]}}],"collection":[{"href":"https:\/\/www.europesays.com\/no\/wp-json\/wp\/v2\/posts"}],"about":[{"href":"https:\/\/www.europesays.com\/no\/wp-json\/wp\/v2\/types\/post"}],"author":[{"embeddable":true,"href":"https:\/\/www.europesays.com\/no\/wp-json\/wp\/v2\/users\/2"}],"replies":[{"embeddable":true,"href":"https:\/\/www.europesays.com\/no\/wp-json\/wp\/v2\/comments?post=77379"}],"version-history":[{"count":0,"href":"https:\/\/www.europesays.com\/no\/wp-json\/wp\/v2\/posts\/77379\/revisions"}],"wp:featuredmedia":[{"embeddable":true,"href":"https:\/\/www.europesays.com\/no\/wp-json\/wp\/v2\/media\/77035"}],"wp:attachment":[{"href":"https:\/\/www.europesays.com\/no\/wp-json\/wp\/v2\/media?parent=77379"}],"wp:term":[{"taxonomy":"category","embeddable":true,"href":"https:\/\/www.europesays.com\/no\/wp-json\/wp\/v2\/categories?post=77379"},{"taxonomy":"post_tag","embeddable":true,"href":"https:\/\/www.europesays.com\/no\/wp-json\/wp\/v2\/tags?post=77379"}],"curies":[{"name":"wp","href":"https:\/\/api.w.org\/{rel}","templated":true}]}}