{"id":77395,"date":"2025-11-03T15:54:09","date_gmt":"2025-11-03T15:54:09","guid":{"rendered":"https:\/\/www.europesays.com\/no\/77395\/"},"modified":"2025-11-03T15:54:09","modified_gmt":"2025-11-03T15:54:09","slug":"erling-braut-haaland-ikke-pa-verdenslaget","status":"publish","type":"post","link":"https:\/\/www.europesays.com\/no\/77395\/","title":{"rendered":"Erling Braut Haaland ikke p\u00e5 verdenslaget"},"content":{"rendered":"\n<p class=\"_lead_o9xde_2 _lead_xtcu6_50 layout-component text-serif-m layout-normal text-serif-l layout-component layout-wide layout-padded _wide_17hqh_1 layout-padded\">Erling Braut Haaland var nominert til \u00e5rets lag i verden for femte gang p\u00e5 rad, men n\u00e5dde ikke opp i avstemningen i regi av spillerorganisasjonen Fifpro.<\/p>\n<p><img alt=\"Erling Braut Haaland n\u00e5dde ikke helt opp i k\u00e5ringen av \u00e5rets lag i verden.  Foto: Ian Hodgson \/ AP \/ NTB\" class=\"_image_qp4xg_65 layout-component layout-wide\" data-fullscreen- data-track-element-type=\"Article image fullscreen\" data-track-name=\"ImageFullscreen\" fetchpriority=\"high\" decoding=\"sync\" loading=\"eager\" height=\"2199\" itemprop=\"image\"  src=\"https:\/\/www.europesays.com\/no\/wp-content\/uploads\/2025\/11\/ab2c213d-d8af-4e3b-bb56-99283fc7b63f\"  style=\"object-position:0% 0%\" width=\"3298\"\/>Erling Braut Haaland n\u00e5dde ikke helt opp i k\u00e5ringen av \u00e5rets lag i verden.  Foto: Ian Hodgson \/ AP \/ NTB<\/p>\n<ul aria-hidden=\"true\" class=\"_images_18f0k_111\">\n<li><a class=\"_link_18f0k_116\" href=\"https:\/\/www.vg.no\/forfatter\/ntb\" style=\"z-index:1\" title=\"NTB\" rel=\"nofollow noopener\" target=\"_blank\"><img alt=\"Bilde av NTB\" class=\"_image_18f0k_93\" fetchpriority=\"low\" loading=\"lazy\" decoding=\"async\" itemprop=\"image\"  src=\"https:\/\/www.europesays.com\/no\/wp-content\/uploads\/2025\/11\/1762185248_262_c33980b0-5d07-4027-84a1-813f90a7c8d6\"  width=\"480\"\/><\/a><\/li>\n<\/ul>\n<p> Oppdatert mandag 3. november kl. 16:48    <\/p>\n<ul class=\"_list_o9xde_3 _list_64s2r_85 _unordered_o9xde_106 text-sans-m\">\n<li class=\"_item_o9xde_30\">Erling Braut Haaland var nominert tils spillerorganisasjonen Fifpros verdenslag for femte gang, men n\u00e5dde ikke opp.<\/li>\n<li class=\"_item_o9xde_30\">Ingen nordmenn kom med i \u00e5rets ellever.<\/li>\n<li class=\"_item_o9xde_30\">Laget inkluderte kjente navn som Gianluigi Donnarumma, Kylian Mbapp\u00e9 og Jude Bellingham.<\/li>\n<\/ul>\n<p>Vis mer <\/p>\n<p class=\"_paragraph_o9xde_4 _paragraph_xtcu6_10 layout-component text-serif-m layout-normal text-serif-m layout-padded\"> Det er ingen nordmenn med i elleveren som <a href=\"https:\/\/x.com\/FIFPRO\/status\/1985361143464853610\" class=\"_link_o9xde_39\" rel=\"nofollow\">Fifpro presenterte<\/a> mandag ettermiddag. Haaland var blant 26 nominerte spillere i k\u00e5ringen.<\/p>\n<p class=\"_paragraph_o9xde_4 _paragraph_xtcu6_10 layout-component text-serif-m layout-normal text-serif-m layout-padded\">Det er fotballspillere verden over som har stemt fram de elleve spillerne som har f\u00e5tt plass p\u00e5 verdenslaget. Laget ser slik ut:<\/p>\n<p class=\"_paragraph_o9xde_4 _paragraph_xtcu6_10 layout-component text-serif-m layout-normal text-serif-m layout-padded\"><strong class=\"_strong_o9xde_25\">Keeper: <\/strong>Gianluigi Donnarumma (Italia).<\/p>\n<p class=\"_paragraph_o9xde_4 _paragraph_xtcu6_10 layout-component text-serif-m layout-normal text-serif-m layout-padded\"><strong class=\"_strong_o9xde_25\">Backer: <\/strong>Achraf Hakimi (Marokko), Virgil van Dijk (Nederland), Nuno Mendes (Portugal).<\/p>\n<p class=\"_paragraph_o9xde_4 _paragraph_xtcu6_10 layout-component text-serif-m layout-normal text-serif-m layout-padded\"><strong class=\"_strong_o9xde_25\">Midtbanespillere: <\/strong>Cole Palmer (England), Jude Bellingham (England), Pedri (Spania), Vitinha (Portugal).<\/p>\n<p class=\"_paragraph_o9xde_4 _paragraph_xtcu6_10 layout-component text-serif-m layout-normal text-serif-m layout-padded\"><strong class=\"_strong_o9xde_25\">Spisser: <\/strong>Lamine Yamal (Spania), Kylian Mbapp\u00e9 (Frankrike), Ousmane Demb\u00e9l\u00e9 (Frankrike).<\/p>\n<p><img alt=\"Ousmane Demb\u00e9l\u00e9 vant nylig gullballen og f\u00e5r mer heder i Fifpros verdenslag-k\u00e5ring.   Foto: Martin Meissner \/ AP \/ NTB\" class=\"_image_qp4xg_65 layout-component layout-normal\" data-fullscreen- data-track-element-type=\"Article image fullscreen\" data-track-name=\"ImageFullscreen\" decoding=\"async\" loading=\"lazy\" height=\"1333\" itemprop=\"image\"  src=\"https:\/\/www.europesays.com\/no\/wp-content\/uploads\/2025\/11\/f65c3b0f-a052-4090-88d8-b9baed73cbdd\"  style=\"object-position:0% 0%\" width=\"2000\"\/>Ousmane Demb\u00e9l\u00e9 vant nylig gullballen og f\u00e5r mer heder i Fifpros verdenslag-k\u00e5ring.   Foto: Martin Meissner \/ AP \/ NTB<\/p>\n<p class=\"_paragraph_o9xde_4 _paragraph_xtcu6_10 layout-component text-serif-m layout-normal text-serif-m layout-padded\">Haaland har v\u00e6rt p\u00e5 verdenslaget de fire foreg\u00e5ende \u00e5rene, men m\u00f8tte for sterk konkurranse i \u00e5r. Blant andre nominerte spisser som ikke n\u00e5dde opp i k\u00e5ringen, var Mohamed Salah og legendeduoen Lionel Messi og Cristiano Ronaldo.<\/p>\n<p class=\"_paragraph_o9xde_4 _paragraph_xtcu6_10 layout-component text-serif-m layout-normal text-serif-m layout-padded\"><a href=\"https:\/\/x.com\/FIFPRO\/status\/1985330905532043264\/photo\/1\" class=\"_link_o9xde_39\" rel=\"nofollow\">Kvinnenes verdenslag<\/a>\u00a0er engelskdominert med seks England-spillere i elleveren. Ingen norske spillere var nominert i k\u00e5ringen.<\/p>\n<p class=\"_paragraph_o9xde_4 _paragraph_xtcu6_10 layout-component text-serif-m layout-normal text-serif-m layout-padded\">Laget ser slik ut:<\/p>\n<p class=\"_paragraph_o9xde_4 _paragraph_xtcu6_10 layout-component text-serif-m layout-normal text-serif-m layout-padded\">Keeper: Hannah Hampton (England).<\/p>\n<p class=\"_paragraph_o9xde_4 _paragraph_xtcu6_10 layout-component text-serif-m layout-normal text-serif-m layout-padded\">Backer: Lucy Bronze (England), Millie Bright (England), Leah Williamson (England), Ona Batlle (Spania).<\/p>\n<p class=\"_paragraph_o9xde_4 _paragraph_xtcu6_10 layout-component text-serif-m layout-normal text-serif-m layout-padded\">Midtbanespillere: Aitana Bonmat\u00ed (Spania), Alexia Putellas (Spania), Ghizlane Chebbak (Marokko).<\/p>\n<p class=\"_paragraph_o9xde_4 _paragraph_xtcu6_10 layout-component text-serif-m layout-normal text-serif-m layout-padded\">Spisser: Chloe Kelly (England), Barbra Banda (Zambia), Alessia Russo (England).<\/p>\n","protected":false},"excerpt":{"rendered":"Erling Braut Haaland var nominert til \u00e5rets lag i verden for femte gang p\u00e5 rad, men n\u00e5dde ikke&hellip;\n","protected":false},"author":2,"featured_media":77396,"comment_status":"","ping_status":"","sticky":false,"template":"","format":"standard","meta":{"footnotes":""},"categories":[59],"tags":[810,92,30,28,29,83,82],"class_list":{"0":"post-77395","1":"post","2":"type-post","3":"status-publish","4":"format-standard","5":"has-post-thumbnail","7":"category-sport","8":"tag-erling-braut-haaland","9":"tag-fotball","10":"tag-no","11":"tag-norge","12":"tag-norway","13":"tag-sport","14":"tag-sports"},"share_on_mastodon":{"url":"https:\/\/pubeurope.com\/@no\/115486580146360441","error":""},"_links":{"self":[{"href":"https:\/\/www.europesays.com\/no\/wp-json\/wp\/v2\/posts\/77395","targetHints":{"allow":["GET"]}}],"collection":[{"href":"https:\/\/www.europesays.com\/no\/wp-json\/wp\/v2\/posts"}],"about":[{"href":"https:\/\/www.europesays.com\/no\/wp-json\/wp\/v2\/types\/post"}],"author":[{"embeddable":true,"href":"https:\/\/www.europesays.com\/no\/wp-json\/wp\/v2\/users\/2"}],"replies":[{"embeddable":true,"href":"https:\/\/www.europesays.com\/no\/wp-json\/wp\/v2\/comments?post=77395"}],"version-history":[{"count":0,"href":"https:\/\/www.europesays.com\/no\/wp-json\/wp\/v2\/posts\/77395\/revisions"}],"wp:featuredmedia":[{"embeddable":true,"href":"https:\/\/www.europesays.com\/no\/wp-json\/wp\/v2\/media\/77396"}],"wp:attachment":[{"href":"https:\/\/www.europesays.com\/no\/wp-json\/wp\/v2\/media?parent=77395"}],"wp:term":[{"taxonomy":"category","embeddable":true,"href":"https:\/\/www.europesays.com\/no\/wp-json\/wp\/v2\/categories?post=77395"},{"taxonomy":"post_tag","embeddable":true,"href":"https:\/\/www.europesays.com\/no\/wp-json\/wp\/v2\/tags?post=77395"}],"curies":[{"name":"wp","href":"https:\/\/api.w.org\/{rel}","templated":true}]}}