{"id":77410,"date":"2025-11-03T16:16:16","date_gmt":"2025-11-03T16:16:16","guid":{"rendered":"https:\/\/www.europesays.com\/no\/77410\/"},"modified":"2025-11-03T16:16:16","modified_gmt":"2025-11-03T16:16:16","slug":"ulykker-og-hendelser-hovik-syklist-til-legevakt-etter-kollisjon-med-bil","status":"publish","type":"post","link":"https:\/\/www.europesays.com\/no\/77410\/","title":{"rendered":"Ulykker og hendelser, H\u00f8vik | Syklist til legevakt etter kollisjon med bil"},"content":{"rendered":"\n<p>Politiet fikk melding om ulykken klokken 06.54. <\/p>\n<p>If\u00f8lge politiets f\u00f8rste melding skal syklisten ha syklet inn i en parkert bil. Men etter \u00e5 ha gjort unders\u00f8kelser og snakket med vitner og bilf\u00f8reren, kan det se ut som at bilen var i bevegelse da kollisjonen skjedde. <\/p>\n<p>\u2013 Etter politiets forst\u00e5else har bilist trolig brutt vikeplikten i krysset Solviksveien \/Sandviksveien. Bilf\u00f8rer har forklart at han ikke observerte syklisten, skriver operasjonsleder i politiet, Christer Martinsen, i en melding til pressen. <\/p>\n<p>Syklisten ble tilsett av ambulansepersonell p\u00e5 stedet, men beskrives som oppeg\u00e5ende av Martinsen. <\/p>\n<p>\u2013 Vedkommende er kj\u00f8rt til legevakt for kontroll, opplyser operasjonslederen. <\/p>\n<p>Ulykken p\u00e5virket ikke trafikken i Sandviksveien. <\/p>\n","protected":false},"excerpt":{"rendered":"Politiet fikk melding om ulykken klokken 06.54. If\u00f8lge politiets f\u00f8rste melding skal syklisten ha syklet inn i en&hellip;\n","protected":false},"author":2,"featured_media":77411,"comment_status":"","ping_status":"","sticky":false,"template":"","format":"standard","meta":{"footnotes":""},"categories":[10],"tags":[36,20,21,24,25,15,7647,22,23,13,30,28,29,14,16,254,1510,26,27,941],"class_list":{"0":"post-77410","1":"post","2":"type-post","3":"status-publish","4":"format-standard","5":"has-post-thumbnail","7":"category-norge","8":"tag-art","9":"tag-breaking-news","10":"tag-breakingnews","11":"tag-featured-news","12":"tag-featurednews","13":"tag-headlines","14":"tag-hovik","15":"tag-latest-news","16":"tag-latestnews","17":"tag-news","18":"tag-no","19":"tag-norge","20":"tag-norway","21":"tag-nyheter","22":"tag-overskrifter","23":"tag-politi","24":"tag-story","25":"tag-top-stories","26":"tag-topstories","27":"tag-ulykker-og-hendelser"},"share_on_mastodon":{"url":"https:\/\/pubeurope.com\/@no\/115486666504944269","error":""},"_links":{"self":[{"href":"https:\/\/www.europesays.com\/no\/wp-json\/wp\/v2\/posts\/77410","targetHints":{"allow":["GET"]}}],"collection":[{"href":"https:\/\/www.europesays.com\/no\/wp-json\/wp\/v2\/posts"}],"about":[{"href":"https:\/\/www.europesays.com\/no\/wp-json\/wp\/v2\/types\/post"}],"author":[{"embeddable":true,"href":"https:\/\/www.europesays.com\/no\/wp-json\/wp\/v2\/users\/2"}],"replies":[{"embeddable":true,"href":"https:\/\/www.europesays.com\/no\/wp-json\/wp\/v2\/comments?post=77410"}],"version-history":[{"count":0,"href":"https:\/\/www.europesays.com\/no\/wp-json\/wp\/v2\/posts\/77410\/revisions"}],"wp:featuredmedia":[{"embeddable":true,"href":"https:\/\/www.europesays.com\/no\/wp-json\/wp\/v2\/media\/77411"}],"wp:attachment":[{"href":"https:\/\/www.europesays.com\/no\/wp-json\/wp\/v2\/media?parent=77410"}],"wp:term":[{"taxonomy":"category","embeddable":true,"href":"https:\/\/www.europesays.com\/no\/wp-json\/wp\/v2\/categories?post=77410"},{"taxonomy":"post_tag","embeddable":true,"href":"https:\/\/www.europesays.com\/no\/wp-json\/wp\/v2\/tags?post=77410"}],"curies":[{"name":"wp","href":"https:\/\/api.w.org\/{rel}","templated":true}]}}