{"id":77511,"date":"2025-11-03T18:34:12","date_gmt":"2025-11-03T18:34:12","guid":{"rendered":"https:\/\/www.europesays.com\/no\/77511\/"},"modified":"2025-11-03T18:34:12","modified_gmt":"2025-11-03T18:34:12","slug":"terese-tenold-skjot-en-elg-med-telefonkabel-rundt-geviret-pa-eidsvoll","status":"publish","type":"post","link":"https:\/\/www.europesays.com\/no\/77511\/","title":{"rendered":"Terese Tenold) skj\u00f8t en elg med telefonkabel rundt geviret p\u00e5 Eidsvoll"},"content":{"rendered":"\n<ul class=\"_list_o9xde_3 _list_64s2r_85 _unordered_o9xde_106 text-sans-m\">\n<li class=\"_item_o9xde_30\">Terese Tenold (33) skj\u00f8t 7. oktober en elgokse i som dro p\u00e5 12 meter telefonledning festet i geviret.<\/li>\n<li class=\"_item_o9xde_30\">Telenor tror kabelen er fra deres gamle kobbernett og sier at saneringen fortsetter.<\/li>\n<li class=\"_item_o9xde_30\">Et par uker tidligere ble en d\u00f8d elgen funnet i Vester\u00e5len med telekabel rundt hornene.<\/li>\n<\/ul>\n<p>Vis mer <\/p>\n<p class=\"_paragraph_o9xde_4 _paragraph_xtcu6_10 layout-component text-serif-m layout-normal text-serif-m layout-padded\">Den store oksen stupte d\u00f8d i bakken. Den lange telefonledningen var strammet s\u00e5 hardt rundt geviret at jegerne m\u00e5tte bruke redskap for \u00e5 knyte opp.<\/p>\n<p class=\"_paragraph_o9xde_4 _paragraph_xtcu6_10 layout-component text-serif-m layout-normal text-serif-m layout-padded\">\u2013 Elgen har helt sikkert g\u00e5tt og tr\u00e5kket p\u00e5 kabelen og strammet til knuten skikkelig. Geviret hadde slipemerker, forteller Terese Tenold til VG.<\/p>\n<p class=\"_paragraph_o9xde_4 _paragraph_xtcu6_10 layout-component text-serif-m layout-normal text-serif-m layout-padded\">I flere uker f\u00f8r hun 7. oktober avlivet dyret, hadde folk i Eidsvoll observert elgen som beitet p\u00e5 jordene langs Vorma med telefonkabel rundt hornene.<\/p>\n<p class=\"_paragraph_o9xde_4 _paragraph_xtcu6_10 layout-component text-serif-m layout-normal text-serif-m layout-padded\">\u2013 Jeg synes det er forferdelig at menneskeskapt s\u00f8ppel er til hinder for dyr i skogen, sier Tenold.<\/p>\n<p><img alt=\"Ledningen var hardt knyttet rundt geviret.  Foto: Privat\" class=\"_image_qp4xg_65 layout-component layout-normal\" data-fullscreen- data-track-element-type=\"Article image fullscreen\" data-track-name=\"ImageFullscreen\" decoding=\"async\" loading=\"lazy\" height=\"1129\" itemprop=\"image\"  src=\"https:\/\/www.europesays.com\/no\/wp-content\/uploads\/2025\/11\/a11f5ed3-8094-482e-b1cf-46b9b362d39f\"  style=\"object-position:0% 0%\" width=\"1166\"\/>Ledningen var hardt knyttet rundt geviret.  Foto: Privat<\/p>\n<p class=\"_paragraph_o9xde_4 _paragraph_xtcu6_10 layout-component text-serif-m layout-normal text-serif-m layout-padded\">Tenold gikk f\u00f8rst ut med sin historie i <a href=\"https:\/\/www.eub.no\/terese-33-gjorde-groteskt-funn-under-elgjakta-i-eidsvoll-kunne-lidd-en-grusom-dod\/s\/5-136-717981\" class=\"_link_o9xde_39\" rel=\"nofollow noopener\" target=\"_blank\">Eidsvoll UIlensaker Blad<\/a>, etter \u00e5 ha lest en sak i VG: <\/p>\n<p class=\"_paragraph_o9xde_4 _paragraph_xtcu6_10 layout-component text-serif-m layout-normal text-serif-m layout-padded\"><a href=\"https:\/\/www.vg.no\/nyheter\/i\/mPGdwO\/elg-satt-fast-i-telefonledning-i-oeksnes-i-vesteraalen-fikk-smertefull-doed\" data-track-element-type=\"Link\" data-track-id=\"link:mPGdwO\" class=\"_link_o9xde_39\" rel=\"nofollow noopener\" target=\"_blank\">Arne Harald Karlsen (59) fant en d\u00f8d elg<\/a> som hadde viklet seg inn i en telefonkabel, da han var p\u00e5 jakt p\u00e5 Dyr\u00f8ya i Vester\u00e5len i slutten av september.<\/p>\n<p><img alt=\"Tenold reagerte sterkt p\u00e5 VGs sak om elgen som viklet seg inn i telekabler og d\u00f8de i Vester\u00e5len tidligere i h\u00f8st.  Foto: Arne Harald Karlsen\" class=\"_image_qp4xg_65 layout-component layout-normal\" data-fullscreen- data-track-element-type=\"Article image fullscreen\" data-track-name=\"ImageFullscreen\" decoding=\"async\" loading=\"lazy\" height=\"753\" itemprop=\"image\"  src=\"https:\/\/www.europesays.com\/no\/wp-content\/uploads\/2025\/11\/b93e275f-080b-4ab2-89b8-6b7053eb345e\"  style=\"object-position:0% 0%\" width=\"1075\"\/>Tenold reagerte sterkt p\u00e5 VGs sak om elgen som viklet seg inn i telekabler og d\u00f8de i Vester\u00e5len tidligere i h\u00f8st.  Foto: Arne Harald Karlsen<\/p>\n<p class=\"_paragraph_o9xde_4 _paragraph_xtcu6_10 layout-component text-serif-m layout-normal text-serif-m layout-padded\">Ledningen rundt geviret hang fortsatt fast i telefonstolpene p\u00e5 hver side. Elgoksen hadde \u00e5penbart strevd lenge f\u00f8r d\u00f8den gjorde slutt p\u00e5 lidelsene.<\/p>\n<p class=\"_paragraph_o9xde_4 _paragraph_xtcu6_10 layout-component text-serif-m layout-normal text-serif-m layout-padded\">\u2013 Jeg fikk oppriktig vondt i hjertet, sa viltforvalter i \u00d8ksnes kommune Bengt Stian Nilsen til VG.<\/p>\n<p class=\"_paragraph_o9xde_4 _paragraph_xtcu6_10 layout-component text-serif-m layout-normal text-serif-m layout-padded\">Ogs\u00e5 elgjegeren syntes det var et trist syn.<\/p>\n<p class=\"_paragraph_o9xde_4 _paragraph_xtcu6_10 layout-component text-serif-m layout-normal text-serif-m layout-padded\">\u2013 Det er synd at <a href=\"https:\/\/www.vg.no\/tag\/telenor?utm_source=vg-article&amp;utm_medium=auto-tagger&amp;utm_campaign=W094Qg\" class=\"_link_o9xde_39\" rel=\"nofollow noopener\" target=\"_blank\">Telenor<\/a> ikke har ettersett kablene og s\u00f8rget for at de var i orden, uttalte Karlsen.<\/p>\n<p><img alt=\"Terese Tenold har jaktet siden hun var liten jente.  Foto: Privat\" class=\"_image_qp4xg_65 layout-component layout-normal\" data-fullscreen- data-track-element-type=\"Article image fullscreen\" data-track-name=\"ImageFullscreen\" decoding=\"async\" loading=\"lazy\" height=\"2303\" itemprop=\"image\"  src=\"https:\/\/www.europesays.com\/no\/wp-content\/uploads\/2025\/11\/ab15a571-4b11-4956-ad00-b99a6b2fbb68\"  style=\"object-position:37.758161225849435% 33.369518019973945%\" width=\"3002\"\/>Terese Tenold har jaktet siden hun var liten jente.  Foto: Privat<\/p>\n<p class=\"_paragraph_o9xde_4 _paragraph_xtcu6_10 layout-component text-serif-m layout-normal text-serif-m layout-padded\">Terese Tenold (33) jobber som t\u00f8mrer i Hurdal. Hun kommer fra en familie av jegere, jakter elg og r\u00e5dyr selv og har som sin store lidenskap samarbeidet mellom jeger og jakthund.<\/p>\n<p class=\"_paragraph_o9xde_4 _paragraph_xtcu6_10 layout-component text-serif-m layout-normal text-serif-m layout-padded\">Elghunden Hirvi var med da hun sammen med kj\u00e6resten, sin far og hans fetter var p\u00e5 elgjakt i familiens jaktterreng mellom Eidsvoll og grenda Gullverket for fire uker siden.<\/p>\n<p>\u2013 Skj\u00f8t med en gang<\/p>\n<p class=\"_paragraph_o9xde_4 _paragraph_xtcu6_10 layout-component text-serif-m layout-normal text-serif-m layout-padded\">\u2013 Hunden jaget etter ei ku som trolig gikk sammen med oksen. Jeg hadde ingen sjanse til \u00e5 ta dem igjen og valgte i stedet \u00e5 plukke litt sopp til lunsj, forteller 33-\u00e5ringen.<\/p>\n<p class=\"_paragraph_o9xde_4 _paragraph_xtcu6_10 layout-component text-serif-m layout-normal text-serif-m layout-padded\">Br\u00e5tt h\u00f8rte hun en elg som gartetgartetLyden elgoksen utst\u00f8ter n\u00e5r den s\u00f8ker etter damer. Omtrent som guttas plystring. Elgen garter, kua rauter, sauen breker, hunden gj\u00f8r og grisen hyler. Sp\u00f8r Ylvis-br\u00f8drene hva reven sier. i skogen.<\/p>\n<p class=\"_paragraph_o9xde_4 _paragraph_xtcu6_10 layout-component text-serif-m layout-normal text-serif-m layout-padded\">\u2013 Jeg lokket tilbake og det gikk overraskende bra. Oksen dukket opp i en liten glenne, p\u00e5 10\u201315 meters hold. Da jeg s\u00e5 vaieren, n\u00f8lte jeg ikke og skj\u00f8t med en gang jeg hadde mulighet.<\/p>\n<ul class=\"_gallery_1qa3s_23\" tabindex=\"0\">\n<li class=\"_item_1qa3s_37\" data-index=\"0\"><img decoding=\"async\" class=\"_image_foru8_23 _articleGallery_foru8_39\" data-fullscreen- width=\"1170\" height=\"2059\" itemprop=\"image\" loading=\"lazy\"  src=\"https:\/\/www.europesays.com\/no\/wp-content\/uploads\/2025\/11\/b7ebb787-66d0-4ac4-8455-c4eb8b3f3028\"  style=\"object-position:32.17948717948718% 15.420106847984458%;aspect-ratio:var(--gallery-aspect-ratio, 16 \/ 9)\"\/>Terese Tenold med den d\u00f8de oksen. Foto: Privat<\/li>\n<li class=\"_item_1qa3s_37\" data-index=\"1\"><img decoding=\"async\" class=\"_image_foru8_23 _articleGallery_foru8_39\" data-fullscreen- width=\"3024\" height=\"4032\" itemprop=\"image\" loading=\"lazy\"  src=\"https:\/\/www.europesays.com\/no\/wp-content\/uploads\/2025\/11\/888f13c7-ae4c-40c0-b6dd-ec6445b5a9e6\"  style=\"object-position:54.33201058201058% 20.969742063492063%;aspect-ratio:var(--gallery-aspect-ratio, 16 \/ 9)\"\/>El\u00f8goksen veide 400 kilo, Foto: Privat<\/li>\n<li class=\"_item_1qa3s_37\" data-index=\"2\"><img decoding=\"async\" class=\"_image_foru8_23 _articleGallery_foru8_39\" data-fullscreen- width=\"3024\" height=\"4032\" itemprop=\"image\" loading=\"lazy\"  src=\"https:\/\/www.europesays.com\/no\/wp-content\/uploads\/2025\/11\/26a56e87-5af1-4c16-9d4c-ddee120a3c56\"  style=\"object-position:51.521164021164026% 20.386904761904763%;aspect-ratio:var(--gallery-aspect-ratio, 16 \/ 9)\"\/>Hirvi er en norsk elghund gr\u00e5. Foto: Privat<\/li>\n<\/ul>\n<p>Terese Tenold med den d\u00f8de oksen. Foto: Privat<\/p>\n<p class=\"_paragraph_o9xde_4 _paragraph_xtcu6_10 layout-component text-serif-m layout-normal text-serif-m layout-padded\">Tenold sier hun alltid har blandede f\u00f8lelser etter \u00e5 ha skutt et dyr.<\/p>\n<p class=\"_paragraph_o9xde_4 _paragraph_xtcu6_10 layout-component text-serif-m layout-normal text-serif-m layout-padded\">\u2013 Jeg har respekt for viltet. Derfor synes jeg det er trist \u00e5 se et flott dyr med s\u00f8ppel p\u00e5 hodet.<\/p>\n<p class=\"_paragraph_o9xde_4 _paragraph_xtcu6_10 layout-component text-serif-m layout-normal text-serif-m layout-padded\">Hun forteller at oksen veide 400 kilo og understreker at jaktlaget hadde fellingskvote p\u00e5 en okse og ett ungdyr.<\/p>\n<p class=\"_paragraph_o9xde_4 _paragraph_xtcu6_10 layout-component text-serif-m layout-normal text-serif-m layout-padded\">Ut fra bildene av elgen p\u00e5 Eidsvoll mener Telenor det sannsynligvis dreier seg om kabel fra deres kobbernett, som ikke lenger er i bruk.<\/p>\n<p><img decoding=\"async\" alt=\"Bilde av Anders Krokan\" class=\"_image_ygndg_42\" height=\"27\" itemprop=\"image\" loading=\"lazy\"  src=\"https:\/\/www.europesays.com\/no\/wp-content\/uploads\/2025\/11\/471834c6-a428-497e-94e6-dc1652b50e4b\"  width=\"40\"\/><strong class=\"_name_ygndg_51 title-serif-xs\">Anders Krokan<\/strong><\/p>\n<p class=\"_paragraph_o9xde_4 text-sans-m _description_ygndg_56\">Pressesjef Telenor Norge<\/p>\n<p class=\"_paragraph_o9xde_4 _paragraph_xtcu6_10 layout-component text-serif-m layout-normal text-serif-m layout-padded\">\u2013 Det er sv\u00e6rt spesielt at vi n\u00e5 har hatt to slike tragiske hendelser med elg som har viklet seg inn i kabler, sier pressesjef i Telenor Norge Anders Krokan til VG.<\/p>\n<p class=\"_paragraph_o9xde_4 _paragraph_xtcu6_10 layout-component text-serif-m layout-normal text-serif-m layout-padded\">Telenor fikk fra september i \u00e5r myndighetenes tillatelse til \u00e5 er fjerne kobberkabler, stolper og infrastruktur over hele landet. Saneringen vil p\u00e5g\u00e5 over flere \u00e5r.<\/p>\n<p class=\"_paragraph_o9xde_4 _paragraph_xtcu6_10 layout-component text-serif-m layout-normal text-serif-m layout-padded\">\u2013 Vi har allerede fjernet tusenvis av stolper og levert mange tonn metall til gjenvinning, sier Krokan.<\/p>\n<p>Kobbernettet til Telenor<\/p>\n<ul class=\"_list_o9xde_3 _list_xtcu6_9 _list_16v91_9 _unordered_o9xde_106 layout-component text-serif-m layout-normal text-sans-m layout-padded\">\n<li class=\"_item_o9xde_30\">Kobbernettet til Telenor ble stengt ned ved utgangen av 2022. Det var disse stolpene og kablene som ga folket fasttelefon og etter hvert bredb\u00e5nd over kobbernettet.<\/li>\n<li class=\"_item_o9xde_30\">Frem til 2. september i \u00e5r var Telenor forpliktet til \u00e5 opprettholde linjenettet og bredb\u00e5ndssentraler for kunder i selskaper som \u00f8nsket \u00e5 leie seg inn i kobbernettet.<\/li>\n<li class=\"_item_o9xde_30\">Men n\u00e5 begynner Telenor \u00e5 fjerne den gamle infrastrukturen, som best\u00e5r av 143.000 kilometer kobberkabler, 1,3 millioner stolper og 250.0000 fordelerskap.<\/li>\n<\/ul>\n<p>Vis mer<\/p>\n<p class=\"_paragraph_o9xde_4 _paragraph_xtcu6_10 layout-component text-serif-m layout-normal text-serif-m layout-padded\">Han legger til at det beste Telenor kan gj\u00f8re for \u00e5 forhindre flere slike triste hendelser, er \u00e5 fortsette sitt tunge saneringsprosjekt med fjerning av gamle kabler landet over.<\/p>\n<p class=\"_paragraph_o9xde_4 _paragraph_xtcu6_10 layout-component text-serif-m layout-normal text-serif-m layout-padded\">\u2013 Jeg synes det er positivt at Telenor tar problemet p\u00e5 alvor, sier Terese Tenold.<\/p>\n<p>Valgte ikke \u00e5 avlive<\/p>\n<p class=\"_paragraph_o9xde_4 _paragraph_xtcu6_10 layout-component text-serif-m layout-normal text-serif-m layout-padded\">Leder for viltutvalget i Eidsvoll Ole Randin Klokkerengen var i en ukes tid f\u00f8r elgjakten klar over elgen som gikk omkring med telefonledning slepende etter seg.<\/p>\n<p class=\"_paragraph_o9xde_4 _paragraph_xtcu6_10 layout-component text-serif-m layout-normal text-serif-m layout-padded\">\u2013 Vi var flere som s\u00e5 elgen nede p\u00e5 jordet. Kabelen hang rett etter dyret, uten knute i enden. Jeg tror det skulle mye til f\u00f8r kabelen hadde hengt seg opp, sier Klokkerengen til VG.<\/p>\n<p class=\"_paragraph_o9xde_4 _paragraph_xtcu6_10 layout-component text-serif-m layout-normal text-serif-m layout-padded\">Han valgte ikke \u00e5 avlive oksen \u2013 og skj\u00f8nner at han kan f\u00e5 kritikk for beslutningen.<\/p>\n<p class=\"_paragraph_o9xde_4 _paragraph_xtcu6_10 layout-component text-serif-m layout-normal text-serif-m layout-padded\">\u2013 Jeg tok sjansen p\u00e5 at elgen skulle klare seg til jakten. Det var en risikoavgj\u00f8relse jeg m\u00e5 st\u00e5 for. Vi fulgte med. Hadde elgen blitt borte for oss, m\u00e5tte vi ha satt i gang leting fort.<\/p>\n","protected":false},"excerpt":{"rendered":"Terese Tenold (33) skj\u00f8t 7. oktober en elgokse i som dro p\u00e5 12 meter telefonledning festet i geviret.&hellip;\n","protected":false},"author":2,"featured_media":77512,"comment_status":"","ping_status":"","sticky":false,"template":"","format":"standard","meta":{"footnotes":""},"categories":[10],"tags":[20,21,1731,6391,24,25,15,1521,22,23,13,30,28,29,14,16,1418,26,27],"class_list":{"0":"post-77511","1":"post","2":"type-post","3":"status-publish","4":"format-standard","5":"has-post-thumbnail","7":"category-norge","8":"tag-breaking-news","9":"tag-breakingnews","10":"tag-eidsvoll","11":"tag-elg","12":"tag-featured-news","13":"tag-featurednews","14":"tag-headlines","15":"tag-jakt","16":"tag-latest-news","17":"tag-latestnews","18":"tag-news","19":"tag-no","20":"tag-norge","21":"tag-norway","22":"tag-nyheter","23":"tag-overskrifter","24":"tag-telenor","25":"tag-top-stories","26":"tag-topstories"},"share_on_mastodon":{"url":"https:\/\/pubeurope.com\/@no\/115487209628488023","error":""},"_links":{"self":[{"href":"https:\/\/www.europesays.com\/no\/wp-json\/wp\/v2\/posts\/77511","targetHints":{"allow":["GET"]}}],"collection":[{"href":"https:\/\/www.europesays.com\/no\/wp-json\/wp\/v2\/posts"}],"about":[{"href":"https:\/\/www.europesays.com\/no\/wp-json\/wp\/v2\/types\/post"}],"author":[{"embeddable":true,"href":"https:\/\/www.europesays.com\/no\/wp-json\/wp\/v2\/users\/2"}],"replies":[{"embeddable":true,"href":"https:\/\/www.europesays.com\/no\/wp-json\/wp\/v2\/comments?post=77511"}],"version-history":[{"count":0,"href":"https:\/\/www.europesays.com\/no\/wp-json\/wp\/v2\/posts\/77511\/revisions"}],"wp:featuredmedia":[{"embeddable":true,"href":"https:\/\/www.europesays.com\/no\/wp-json\/wp\/v2\/media\/77512"}],"wp:attachment":[{"href":"https:\/\/www.europesays.com\/no\/wp-json\/wp\/v2\/media?parent=77511"}],"wp:term":[{"taxonomy":"category","embeddable":true,"href":"https:\/\/www.europesays.com\/no\/wp-json\/wp\/v2\/categories?post=77511"},{"taxonomy":"post_tag","embeddable":true,"href":"https:\/\/www.europesays.com\/no\/wp-json\/wp\/v2\/tags?post=77511"}],"curies":[{"name":"wp","href":"https:\/\/api.w.org\/{rel}","templated":true}]}}