{"id":77614,"date":"2025-11-03T20:56:17","date_gmt":"2025-11-03T20:56:17","guid":{"rendered":"https:\/\/www.europesays.com\/no\/77614\/"},"modified":"2025-11-03T20:56:17","modified_gmt":"2025-11-03T20:56:17","slug":"elsparesykkel-trafikk-og-kollektiv-reduserer-farten-pa-elsparkesykler-umiddelbart","status":"publish","type":"post","link":"https:\/\/www.europesays.com\/no\/77614\/","title":{"rendered":"Elsparesykkel, Trafikk og kollektiv | Reduserer farten p\u00e5 elsparkesykler umiddelbart"},"content":{"rendered":"\n<p>Grepene bli iverksatt etter et m\u00f8te mellom byr\u00e5det og elsparkeykkel-operat\u00f8rene Bolt, Ryde og Voi.<\/p>\n<p><a rel=\"Follow nofollow noopener\" href=\"https:\/\/www.vg.no\/nyheter\/i\/pPJ02X\/slik-skal-ulykkestallet-reduseres-farten-reduseres-umiddelbart-paa-elsparkesykler-i-oslo\" target=\"_blank\">VG <\/a>meldte om tiltakene f\u00f8rst.<\/p>\n<p><b>\u2013 Tiltakene de n\u00e5 legger frem, vil innf\u00f8res umiddelbart, sier byr\u00e5d for milj\u00f8 og samferdsel i Oslo Marit Vea (V) til VG.<\/b><\/p>\n<p>   <img decoding=\"async\" width=\"1200\" height=\"675\" fetchpriority=\"low\"  loading=\"lazy\"  src=\"https:\/\/www.europesays.com\/no\/wp-content\/uploads\/2025\/11\/Fawad_-_Oslodebatten__92_.jpg\" alt=\"\" class=\"brick-c-cFOWSL\" style=\"--brick-image-ratio: 1200 \/ 675;\"\/><\/p>\n<p>      Sparkesykkelulykkene hoper seg opp i hovedstaden.<br \/>\n      Foto: Jan Langhaug \/ NTB\n    <\/p>\n<p><b>Tiltakene som innf\u00f8res:<\/b><\/p>\n<ul>\n<li>Redusert topphastighet med 10 prosent og lavere akselerasjon.<\/li>\n<li>Kontinuerlig obligatorisk oppl\u00e6ring gjennom \u00e5ret. I november og desember m\u00e5 alle brukerne gjennomf\u00f8re et omfattende digitalt kurs f\u00f8r m\u00e5nedens f\u00f8rste tur.<\/li>\n<li>Underst\u00f8tte forbud mot kj\u00f8ring p\u00e5 fortau. Alle brukere vil f\u00e5 instruks om \u00e5 ikke kj\u00f8re p\u00e5 fortau f\u00f8r de kan starte en tur.<\/li>\n<li>Strengere promilletest. I den kommende julebordsesongen m\u00e5 brukerne gjennom en strengere promilletest fra kl. 21 hele uken.<\/li>\n<li>Saktesoner. Blant annet Langkaia, Aker Brygge, Stortorvet, Lille Grensen og Spikersuppa vil geofences med lavere hastighet og elsparkesykkelen senker automatisk farten.<\/li>\n<li>Utestenge brukere. Brukere som konsekvent feilparkerer vil b\u00f8telegges og automatisk nektet \u00e5 bruke elsparkesykler. Lavere terskel for utestengelse betyr at 4 000 brukere vil bli utestengt allerede f\u00f8r nytt\u00e5r.<\/li>\n<\/ul>\n<p>  <a href=\"https:\/\/www.ao.no\/5-128-1155894\" class=\"related-teaser has-image default-story-teaser article--c-eRUmMG article--c-eRUmMG-jKCPdD-design-default\" rel=\"nofollow noopener\" target=\"_blank\"><\/p>\n<p>    <img decoding=\"async\" loading=\"lazy\"  src=\"https:\/\/www.europesays.com\/no\/wp-content\/uploads\/2025\/10\/Skjermbilde+2025-09-29+kl.+20.37.31.png\" alt=\"\" class=\"brick-c-cFOWSL\" style=\"\"\/><\/p>\n<p>\n            Les ogs\u00e5<\/p>\n<p>              Johannes skulle bare hjem fra jobb. S\u00e5 ble han en del av en dyster statistikk\n        <\/p>\n<p>  <\/a><br \/>\n  H\u00f8ye ulykkestall<\/p>\n<p>Skadestatistikken knyttet til elsparkesykler har gjennom de fire siste \u00e5rene v\u00e6rt preget av betydelige svingninger.<\/p>\n<p>Oslo kommune besluttet i 2021 \u00e5 stenge utleie av elsparkesykler p\u00e5 nattetid. Antall sykler ble ogs\u00e5 redusert etter anbefalinger fra skadelegevakten.<\/p>\n<p>Gjennom det p\u00e5f\u00f8lgende \u00e5ret gikk antall skader ned med<a rel=\"Follow nofollow noopener\" href=\"https:\/\/www.oslo-universitetssykehus.no\/om-oss\/nye-oslo-universitetssykehus\/legevakten-feature\/el-sparkesykkelskader-behandlet-ved-skadelegevakten\/\" target=\"_blank\"> over 60 prosent<\/a>.<\/p>\n<p><b>I april i \u00e5r doblet Oslo kommune antall tilgjengelige elsparkesykler for utleie. Antallet sparkesykler gikk da opp fra 8000 til 16.000.<\/b><\/p>\n<p>Byr\u00e5d Marit Vea (V) har inntrykk av at mange f\u00f8ler seg utrygge med elsparkesykler i gatene.<\/p>\n<p>\u2013 S\u00e5nn kan vi ikke ha det. Fortauskj\u00f8ring, rusp\u00e5virket kj\u00f8ring og tandemkj\u00f8ring er \u00e5penbare problemer vi raskt m\u00e5 f\u00e5 bukt med, fremholdt Venstre-byr\u00e5den overfor VG.<\/p>\n<p><b>Les ogs\u00e5: <\/b><\/p>\n<p>  <a href=\"https:\/\/www.ao.no\/5-128-1173927\" class=\"related-teaser has-image default-story-teaser article--c-eRUmMG article--c-eRUmMG-jKCPdD-design-default\" rel=\"nofollow noopener\" target=\"_blank\"><\/p>\n<p>    <img decoding=\"async\" loading=\"lazy\"  src=\"https:\/\/www.europesays.com\/no\/wp-content\/uploads\/2025\/11\/photo+%2817%29.jpg\" alt=\"\" class=\"brick-c-cFOWSL\" style=\"\"\/><\/p>\n<p>\n            Les ogs\u00e5<\/p>\n<p>              Totalt uenige om omstridt syklistforslag: \u2013 Virker veldig lite gjennomtenkt\n        <\/p>\n<p>  <\/a><\/p>\n<p>  <a href=\"https:\/\/www.ao.no\/5-128-1180083\" class=\"related-teaser has-image default-story-teaser article--c-eRUmMG article--c-eRUmMG-jKCPdD-design-default\" rel=\"nofollow noopener\" target=\"_blank\"><\/p>\n<p>    <img decoding=\"async\" loading=\"lazy\"  src=\"https:\/\/www.europesays.com\/no\/wp-content\/uploads\/2025\/11\/1762203377_215_Bildekollasjer+%281%29.jpg\" alt=\"\" class=\"brick-c-cFOWSL\" style=\"\"\/><\/p>\n<p>\n            Les ogs\u00e5<\/p>\n<p>              Ruters nye \u00abPartybusser\u00bb vekker oppsikt: \u2013 Jobber med \u00e5 endre det\n        <\/p>\n<p>  <\/a><\/p>\n","protected":false},"excerpt":{"rendered":"Grepene bli iverksatt etter et m\u00f8te mellom byr\u00e5det og elsparkeykkel-operat\u00f8rene Bolt, Ryde og Voi. VG meldte om tiltakene&hellip;\n","protected":false},"author":2,"featured_media":77615,"comment_status":"","ping_status":"","sticky":false,"template":"","format":"standard","meta":{"footnotes":""},"categories":[10],"tags":[36,9058,20,21,1717,24,25,15,22,23,13,30,28,29,14,16,2545,1510,26,27,284,9057],"class_list":{"0":"post-77614","1":"post","2":"type-post","3":"status-publish","4":"format-standard","5":"has-post-thumbnail","7":"category-norge","8":"tag-art","9":"tag-bolt","10":"tag-breaking-news","11":"tag-breakingnews","12":"tag-elsparesykkel","13":"tag-featured-news","14":"tag-featurednews","15":"tag-headlines","16":"tag-latest-news","17":"tag-latestnews","18":"tag-news","19":"tag-no","20":"tag-norge","21":"tag-norway","22":"tag-nyheter","23":"tag-overskrifter","24":"tag-ryde","25":"tag-story","26":"tag-top-stories","27":"tag-topstories","28":"tag-trafikk-og-kollektiv","29":"tag-voi"},"share_on_mastodon":{"url":"https:\/\/pubeurope.com\/@no\/115487767622087541","error":""},"_links":{"self":[{"href":"https:\/\/www.europesays.com\/no\/wp-json\/wp\/v2\/posts\/77614","targetHints":{"allow":["GET"]}}],"collection":[{"href":"https:\/\/www.europesays.com\/no\/wp-json\/wp\/v2\/posts"}],"about":[{"href":"https:\/\/www.europesays.com\/no\/wp-json\/wp\/v2\/types\/post"}],"author":[{"embeddable":true,"href":"https:\/\/www.europesays.com\/no\/wp-json\/wp\/v2\/users\/2"}],"replies":[{"embeddable":true,"href":"https:\/\/www.europesays.com\/no\/wp-json\/wp\/v2\/comments?post=77614"}],"version-history":[{"count":0,"href":"https:\/\/www.europesays.com\/no\/wp-json\/wp\/v2\/posts\/77614\/revisions"}],"wp:featuredmedia":[{"embeddable":true,"href":"https:\/\/www.europesays.com\/no\/wp-json\/wp\/v2\/media\/77615"}],"wp:attachment":[{"href":"https:\/\/www.europesays.com\/no\/wp-json\/wp\/v2\/media?parent=77614"}],"wp:term":[{"taxonomy":"category","embeddable":true,"href":"https:\/\/www.europesays.com\/no\/wp-json\/wp\/v2\/categories?post=77614"},{"taxonomy":"post_tag","embeddable":true,"href":"https:\/\/www.europesays.com\/no\/wp-json\/wp\/v2\/tags?post=77614"}],"curies":[{"name":"wp","href":"https:\/\/api.w.org\/{rel}","templated":true}]}}