{"id":77626,"date":"2025-11-03T21:12:25","date_gmt":"2025-11-03T21:12:25","guid":{"rendered":"https:\/\/www.europesays.com\/no\/77626\/"},"modified":"2025-11-03T21:12:25","modified_gmt":"2025-11-03T21:12:25","slug":"helse-nord-helseforetaksmodellen-kraftsamling-for-helsetilbudet-i-nord","status":"publish","type":"post","link":"https:\/\/www.europesays.com\/no\/77626\/","title":{"rendered":"Helse Nord, Helseforetaksmodellen | Kraftsamling for helsetilbudet i nord"},"content":{"rendered":"\n<p><b>Innbyggerne i nord har samme rett til trygg, likeverdig og spesialisert behandling som resten av landet. For \u00e5 sikre dette m\u00e5 UNN styrkes som samlet institusjon.<\/b><\/p>\n<p><b>Befolkningen<\/b> i Troms har Universitetssykehuset i Nord-Norge (UNN) med Troms\u00f8, Harstad og Narvik som sine lokalsykehus. Samtidig er UNN regionsykehus og universitetssykehus. UNN gir avanserte spesialisthelsetjenester til hele den nordnorske befolkningen hver eneste dag, og driver utdanning, forskning og utvikling.<\/p>\n<p><b>Vi noterer oss<\/b> at det p\u00e5g\u00e5r fors\u00f8k p\u00e5 landsdelskamp mellom Bod\u00f8 og Troms\u00f8, og at fylkestinget i Nordland g\u00e5r inn for \u00e5 skrote helseforetaksmodellen. Det vil vi ikke ta del i. \u00c5 flytte makt lenger s\u00f8r med statlig styring fra Oslo ville gj\u00f8re det enda vanskeligere for oss \u00e5 sikre samhandling og kompetansebygging i nord. Det er i realiteten det fylkestinget i Nordland har vedtatt.<\/p>\n<p>  <a href=\"https:\/\/www.nordnorskdebatt.no\/5-124-394942\" class=\"related-teaser has-image default-opinion-teaser article--c-eRUmMG article--c-eRUmMG-jKCPdD-design-default\" rel=\"nofollow noopener\" target=\"_blank\"><\/p>\n<p>    <img decoding=\"async\" loading=\"lazy\"  src=\"https:\/\/www.europesays.com\/no\/wp-content\/uploads\/2025\/11\/1762204345_613_Marit+Lind+%2810%29.jpg\" alt=\"\" class=\"brick-c-cFOWSL\" style=\"\"\/><\/p>\n<p>\n            Les ogs\u00e5<\/p>\n<p>              Vi har gode helsetjenester i nord\n        <\/p>\n<p>  <\/a><\/p>\n<p><b>Vi m\u00e5 st\u00e5 samla <\/b>for \u00e5 sikre helsetilbudene i nord. Derfor vil vi understreke at et sterkt universitetssykehus er bra for hele Nord-Norge. Her utdannes helsepersonell som tar arbeid i nord, og her forskes og utvikles kompetanse for hele landsdelen. Det er spesielt viktig i v\u00e5r tid der en fjerdedel av helsepersonellet er over 55 \u00e5r. Skal vi ha fagfolk i nord trenger vi et attraktivt UNN.<\/p>\n<p><b>Vi trenger ogs\u00e5 <\/b>nok volum av pasienter til kompliserte behandlinger, slik at spesialistene faktisk f\u00e5r v\u00e6re spesialister. Forskning og utvikling er helt n\u00f8dvendige forutsetninger for at fagmilj\u00f8ene kan vokse og utvikle seg. Derfor m\u00e5 vi sikre at avansert behandling samles der det gir faglig mening, samtidig som vi ivaretar desentraliserte tilbud der det er mulig.<\/p>\n<p><b>P\u00e5 samme tid <\/b>som UNN er spydspiss i nord p\u00e5 h\u00f8yspesialiserte helsetilbud, m\u00e5 spesialisthelsetjenesten ha rom for \u00e5 gi befolkningen i Troms lokalsykehusfunksjoner gjennom de tre lokalsykehusene og de desentraliserte tjenestene.<\/p>\n<p>  <a href=\"https:\/\/www.nordnorskdebatt.no\/5-124-395486\" class=\"related-teaser has-image default-opinion-teaser article--c-eRUmMG article--c-eRUmMG-jKCPdD-design-default\" rel=\"nofollow noopener\" target=\"_blank\"><\/p>\n<p>    <img decoding=\"async\" loading=\"lazy\"  src=\"https:\/\/www.europesays.com\/no\/wp-content\/uploads\/2025\/11\/187596a9-3097-4b88-9e85-6c40e2d1dcf8.bin\" alt=\"\" class=\"brick-c-cFOWSL\" style=\"\"\/><\/p>\n<p>\n            Les ogs\u00e5<\/p>\n<p>              Kollaps for \u00e5pen scene\n        <\/p>\n<p>  <\/a><\/p>\n<p><b>Den viktigste innsatsen<\/b> vi kan gj\u00f8re for \u00e5 utvikle og forbedre helsetilbudet i nord, er gjennom \u00e5 satse p\u00e5 fagfolkene. Dette m\u00e5 skje langs flere akser, og vi m\u00e5 lytte til de som har skoene p\u00e5. Regjeringa har allerede grep p\u00e5 nasjonalt niv\u00e5 for \u00e5 regulere og begrense bruken av vikarbyr\u00e5 i helsetjenesten. Det m\u00e5 satses p\u00e5 kvalifisering og rekvalifisering av personell, en fornuftig oppgavedeling mellom ulike profesjoner og fagfolk, samt \u00e5 utforske muligheten til \u00e5 ta i bruk teknologi i st\u00f8rre grad.<\/p>\n<p><b>Samarbeid gir styrke. <\/b>Vi skal bidra konstruktivt inn i helsefellesskap og styresamlinger. Vi er overbevist om at det er gjennom samarbeid mellom kommuner, helseforetak og fagmilj\u00f8er at vi bygger en b\u00e6rekraftig helsetjeneste. Alle ledd i kjeden m\u00e5 fungere.<\/p>\n<p><b>UNN m\u00e5 fortsette<\/b> \u00e5 v\u00e6re en motor for utvikling, utdanning og kvalitet i nordnorsk helsevesen. Det krever politisk vilje, faglig samarbeid og et sterkt fokus p\u00e5 pasientenes beste.<\/p>\n<p><b>Vi m\u00e5 sikre<\/b> v\u00e5r felles offentlige helsetjeneste fra Br\u00f8nn\u00f8ysund til Kirkenes, der pasientsikkerheten ivaretas uten sosiale eller geografiske forskjeller. Da trenger vi b\u00e5de en trygg og rettferdig helsetjeneste der folk bor, og et faglig sterk, forutsigbart og b\u00e6rekraftig spesialisttilbud p\u00e5 v\u00e5rt regions- og universitetssykehus.<\/p>\n","protected":false},"excerpt":{"rendered":"Innbyggerne i nord har samme rett til trygg, likeverdig og spesialisert behandling som resten av landet. For \u00e5&hellip;\n","protected":false},"author":2,"featured_media":77627,"comment_status":"","ping_status":"","sticky":false,"template":"","format":"standard","meta":{"footnotes":""},"categories":[10],"tags":[36,10696,20,21,24,25,15,8164,2104,2105,22,23,13,30,28,29,14,1533,16,26,27,10697,5250],"class_list":{"0":"post-77626","1":"post","2":"type-post","3":"status-publish","4":"format-standard","5":"has-post-thumbnail","7":"category-norge","8":"tag-art","9":"tag-bodo-og-tromso","10":"tag-breaking-news","11":"tag-breakingnews","12":"tag-featured-news","13":"tag-featurednews","14":"tag-headlines","15":"tag-helse-nord","16":"tag-helseforetaksmodellen","17":"tag-helsepolitikk","18":"tag-latest-news","19":"tag-latestnews","20":"tag-news","21":"tag-no","22":"tag-norge","23":"tag-norway","24":"tag-nyheter","25":"tag-opinion","26":"tag-overskrifter","27":"tag-top-stories","28":"tag-topstories","29":"tag-troms-og-nordland","30":"tag-unn"},"share_on_mastodon":{"url":"https:\/\/pubeurope.com\/@no\/115487830498054629","error":""},"_links":{"self":[{"href":"https:\/\/www.europesays.com\/no\/wp-json\/wp\/v2\/posts\/77626","targetHints":{"allow":["GET"]}}],"collection":[{"href":"https:\/\/www.europesays.com\/no\/wp-json\/wp\/v2\/posts"}],"about":[{"href":"https:\/\/www.europesays.com\/no\/wp-json\/wp\/v2\/types\/post"}],"author":[{"embeddable":true,"href":"https:\/\/www.europesays.com\/no\/wp-json\/wp\/v2\/users\/2"}],"replies":[{"embeddable":true,"href":"https:\/\/www.europesays.com\/no\/wp-json\/wp\/v2\/comments?post=77626"}],"version-history":[{"count":0,"href":"https:\/\/www.europesays.com\/no\/wp-json\/wp\/v2\/posts\/77626\/revisions"}],"wp:featuredmedia":[{"embeddable":true,"href":"https:\/\/www.europesays.com\/no\/wp-json\/wp\/v2\/media\/77627"}],"wp:attachment":[{"href":"https:\/\/www.europesays.com\/no\/wp-json\/wp\/v2\/media?parent=77626"}],"wp:term":[{"taxonomy":"category","embeddable":true,"href":"https:\/\/www.europesays.com\/no\/wp-json\/wp\/v2\/categories?post=77626"},{"taxonomy":"post_tag","embeddable":true,"href":"https:\/\/www.europesays.com\/no\/wp-json\/wp\/v2\/tags?post=77626"}],"curies":[{"name":"wp","href":"https:\/\/api.w.org\/{rel}","templated":true}]}}