{"id":77630,"date":"2025-11-03T21:15:58","date_gmt":"2025-11-03T21:15:58","guid":{"rendered":"https:\/\/www.europesays.com\/no\/77630\/"},"modified":"2025-11-03T21:15:58","modified_gmt":"2025-11-03T21:15:58","slug":"han-ble-tv-kjendis-pa-tur-med-lars-monsen-na-klarer-tare-knapt-ga-en-meter","status":"publish","type":"post","link":"https:\/\/www.europesays.com\/no\/77630\/","title":{"rendered":"Han ble TV-kjendis p\u00e5 tur med Lars Monsen. N\u00e5 klarer Tare knapt g\u00e5 en meter"},"content":{"rendered":"\n<p data-testid=\"textWithMarkup-markup\" data-v-c0623ac3=\"\">\u2013\u00a0Jeg har f\u00e5tt utrettet mye, sl\u00e5r <strong>Tare Teksum<\/strong> fast der han sitter ved kj\u00f8kkenbordet i leiligheten sin. <\/p>\n<p data-testid=\"textWithMarkup-text\" data-v-c9f5b566=\"\" data-v-c0623ac3=\"\">Han har gjort unna ei to-timers trenings\u00f8kt p\u00e5 treningssenteret n\u00e5r OPP kommer p\u00e5 bes\u00f8k litt over klokka 11 p\u00e5 formiddagen.\u00a0<\/p>\n<p data-testid=\"textWithMarkup-markup\" data-v-c0623ac3=\"\">Mens Tare tar imot, er hans assistent <strong>Valerii Volkov<\/strong> i gang med \u00e5 henge opp klesvasken hans. Assistenten s\u00f8rger ogs\u00e5 for \u00e5 gj\u00f8re rent, if\u00f8lge d\u00f8vblinde Tare.<\/p>\n<p>Tare Teksum er ikke lenger istand til \u00e5 forflytte seg p\u00e5 egne ben, og har s\u00e5 d\u00e5rlig syn n\u00e5 at han m\u00e5 ha Valeriis hjelp til \u00e5 styre rullestolen.\u00a0<strong data-v-91367220=\"\">Foto:<\/strong> Morgan Frels\u00f8y<\/p>\n<p data-testid=\"textWithMarkup-text\" data-v-c9f5b566=\"\" data-v-c0623ac3=\"\">53-\u00e5ringen erkjenner at han ikke lenger klarer seg uten assistanse, og da er ukrainske Volkov god \u00e5 ha; enten det er snakk om \u00e5 utf\u00f8re praktiske ting i heimen som Tare selv ikke kan utf\u00f8re, eller som ledsager p\u00e5 tandemsykkelen, til butikken eller treningssenteret.\u00a0<\/p>\n<p data-testid=\"textWithMarkup-text\" data-v-c9f5b566=\"\" data-v-c0623ac3=\"\">Funksjonshemmingen kom gradvis fra 10-\u00e5rsalderen og b\u00e5de syn og h\u00f8rsel utviklet seg gradvis i negativ retning, if\u00f8lge Tare.\u00a0<\/p>\n<p data-testid=\"textWithMarkup-text\" data-v-c9f5b566=\"\" data-v-c0623ac3=\"\">\u2013 Tidlig i ten\u00e5rene var jeg s\u00e5 godt som d\u00f8v; jeg klarte ikke \u00e5 forst\u00e5 spr\u00e5k, det m\u00e5tte skrives for \u00e5 kunne kommunisere. S\u00e5nn var det i cirka 15 \u00e5r, s\u00e5 fikk jeg det f\u00f8rste implantatet i 2001.<\/p>\n<p data-testid=\"textWithMarkup-text\" data-v-c9f5b566=\"\" data-v-c0623ac3=\"\">Tare forteller at de tre f\u00f8rste h\u00f8rselsimplantatene sviktet etter noen \u00e5r, og sier han f\u00f8rst etter \u00e5 ha blitt reoperert for fjerde gang i 2013, hadde f\u00e5tt et hjelpemiddel som fungerte tilfredsstillende.\u00a0<\/p>\n<p data-testid=\"textWithMarkup-text\" data-v-c9f5b566=\"\" data-v-c0623ac3=\"\">Selv om h\u00f8rselsimplantatet er et verdifullt hjelpemiddel, har det hatt en s\u00e6rs u\u00f8nsket bivirkning.<\/p>\n<p data-testid=\"textWithMarkup-text\" data-v-c9f5b566=\"\" data-v-c0623ac3=\"\">\u2013 Fra 2005 ble balansen merkbart d\u00e5rligere, forteller Tare og medgir at den fysiske svekkelsen ogs\u00e5 var mentalt belastende.\u00a0<\/p>\n<p>Viljestyrke<\/p>\n<p data-testid=\"textWithMarkup-text\" data-v-c9f5b566=\"\" data-v-c0623ac3=\"\">Istedenfor \u00e5 akseptere situasjonen og la seg begrense av funksjonshemmingen, aktiverte Tare tidlig viljestyrken sin. <\/p>\n<p data-testid=\"textWithMarkup-text\" data-v-c9f5b566=\"\" data-v-c0623ac3=\"\">Tross synet som ble stadig svakere, fullf\u00f8rte han videreg\u00e5ende skole, og begynte \u00e5 studere historie. Han ga seg ikke f\u00f8r han hadde tatt mastergrad. Parallelt med dette var han opptatt av \u00e5 v\u00e6re fysisk aktiv.\u00a0<\/p>\n<p data-testid=\"textWithMarkup-markup\" data-v-c0623ac3=\"\">I 2009 ble oppdalingen invitert til \u00e5 bli med eventyreren og forbildet, <strong>Lars Monsen<\/strong>, p\u00e5 det som ikke bare skulle bli et eventyr, men en ny start for Tare &#8211; ogs\u00e5 mentalt.<\/p>\n<p>Tare Teksum og Lars Monsen samlet nordmenn foran TV-apparatene i 2010 og Ingen grenser ble k\u00e5ret til \u00e5rets TV-program.\u00a0<strong data-v-91367220=\"\">Foto:<\/strong> NRK, arkiv<\/p>\n<p data-testid=\"textWithMarkup-text\" data-v-c9f5b566=\"\" data-v-c0623ac3=\"\">NRK-serien \u00abIngen grenser\u00bb i 2010 ble en voldsom seersuksess, og Tare ble i etterkant b\u00e5de k\u00e5ret til \u00c5rets tr\u00f8nder og \u00c5rets navn i Oppdal.<\/p>\n<p data-testid=\"textWithMarkup-text\" data-v-c9f5b566=\"\" data-v-c0623ac3=\"\">Tare har tidligere uttalt at serien ikke bare representerte en ny start for hans del, men at den ble retningsgivende for livet han har levd etter TV-suksessen.<\/p>\n<p>Skrev bok<\/p>\n<p data-testid=\"textWithMarkup-text\" data-v-c9f5b566=\"\" data-v-c0623ac3=\"\">Tare har selv v\u00e6rt en lesehest hele livet, og i 2011 skrev han boka \u00abMed viljens kraft\u00bb.<\/p>\n<p data-testid=\"textWithMarkup-markup\" data-v-c0623ac3=\"\">Etter \u00abIngen grenser\u00bb har Tare, mer eller mindre, gjort programtittelen til et motto for sitt eget liv. Han har g\u00e5tt og syklet Norge p\u00e5 langs, og landet p\u00e5 tvers sammen med ledsager <strong>Hans Gr\u00f8seth<\/strong>. Han har g\u00e5tt til toppen av Afrikas h\u00f8yeste fjell,  Kilimanjaro, sammen med ledsager <strong>Arne Opdahl <\/strong>(og journalisten bak denne artikkelen), og syklet p\u00e5 tandem til samtlige av landets stavkirker. Han har syklet Den store styrkepr\u00f8ven og Trollheimen rundt.<\/p>\n<p data-testid=\"textWithMarkup-markup\" data-v-c0623ac3=\"\"><strong>2010:\u00a0<\/strong>Deltok i TV-programmet Ingen grenser p\u00e5 NRK.<\/p>\n<p data-testid=\"textWithMarkup-markup\" data-v-c0623ac3=\"\"><strong>2013:\u00a0<\/strong>Gikk Norge p\u00e5 langs (270 mil).<\/p>\n<p data-testid=\"textWithMarkup-markup\" data-v-c0623ac3=\"\"><strong>2014:\u00a0<\/strong>Gikk Norge p\u00e5 tvers (67 mil) og til topps p\u00e5 landets h\u00f8yeste fjell Galdh\u00f8piggen (2469 moh).<br \/>\n<strong>2015:\u00a0<\/strong>Syklet Den store styrkepr\u00f8ven Trondheim-Oslo p\u00e5 tandem (54 mil).<\/p>\n<p data-testid=\"textWithMarkup-markup\" data-v-c0623ac3=\"\"><strong>2016:<\/strong>\u00a0Besteg Kilimanjaro, Afrikas h\u00f8yeste fjell (5985 moh).<\/p>\n<p data-testid=\"textWithMarkup-markup\" data-v-c0623ac3=\"\"><strong>2017:\u00a0<\/strong>Besteg Erciyes i Tyrkia (3917 moh) og gikk Trollheimen rundt (24 mil).<\/p>\n<p data-testid=\"textWithMarkup-markup\" data-v-c0623ac3=\"\"><strong>2018:<\/strong>\u00a0Gikk og syklet \u00d8sterdalen (27 mil).<\/p>\n<p data-testid=\"textWithMarkup-markup\" data-v-c0623ac3=\"\"><strong>2016-2024:\u00a0<\/strong>Besteg 150 signalfjell med vei. <\/p>\n<p data-testid=\"textWithMarkup-markup\" data-v-c0623ac3=\"\"><strong>2022: <\/strong>Syklet tandem til landets 28 stavkirker.<\/p>\n<p data-testid=\"textWithMarkup-markup\" data-v-c0623ac3=\"\"><strong>2023: <\/strong>Syklet tandem 1650 kilometer til Norges ukjente stavkirke i Polen.<\/p>\n<p data-testid=\"textWithMarkup-text\" data-v-c9f5b566=\"\" data-v-c0623ac3=\"\">\u2013\u00a0Og i fjor syklet jeg og Arne Opdahl pilegrim til Stiklestad for \u00e5 overv\u00e6re spelet om Heilag Olag p\u00e5 Stiklestad. P\u00e5 den samme turen var vi innom klostrene i Levanger og p\u00e5 Tautra.<\/p>\n<p>70 000 h\u00f8ydemeter<\/p>\n<p data-testid=\"textWithMarkup-text\" data-v-c9f5b566=\"\" data-v-c0623ac3=\"\">P\u00e5 sp\u00f8rsm\u00e5l om hvordan han opplevde Spelet p\u00e5 Stiklestad, forteller Tare at han fikk forklart av ledsageren sin om hvordan det visuelt utspilte seg.\u00a0<\/p>\n<p data-testid=\"textWithMarkup-text\" data-v-c9f5b566=\"\" data-v-c0623ac3=\"\">\u2013\u00a0Det fikk jeg ganske godt utbytte av.\u00a0<\/p>\n<p data-testid=\"textWithMarkup-markup\" data-v-c0623ac3=\"\">I perioden 2016 og fram til i fjor, har han sammen med ledsager <strong>Otto Teksum Lund<\/strong> bes\u00f8kt (til fots) 150 signalfjell landet rundt.<\/p>\n<p data-testid=\"textWithMarkup-text\" data-v-c9f5b566=\"\" data-v-c0623ac3=\"\">\u2013\u00a0Turene til signalfjelltoppene utgj\u00f8r en distanse 1300 kilometer og 70 000 h\u00f8ydemeter, forteller Tare.\u00a0<\/p>\n<p data-testid=\"textWithMarkup-text\" data-v-c9f5b566=\"\" data-v-c0623ac3=\"\">Selv om han fremdeles trener jevnlig, innr\u00f8mmer han at det har blitt stadig vanskeligere for ham \u00e5 bevege seg til fots, grunnet ytterligere svekket balanse og syn. F\u00f8r kunne oppdalinger se Tare p\u00e5 tur med staver. <\/p>\n<p data-testid=\"textWithMarkup-text\" data-v-c9f5b566=\"\" data-v-c0623ac3=\"\">Den tida er forbi.<\/p>\n<p>Bevegelsen fra krakken i vindfanget og opp i rullestolen er inn\u00f8vd.\u00a0<strong data-v-91367220=\"\">Foto:<\/strong> Morgan Frels\u00f8y<\/p>\n<p data-testid=\"textWithMarkup-text\" data-v-c9f5b566=\"\" data-v-c0623ac3=\"\">\u2013 Jeg klarer ikke lenger g\u00e5 med staver alene. N\u00e5 m\u00e5 noen st\u00f8tte meg, sier han og forteller at han ikke lenger klarer \u00e5 lese.\u00a0<\/p>\n<p data-testid=\"textWithMarkup-text\" data-v-c9f5b566=\"\" data-v-c0623ac3=\"\">\u2013\u00a0Jeg klarer bare \u00e5 se skygger, ingen konturer eller kontraster. Tidligere kunne jeg skrive og lese p\u00e5 dataskjermen, n\u00e5 bruker jeg bare punktskrift.<\/p>\n<p>Tare leser- og kommuniserer elektronisk med punkt-skrift ved hjelp av denne elektroniske leselista som er tilkoblet mobiltelefonen via bl\u00e5tann.\u00a0<strong data-v-91367220=\"\">Foto:<\/strong> Privat<\/p>\n<p data-testid=\"textWithMarkup-text\" data-v-c9f5b566=\"\" data-v-c0623ac3=\"\">Tare utdyper at han fra 2015 fikk en iPhone som han bruker ved hjelp av en s\u00e5kalt leselist med punktskrift.\u00a0<\/p>\n<p data-testid=\"textWithMarkup-text\" data-v-c9f5b566=\"\" data-v-c0623ac3=\"\">\u2013\u00a0Da ble det enklere \u00e5 lese OPP og Adressa.<\/p>\n<p data-testid=\"textWithMarkup-markup\" data-v-c0623ac3=\"\"><strong>\u2013\u00a0Hvordan fungerer det for deg om jeg vil sende deg en e-post?<\/strong><\/p>\n<p data-testid=\"textWithMarkup-text\" data-v-c9f5b566=\"\" data-v-c0623ac3=\"\">\u2013\u00a0Det fungerer helt vanlig med et program som omdanner e-posten fra telefonen via bl\u00e5tann og til leselista der jeg leser meldingen med punktskrift. Teknologien er til stor hjelp. Det ser jeg n\u00e5r jeg skal bruke ChatGPT om jeg lurer p\u00e5 noe. Det er helt utrolig hva man kan finne fram til.\u00a0<\/p>\n<p data-testid=\"textWithMarkup-text\" data-v-c9f5b566=\"\" data-v-c0623ac3=\"\">\u2013 Jeg ble spurt av en journalist etter \u00abIngen grenser\u00bb om \u00e5 miste synet. Da svarte jeg at om jeg hadde v\u00e6rt bitter, hadde jeg v\u00e6rt urealististisk. Jeg forholder meg til realitetene, og da m\u00e5 du gj\u00f8re det beste ut av situasjonen.<\/p>\n<p data-testid=\"textWithMarkup-text\" data-v-c9f5b566=\"\" data-v-c0623ac3=\"\">Foran seg p\u00e5 kj\u00f8kkenbordet ligger Tares lokalavis. Han kan imidlertid ikke lenger se hva som st\u00e5r der.\u00a0<\/p>\n<p data-testid=\"textWithMarkup-markup\" data-v-c0623ac3=\"\">\u2013\u00a0Mari leste for meg i g\u00e5r, sier han og sikter til <strong>Mari Elisabeth Vassli Breesg\u00e5rd<\/strong>, som har v\u00e6rt Tares personlige assistent (BPA) gjennom en \u00e5rrekke.\u00a0<\/p>\n<p data-testid=\"textWithMarkup-text\" data-v-c9f5b566=\"\" data-v-c0623ac3=\"\">Tross det d\u00e5rlige synet, sp\u00f8ker han med at det ogs\u00e5 har sine fordeler.<\/p>\n<p data-testid=\"textWithMarkup-text\" data-v-c9f5b566=\"\" data-v-c0623ac3=\"\">\u2013\u00a0Blant annet at jeg ikke er s\u00e5 n\u00f8ye med hvilke kl\u00e6r som passer sammen, sier han og trekker lurt p\u00e5 smileb\u00e5ndet.<\/p>\n<p>Fikk oppleve stavkirkene<\/p>\n<p data-testid=\"textWithMarkup-text\" data-v-c9f5b566=\"\" data-v-c0623ac3=\"\">Tare forteller at han setter stor pris p\u00e5 hvordan han ble m\u00f8tt av vertskapene rundt omkring p\u00e5 de forskjellige stavkirkene.\u00a0<\/p>\n<p data-testid=\"textWithMarkup-text\" data-v-c9f5b566=\"\" data-v-c0623ac3=\"\">\u2013\u00a0Jeg var usikker p\u00e5 hvorvidt jeg kunne bruke den taktile sansen da jeg bes\u00f8kte stavkirkene. Jeg hadde forventet at det var strengt forbudt \u00e5 ta p\u00e5 noe, men de var veldig opptatt av hvordan jeg oppfattet stavkirkene og var n\u00f8ye med \u00e5 vise alt mulig, og at jeg skulle ta p\u00e5. Det var imponerende.<\/p>\n<p data-testid=\"textWithMarkup-markup\" data-v-c0623ac3=\"\"><strong>\u2013 Hvordan synes du selv det var?<\/strong><\/p>\n<p data-testid=\"textWithMarkup-text\" data-v-c9f5b566=\"\" data-v-c0623ac3=\"\">\u2013\u00a0Det var noen fantastiske oppelvelser \u00e5 f\u00e5 bes\u00f8ke 29 stavkirker.\u00a0 <\/p>\n<p data-testid=\"textWithMarkup-text\" data-v-c9f5b566=\"\" data-v-c0623ac3=\"\">Tare har sluttet \u00e5 bruke tolk. <\/p>\n<p data-testid=\"textWithMarkup-text\" data-v-c9f5b566=\"\" data-v-c0623ac3=\"\">\u2013\u00a0Jeg oppfatter ganske mye med h\u00f8reapparat, s\u00e5 folk skal v\u00e6re forsiktige med \u00e5 si ting bak min rygg som jeg ikke skal h\u00f8re. Dessverre har jeg opplevd det flere ganger.\u00a0<\/p>\n<p>Harde \u00f8kter<\/p>\n<p data-testid=\"textWithMarkup-text\" data-v-c9f5b566=\"\" data-v-c0623ac3=\"\">Mens han tidligere kj\u00f8rte ganske harde \u00f8kter p\u00e5 b\u00e5de tredem\u00f8lle og spinningsykkelen, sier Tare at han ikke klarer noen av delene lenger. Han bruker imidlertid ergometersykkel, dog med lavere belastning enn tidligere.<\/p>\n<p data-testid=\"textWithMarkup-text\" data-v-c9f5b566=\"\" data-v-c0623ac3=\"\">\u2013 Det er velbehag \u00e5 v\u00e6re fysisk aktiv; det er et behov for meg n\u00e5, sier han og legger til at han er generelt i god form.<\/p>\n<p>Skolissene knyter han selv.\u00a0<strong data-v-91367220=\"\">Foto:<\/strong> Morgan Frels\u00f8y<\/p>\n<p data-testid=\"textWithMarkup-text\" data-v-c9f5b566=\"\" data-v-c0623ac3=\"\">Tare er helt avhengig av assistanse, b\u00e5de hjemme, n\u00e5r han skal forflytte seg utenfor hjemmet, til det meste av aktivitetene og daglige gj\u00f8rem\u00e5l.<\/p>\n<p>Trenger en ekstra assistent<\/p>\n<p data-testid=\"textWithMarkup-text\" data-v-c9f5b566=\"\" data-v-c0623ac3=\"\">Selv om han har f\u00e5tt innvilget 38 timer i uka,\u00a0 har ikke de to forannevnte assistentene mulighet til \u00e5 fylle behovet fullt ut. Til sammen dekker de to 25 timer i uka, if\u00f8lge Tare, som har s\u00f8kt etter en tredje assistent for \u00e5 f\u00e5 dekket opp de resterende timene, uten hell s\u00e5 langt.<\/p>\n<p data-testid=\"textWithMarkup-markup\" data-v-c0623ac3=\"\"><strong>\u2013 Hvilke oppgaver har assistentene dine?<\/strong><\/p>\n<p data-testid=\"textWithMarkup-text\" data-v-c9f5b566=\"\" data-v-c0623ac3=\"\">\u2013\u00a0Det avhenger litt av hvor flinke de selv er. Valerii har vasking her i huset, mens Mari Elisabeth, som jeg kaller verdens beste assistent, kan komme med mattips og hjelpe meg litt med maten, sier Tare, som synes det er spennende \u00e5 lage mat.<\/p>\n<p data-testid=\"textWithMarkup-text\" data-v-c9f5b566=\"\" data-v-c0623ac3=\"\">N\u00e5 h\u00e5per Tare p\u00e5 en tredje assistent, som kan stille opp inntil 13-14 timer,  lese avisa og se TV sammen med Tare. Men stemmen er viktig, understreker han, og forklarer at en lys og skarp stemme er lettere \u00e5 forst\u00e5 enn en m\u00f8rk brummestemme.<\/p>\n<p data-testid=\"textWithMarkup-text\" data-v-c9f5b566=\"\" data-v-c0623ac3=\"\">Mari Elisabeth Vassli Breesg\u00e5rd har v\u00e6rt Tares assistent i ni \u00e5r.<\/p>\n<p data-testid=\"textWithMarkup-text\" data-v-c9f5b566=\"\" data-v-c0623ac3=\"\">\u2013 For den som er interessert i h\u00f8re hvordan det er \u00e5 v\u00e6re assistent, er det bare \u00e5 ta kontakt. <\/p>\n<p data-testid=\"textWithMarkup-markup\" data-v-c0623ac3=\"\"><strong>\u2013\u00a0Forst\u00e5r jeg deg rett, \u00f8nsker du deg en assistent som b\u00e5de snakker tydelig og som har humor, Tare?<\/strong><\/p>\n<p data-testid=\"textWithMarkup-text\" data-v-c9f5b566=\"\" data-v-c0623ac3=\"\">\u2013\u00a0Ja, s\u00e5nne t\u00f8rrpinner er ikke noe artig \u00e5 ha! <\/p>\n","protected":false},"excerpt":{"rendered":"\u2013\u00a0Jeg har f\u00e5tt utrettet mye, sl\u00e5r Tare Teksum fast der han sitter ved kj\u00f8kkenbordet i leiligheten sin. Han&hellip;\n","protected":false},"author":2,"featured_media":77631,"comment_status":"","ping_status":"","sticky":false,"template":"","format":"standard","meta":{"footnotes":""},"categories":[58],"tags":[71,30,28,29,72],"class_list":{"0":"post-77630","1":"post","2":"type-post","3":"status-publish","4":"format-standard","5":"has-post-thumbnail","7":"category-underholdning","8":"tag-entertainment","9":"tag-no","10":"tag-norge","11":"tag-norway","12":"tag-underholdning"},"share_on_mastodon":{"url":"https:\/\/pubeurope.com\/@no\/115487846107941178","error":""},"_links":{"self":[{"href":"https:\/\/www.europesays.com\/no\/wp-json\/wp\/v2\/posts\/77630","targetHints":{"allow":["GET"]}}],"collection":[{"href":"https:\/\/www.europesays.com\/no\/wp-json\/wp\/v2\/posts"}],"about":[{"href":"https:\/\/www.europesays.com\/no\/wp-json\/wp\/v2\/types\/post"}],"author":[{"embeddable":true,"href":"https:\/\/www.europesays.com\/no\/wp-json\/wp\/v2\/users\/2"}],"replies":[{"embeddable":true,"href":"https:\/\/www.europesays.com\/no\/wp-json\/wp\/v2\/comments?post=77630"}],"version-history":[{"count":0,"href":"https:\/\/www.europesays.com\/no\/wp-json\/wp\/v2\/posts\/77630\/revisions"}],"wp:featuredmedia":[{"embeddable":true,"href":"https:\/\/www.europesays.com\/no\/wp-json\/wp\/v2\/media\/77631"}],"wp:attachment":[{"href":"https:\/\/www.europesays.com\/no\/wp-json\/wp\/v2\/media?parent=77630"}],"wp:term":[{"taxonomy":"category","embeddable":true,"href":"https:\/\/www.europesays.com\/no\/wp-json\/wp\/v2\/categories?post=77630"},{"taxonomy":"post_tag","embeddable":true,"href":"https:\/\/www.europesays.com\/no\/wp-json\/wp\/v2\/tags?post=77630"}],"curies":[{"name":"wp","href":"https:\/\/api.w.org\/{rel}","templated":true}]}}