{"id":77711,"date":"2025-11-04T00:31:12","date_gmt":"2025-11-04T00:31:12","guid":{"rendered":"https:\/\/www.europesays.com\/no\/77711\/"},"modified":"2025-11-04T00:31:12","modified_gmt":"2025-11-04T00:31:12","slug":"fem-norske-studenter-midt-i-uroen-i-tanzania","status":"publish","type":"post","link":"https:\/\/www.europesays.com\/no\/77711\/","title":{"rendered":"Fem norske studenter midt i uroen i Tanzania"},"content":{"rendered":"\n<ul class=\"_list_o9xde_3 _list_64s2r_85 _unordered_o9xde_106 text-sans-m\">\n<li class=\"_item_o9xde_30\">Rundt 700 skal v\u00e6re drept etter valguro i Tanzania; UD frar\u00e5der alle reiser. FN har troverdige meldinger om mange drepte, mens myndighetene avviser overdreven makt.<\/li>\n<li class=\"_item_o9xde_30\">Fem norske studenter i Dar-es-Salaam h\u00f8rer skudd, har lite mat og ingen internett, men f\u00f8ler seg relativt trygge og vil fullf\u00f8re eksamen f\u00f8r hjemreise i desember.<\/li>\n<\/ul>\n<p>Vis mer <\/p>\n<p class=\"_paragraph_o9xde_4 _paragraph_xtcu6_10 layout-component text-serif-m layout-normal text-serif-m layout-padded\">\u2013 Vi har ikke hatt s\u00e5 mye mat, men de vi leier av har f\u00e5tt tak i noe, sier Sander Ueland Braut (26) fra Bryne til VG, mandag kveld.<\/p>\n<p class=\"_paragraph_o9xde_4 _paragraph_xtcu6_10 layout-component text-serif-m layout-normal text-serif-m layout-padded\">Sammen med sine fire medstudenter befinner han seg i <a href=\"https:\/\/www.vg.no\/tag\/tanzania?utm_source=vg-article&amp;utm_medium=auto-tagger&amp;utm_campaign=mP76rE\" class=\"_link_o9xde_39\" rel=\"nofollow noopener\" target=\"_blank\">Tanzanias<\/a> st\u00f8rste by, Dar-es-Salaam, der de tilbringer h\u00f8stsemesteret som utvekslingsstudenter fra Universitetet i Agder.<\/p>\n<p class=\"_paragraph_o9xde_4 _paragraph_xtcu6_10 layout-component text-serif-m layout-normal text-serif-m layout-padded\">Situasjonen i landet har eskalert kraftig etter president- og nasjonalforsamlingsvalget 29. oktober.<\/p>\n<p class=\"_paragraph_o9xde_4 _paragraph_xtcu6_10 layout-component text-serif-m layout-normal text-serif-m layout-padded\">\u2013 Slik det er n\u00e5, er d\u00f8dstallet i Dar-es-Salaam rundt 350, og i Mwanza er det over 200. Lagt til tall fra andre steder rundt om i landet er det til sammen rundt 700, sier talsperson for partiet, John Kitoka, til AFP.<\/p>\n<p>Foto: Thomas Mukoya \/ Reuters \/ NTB<\/p>\n<p class=\"_paragraph_o9xde_4 _paragraph_xtcu6_10 layout-component text-serif-m layout-normal text-serif-m layout-padded\">Opposisjonen hevder at opp mot 800 mennesker er drept i sammenst\u00f8t med politiet. <\/p>\n<p class=\"_paragraph_o9xde_4 _paragraph_xtcu6_10 layout-component text-serif-m layout-normal text-serif-m layout-padded\">FN bekrefter at de har mottatt troverdige meldinger om at mange er drept, mens Tanzania offisielt avviser bruk av overdreven makt.<\/p>\n<p>\u202fFem norske studenter midt i krisen<\/p>\n<p class=\"_paragraph_o9xde_4 _paragraph_xtcu6_10 layout-component text-serif-m layout-normal text-serif-m layout-padded\">De fem norske studentene Sander Ueland Braut (26) fra Bryne, Torjus Aambakk (26) fra Asker, Henriette Fosdal Hagen (26) fra Asker, Alexsander Skredtveit (25) fra Skien og Ine Hegre (24) fra Klepp, studerer \u00f8konomi og administrasjon.<\/p>\n<p class=\"_paragraph_o9xde_4 _paragraph_xtcu6_10 layout-component text-serif-m layout-normal text-serif-m layout-padded\"><strong class=\"_strong_o9xde_25\">\u2013 Vi har sittet og sett i veggen de siste dagene, fordi vi ikke har hatt internett og m\u00e5 holde oss inne, sier Braut.<\/strong><\/p>\n<p class=\"_paragraph_o9xde_4 _paragraph_xtcu6_10 layout-component text-serif-m layout-normal text-serif-m layout-padded\">\u2013 Vi har h\u00f8rt smell og skudd p\u00e5 n\u00e6rt hold og sett mye r\u00f8yk. Det verste er egentlig ikke uroen, men usikkerheten, sier han.<\/p>\n<p><img alt=\"Inntil nylig har studieoppholdet i Tanzania v\u00e6rt en positiv opplevelse for studentene.  Foto: Sander Ueland Braut\" class=\"_image_qp4xg_65 layout-component layout-normal\" data-fullscreen- data-track-element-type=\"Article image fullscreen\" data-track-name=\"ImageFullscreen\" decoding=\"async\" loading=\"lazy\" height=\"720\" itemprop=\"image\"  src=\"https:\/\/www.europesays.com\/no\/wp-content\/uploads\/2025\/11\/161cfce2-6955-4f26-927c-5120f74d42b0\"  style=\"object-position:0% 0%\" width=\"540\"\/>Inntil nylig har studieoppholdet i Tanzania v\u00e6rt en positiv opplevelse for studentene.  Foto: Sander Ueland Braut<\/p>\n<p class=\"_paragraph_o9xde_4 _paragraph_xtcu6_10 layout-component text-serif-m layout-normal text-serif-m layout-padded\">Studentene forteller at internett stenges av  myndighetene, til tider i flere d\u00f8gn av gangen \u2013 ofte sammenfallende med eksplosjoner og uro i n\u00e6rheten.<\/p>\n<p class=\"_paragraph_o9xde_4 _paragraph_xtcu6_10 layout-component text-serif-m layout-normal text-serif-m layout-padded\">\u2013 I g\u00e5r fikk vi tilbake nettet litt, men s\u00e5 forsvant det igjen. Kort tid etter h\u00f8rte vi to store smell og s\u00e5 mange milit\u00e6re i gatene, sier Braut.<\/p>\n<p class=\"_paragraph_o9xde_4 _paragraph_xtcu6_10 layout-component text-serif-m layout-normal text-serif-m layout-padded\">Ogs\u00e5 mobilnettet har v\u00e6rt ustabilt. Det har gjort det vanskelig \u00e5 f\u00f8lge med p\u00e5 offisiell informasjon. <\/p>\n<p class=\"_paragraph_o9xde_4 _paragraph_xtcu6_10 layout-component text-serif-m layout-normal text-serif-m layout-padded\">Utenriksdepartementet i Norge frar\u00e5der n\u00e5 alle reiser til Tanzania p\u00e5 grunn av den uforutsigbare og ustabile situasjonen.<\/p>\n<p><img alt=\"Bev\u00e6pnede og maskerte menn uten synlig identifikasjon kj\u00f8rer forbi valgplakater av regjeringspartiet CCMs kandidat og n\u00e5v\u00e6rende president p\u00e5 Zanzibar, Hussein Ali Mwinyi, i Stone Town 30. oktober 2025.  Foto: MARCO LONGARI \/ AFP \/ NTB\" class=\"_image_qp4xg_65 layout-component layout-normal\" data-fullscreen- data-track-element-type=\"Article image fullscreen\" data-track-name=\"ImageFullscreen\" decoding=\"async\" loading=\"lazy\" height=\"2800\" itemprop=\"image\"  src=\"https:\/\/www.europesays.com\/no\/wp-content\/uploads\/2025\/11\/1e35dae2-02f1-4848-abf7-2c33e7754195\"  style=\"object-position:0% 0%\" width=\"4200\"\/>Bev\u00e6pnede og maskerte menn uten synlig identifikasjon kj\u00f8rer forbi valgplakater av regjeringspartiet CCMs kandidat og n\u00e5v\u00e6rende president p\u00e5 Zanzibar, Hussein Ali Mwinyi, i Stone Town 30. oktober 2025.  Foto: MARCO LONGARI \/ AFP \/ NTBMatmangel og stigende priser<\/p>\n<p class=\"_paragraph_o9xde_4 _paragraph_xtcu6_10 layout-component text-serif-m layout-normal text-serif-m layout-padded\">Dar-es-Salaam er i praksis lammet av demonstrasjoner, stengte butikker og knapphet av varer. <\/p>\n<p class=\"_paragraph_o9xde_4 _paragraph_xtcu6_10 layout-component text-serif-m layout-normal text-serif-m layout-padded\">Prisene p\u00e5 b\u00e5de mat og bensin har skutt i v\u00e6ret, melder flere medier.<\/p>\n<p class=\"_paragraph_o9xde_4 _paragraph_xtcu6_10 layout-component text-serif-m layout-normal text-serif-m layout-padded\">Heldigvis har studentene f\u00e5tt hjelp fra naboer i omr\u00e5det.<\/p>\n<p class=\"_paragraph_o9xde_4 _paragraph_xtcu6_10 layout-component text-serif-m layout-normal text-serif-m layout-padded\">\u2013 Vi lagde en handleliste og fikk en med scooter til \u00e5 kj\u00f8pe inn mat. Vi fikk tak i noe seigt kj\u00f8tt, poteter og litt frukt. Det holder jo, sier studentene.<\/p>\n<p class=\"_paragraph_o9xde_4 _paragraph_xtcu6_10 layout-component text-serif-m layout-normal text-serif-m layout-padded\">If\u00f8lge internasjonale medier preges ogs\u00e5 andre deler av landet av matmangel og uro. For studentene er det f\u00f8rsteprioritet \u00e5 holde seg trygge.<\/p>\n<p class=\"_paragraph_o9xde_4 _paragraph_xtcu6_10 layout-component text-serif-m layout-normal text-serif-m layout-padded\"><strong class=\"_strong_o9xde_25\">\u2013 Vi har det ganske greit, p\u00e5 tross av alt. Vi f\u00f8ler oss relativt trygge. Det er mer det at det er mye venting, sier Torjus Aambakk fra Asker. <\/strong><\/p>\n<p class=\"_paragraph_o9xde_4 _paragraph_xtcu6_10 layout-component text-serif-m layout-normal text-serif-m layout-padded\">\u2013 Vi g\u00e5r ikke rundt og er veldig bekymret, sier medstudent Henriette Fosdal Hagen.<\/p>\n<p><img alt=\"Greit \u00e5 v\u00e6re norsk student i Tanzania: VG har bedt studentene sende bilder som viser hvordan de har det n\u00e5 og hvilke omstendigheter de lever under.  Foto: Sander Ueland Braut\" class=\"_image_qp4xg_65 layout-component layout-normal\" data-fullscreen- data-track-element-type=\"Article image fullscreen\" data-track-name=\"ImageFullscreen\" decoding=\"async\" loading=\"lazy\" height=\"2048\" itemprop=\"image\"  src=\"https:\/\/www.europesays.com\/no\/wp-content\/uploads\/2025\/11\/d880f8be-5311-4f43-af78-c38639e8549d\"  style=\"object-position:0% 0%\" width=\"1536\"\/>Greit \u00e5 v\u00e6re norsk student i Tanzania: VG har bedt studentene sende bilder som viser hvordan de har det n\u00e5 og hvilke omstendigheter de lever under.  Foto: Sander Ueland Braut<\/p>\n<p class=\"_paragraph_o9xde_4 _paragraph_xtcu6_10 layout-component text-serif-m layout-normal text-serif-m layout-padded\">Om ni dager skal studentene gjennom sin f\u00f8rste eksamen. Men hverken lese- eller konsentrasjonsforholdene er optimale.<\/p>\n<p class=\"_paragraph_o9xde_4 _paragraph_xtcu6_10 layout-component text-serif-m layout-normal text-serif-m layout-padded\">\u2013 Det har ikke blitt s\u00e5 mye lesing, det kan jeg trygt si, forteller studentene. <\/p>\n<p>\u202fKrever nyvalg<\/p>\n<p class=\"_paragraph_o9xde_4 _paragraph_xtcu6_10 layout-component text-serif-m layout-normal text-serif-m layout-padded\">Bakgrunnen for uroen er det sv\u00e6rt omstridte valget i slutten av oktober, der president Samia Suluhu Hassan ble gjenvalgt med over 98 prosent av stemmene.<\/p>\n<p><img alt=\"Tanzanias president Samia Suluhu Hassan inspiserer \u00e6resgarden under seremonien der hun ble tatt i ed for en ny periode i Dodoma 3. november 2025.  Foto: PRESIDENTIAL PRESS UNIT \/ Reuters \/ NTB\" class=\"_image_qp4xg_65 layout-component layout-normal\" data-fullscreen- data-track-element-type=\"Article image fullscreen\" data-track-name=\"ImageFullscreen\" decoding=\"async\" loading=\"lazy\" height=\"2657\" itemprop=\"image\"  src=\"https:\/\/www.europesays.com\/no\/wp-content\/uploads\/2025\/11\/0d7f13bc-5b16-4c21-8f70-a5b004f440fc\"  style=\"object-position:0% 0%\" width=\"4434\"\/>Tanzanias president Samia Suluhu Hassan inspiserer \u00e6resgarden under seremonien der hun ble tatt i ed for en ny periode i Dodoma 3. november 2025.  Foto: PRESIDENTIAL PRESS UNIT \/ Reuters \/ NTB<\/p>\n<p class=\"_paragraph_o9xde_4 _paragraph_xtcu6_10 layout-component text-serif-m layout-normal text-serif-m layout-padded\">Opposisjonen kaller valget en \u00abskam\u00bb og nekter \u00e5 anerkjenne valgresultatet. Flere opposisjonspartier ble nektet \u00e5 stille til valg, og hovedmotstander Tundu Lissu er fengslet, anklaget for forr\u00e6deri. <\/p>\n<p><img alt=\"Opposisjonsleder og tidligere presidentkandidat Tundu Lissu fra CHADEMA-partiet ankommer h\u00f8yesterett i Dar-es-Salaam, Tanzania, 15. september 2025.  Foto: Emmanuel Herman \/ Reuters \/ NTB\" class=\"_image_qp4xg_65 layout-component layout-normal\" data-fullscreen- data-track-element-type=\"Article image fullscreen\" data-track-name=\"ImageFullscreen\" decoding=\"async\" loading=\"lazy\" height=\"4380\" itemprop=\"image\"  src=\"https:\/\/www.europesays.com\/no\/wp-content\/uploads\/2025\/11\/79cb747d-e092-45c1-b8af-1807605ec5f3\"  style=\"object-position:0% 0%\" width=\"7500\"\/>Opposisjonsleder og tidligere presidentkandidat Tundu Lissu fra CHADEMA-partiet ankommer h\u00f8yesterett i Dar-es-Salaam, Tanzania, 15. september 2025.  Foto: Emmanuel Herman \/ Reuters \/ NTB<\/p>\n<p class=\"_paragraph_o9xde_4 _paragraph_xtcu6_10 layout-component text-serif-m layout-normal text-serif-m layout-padded\">Ryktene i omr\u00e5det skal ha det til at det skal bli bedre og at flere peker p\u00e5 at det kan bli l\u00f8st p\u00e5 onsdag, men studentene mener at det fortsatt er mange demonstrasjoner og at de ikke vet hvor lenge det skal holde p\u00e5.<\/p>\n<p class=\"_paragraph_o9xde_4 _paragraph_xtcu6_10 layout-component text-serif-m layout-normal text-serif-m layout-padded\">\u2013 Vi har f\u00e5tt kontakt med familien og gitt beskjed at vi har det bra. Planen er at vi fullf\u00f8rer eksamenene her og reiser hjem til Norge i desember, sier Sander Ueland Braut.<\/p>\n<p>    <img decoding=\"async\" alt=\"Tips oss illustrasjon\" src=\"https:\/\/www.europesays.com\/no\/wp-content\/uploads\/2025\/10\/pssst-small.webp.webp\"\/>    <\/p>\n<p class=\"title-serif-s\">Har du tips?<\/p>\n<p class=\"text-sans-m\">Send oss informasjon, bilder eller video.<\/p>\n<p>  <a href=\"https:\/\/www.vg.no\/tips-oss\" rel=\"nofollow noopener\" target=\"_blank\"> Tips oss <\/a>      <\/p>\n","protected":false},"excerpt":{"rendered":"Rundt 700 skal v\u00e6re drept etter valguro i Tanzania; UD frar\u00e5der alle reiser. FN har troverdige meldinger om&hellip;\n","protected":false},"author":2,"featured_media":77712,"comment_status":"","ping_status":"","sticky":false,"template":"","format":"standard","meta":{"footnotes":""},"categories":[12],"tags":[31,20,21,10709,864,24,25,15,22,23,13,30,28,29,14,16,10360,26,27,42,43,44,45],"class_list":{"0":"post-77711","1":"post","2":"type-post","3":"status-publish","4":"format-standard","5":"has-post-thumbnail","7":"category-verden","8":"tag-breaking","9":"tag-breaking-news","10":"tag-breakingnews","11":"tag-dar-es-salaam","12":"tag-demonstrasjoner","13":"tag-featured-news","14":"tag-featurednews","15":"tag-headlines","16":"tag-latest-news","17":"tag-latestnews","18":"tag-news","19":"tag-no","20":"tag-norge","21":"tag-norway","22":"tag-nyheter","23":"tag-overskrifter","24":"tag-tanzania","25":"tag-top-stories","26":"tag-topstories","27":"tag-verden","28":"tag-world","29":"tag-world-news","30":"tag-worldnews"},"share_on_mastodon":{"url":"https:\/\/pubeurope.com\/@no\/115488613161671452","error":""},"_links":{"self":[{"href":"https:\/\/www.europesays.com\/no\/wp-json\/wp\/v2\/posts\/77711","targetHints":{"allow":["GET"]}}],"collection":[{"href":"https:\/\/www.europesays.com\/no\/wp-json\/wp\/v2\/posts"}],"about":[{"href":"https:\/\/www.europesays.com\/no\/wp-json\/wp\/v2\/types\/post"}],"author":[{"embeddable":true,"href":"https:\/\/www.europesays.com\/no\/wp-json\/wp\/v2\/users\/2"}],"replies":[{"embeddable":true,"href":"https:\/\/www.europesays.com\/no\/wp-json\/wp\/v2\/comments?post=77711"}],"version-history":[{"count":0,"href":"https:\/\/www.europesays.com\/no\/wp-json\/wp\/v2\/posts\/77711\/revisions"}],"wp:featuredmedia":[{"embeddable":true,"href":"https:\/\/www.europesays.com\/no\/wp-json\/wp\/v2\/media\/77712"}],"wp:attachment":[{"href":"https:\/\/www.europesays.com\/no\/wp-json\/wp\/v2\/media?parent=77711"}],"wp:term":[{"taxonomy":"category","embeddable":true,"href":"https:\/\/www.europesays.com\/no\/wp-json\/wp\/v2\/categories?post=77711"},{"taxonomy":"post_tag","embeddable":true,"href":"https:\/\/www.europesays.com\/no\/wp-json\/wp\/v2\/tags?post=77711"}],"curies":[{"name":"wp","href":"https:\/\/api.w.org\/{rel}","templated":true}]}}