{"id":77721,"date":"2025-11-04T00:46:32","date_gmt":"2025-11-04T00:46:32","guid":{"rendered":"https:\/\/www.europesays.com\/no\/77721\/"},"modified":"2025-11-04T00:46:32","modified_gmt":"2025-11-04T00:46:32","slug":"menn-vet-for-lite-om-kreft-2","status":"publish","type":"post","link":"https:\/\/www.europesays.com\/no\/77721\/","title":{"rendered":"Menn vet for lite om kreft"},"content":{"rendered":"<p class=\"kicker \" style=\"\">Kreftforeningen:<\/p>\n<p>  November har blitt en viktig m\u00e5ned for mannehelse. En ny rapport viser at menn har lavere kunnskap om kreft enn kvinner.<\/p>\n<p>\n    VIL STYRKE KUNNSKAPEN: Ingrid Stenstadvold Ross, generalsekret\u00e6r i Kreftforeningen er bekymret over at bare 1 av 5 menn mener at de har god kunnskap om faresignaler for kreft. Foto: Shutterstock. Foto: Lise \u00c5serud \/ NTB\n  <\/p>\n<p>    Kort fortalt<\/p>\n<ul lang=\"nb-NO\">\n<li>November er kjent som Movember, en m\u00e5ned for \u00e5 \u00f8ke bevisstheten om menns helse.<\/li>\n<li>En rapport viser at menn har betydelig lavere kunnskap om kreft enn kvinner.<\/li>\n<li>Kreftforeningen mener kunnskapsgapet kan ha alvorlige konsekvenser for menn.<\/li>\n<li>Det foresl\u00e5s en ny strategi for \u00e5 \u00f8ke menns helsekompetanse og redde liv.<\/li>\n<\/ul>\n<p class=\"italic ai-disclaimer\" data-lab-italic=\"italic\">Sammendraget er laget av ChatGPT og godkjent av Dagbladet.<\/p>\n<p>      Vis mer<br \/>\n      Vis mindre<\/p>\n<p>De siste \u00e5ra har november blitt kjent som m\u00e5neden for bevisstgj\u00f8ring av menns helse, under navnet \u00abMovember\u00bb. Menn som deltar i movember skal igjennom 30 dager gro en fyldig bart p\u00e5 overleppa.\u00a0 \u00a0<\/p>\n<p>\u00abMovember\u00bb-bevegelsen har grodd tusenvis av barter verden over siden 2003, da en vennegjeng i Australia begynte \u00e5 diskutere 70-tallsmote og utfordret hverandre til \u00e5 gro en bart. Siden den gang har de brukt oppmerksomheten til \u00e5 samle inn penger til veldedighet og forskning p\u00e5 prostatakreft.\u00a0<\/p>\n<p>    <a itemprop=\"url\" href=\"https:\/\/www.dagbladet.no\/tema\/star-i-en-tsunami-av-kreft\/83143377\" rel=\"nofollow noopener\" target=\"_blank\"><\/p>\n<p>      <img loading=\"lazy\" decoding=\"async\" src=\"https:\/\/www.europesays.com\/no\/wp-content\/uploads\/2025\/11\/83150526.webp\" width=\"980\" height=\"441\" title=\"- St\u00e5r i en tsunami av kreft\" alt=\"\" class=\"lazyload\" style=\"--aspect-ratio-image: 2.22; \"\/><\/p>\n<p>        &#8211; St\u00e5r i en tsunami av kreft <\/p>\n<p>    <\/a><\/p>\n<p>En ny rapport viser at menn har betydelig lavere kunnskap om kreft enn kvinner b\u00e5de n\u00e5r det gjelder symptomer, risikofaktorer og forebygging.<\/p>\n<p>Menn vet mindre om kreft og drar sjeldnere til legen med symptomer enn kvinner. Kreftforeningen sl\u00e5r alarm om at kunnskapsgapet kan ha alvorlige konsekvenser.<\/p>\n<p>Halvparten har d\u00e5rlig kunnskap\t<\/p>\n<p>&#8211; N\u00e5r menn ikke kjenner faresignalene eller utsetter legebes\u00f8k, mister vi verdifull tid. Tidlig oppdagelse av kreft kan v\u00e6re avgj\u00f8rende for \u00e5 overleve, sier generalsekret\u00e6r Ingrid Stenstadvold Ross i Kreftforeningen i en epost til NTB.<\/p>\n<p>Halvparten av mennene oppgir at de har d\u00e5rlig kunnskap om faresignaler for kreft og mange utsetter \u00e5 g\u00e5 til legen selv med symptomer.<\/p>\n<p>Bare \u00e9n av fem menn mener de har god kunnskap om faresignaler for kreft. Til sammenligning oppgir \u00e9n av tre kvinner det samme.<\/p>\n<p> Informasjonen n\u00e5r ikke menn\t<\/p>\n<p>Helseinformasjon n\u00e5r menn i liten grad, viser rapporten.<\/p>\n<p>De leser mindre om helse p\u00e5 Helsenorge, snakker mindre med venner og familie om helse, og opps\u00f8ker sjeldnere helseinformasjon i sosiale medier. Mange menn oppgir at de verken leser eller h\u00f8rer om helse.<\/p>\n<p>    <a itemprop=\"url\" href=\"https:\/\/www.dagbladet.no\/nyheter\/halgeirs-tabu-helt-alene-om-det\/82257783\" rel=\"nofollow noopener\" target=\"_blank\"><\/p>\n<p>      <img loading=\"lazy\" decoding=\"async\" src=\"https:\/\/www.europesays.com\/no\/wp-content\/uploads\/2025\/11\/82258817.webp\" width=\"980\" height=\"441\" title=\"Halgeirs tabu: - Helt alene om det\" alt=\"\" class=\"lazyload\" style=\"--aspect-ratio-image: 2.22; \"\/><\/p>\n<p>        Halgeirs tabu: &#8211; Helt alene om det<\/p>\n<p>    <\/a><\/p>\n<p>Bare 46 prosent av menn vet at HPV, som kan f\u00f8re til flere typer kreft, smitter seksuelt. Til sammenligning svarer 76 prosent av kvinnene at de kjenner til dette.<\/p>\n<p>&#8211; Vi m\u00e5 styrke kunnskapen om HPV i skolen, og vi m\u00e5 bli bedre til \u00e5 n\u00e5 menn der de er p\u00e5 jobb, i fritidsmilj\u00f8er og i de kanalene de faktisk bruker, sier Ross.<\/p>\n<p>Trenger ny strategi\t<\/p>\n<p>I rapporten kommer det fram at regjeringens \u00abStrategi for \u00e5 \u00f8ke helsekompetansen i befolkningen 2019-2023\u00bb var kj\u00f8nnsn\u00f8ytral, og at den ikke tok for seg at menn generelt har mindre helsekompetanse enn kvinner.<\/p>\n<p>&#8211; Vi trenger en egen strategi for \u00e5 \u00f8ke menns helsekompetanse. Kreftforeningen \u00f8nsker at helsemyndighetene skal ta st\u00f8rre ansvar for \u00e5 informere menn om symptomer p\u00e5 kreft, sier Ross.<\/p>\n<p>    <a itemprop=\"url\" href=\"https:\/\/www.dagbladet.no\/nyheter\/ny-kreftrapport-sjokkerer-bekymrer-oss\/82647029\" rel=\"nofollow noopener\" target=\"_blank\"><\/p>\n<p>      <img loading=\"lazy\" decoding=\"async\" src=\"https:\/\/www.europesays.com\/no\/wp-content\/uploads\/2025\/11\/82649587.webp\" width=\"980\" height=\"441\" title=\"Ny kreftrapport sjokkerer: - Bekymrer oss\" alt=\"\" class=\"lazyload\" style=\"--aspect-ratio-image: 2.22; \"\/><\/p>\n<p>        Ny kreftrapport sjokkerer: &#8211; Bekymrer oss<\/p>\n<p>    <\/a><\/p>\n<p>Hun mener at alle andre ogs\u00e5 b\u00f8r v\u00e6re med p\u00e5 \u00e5 \u00f8ke kunnskapen hos menn.<\/p>\n<p>&#8211; Gjennom samarbeid med arbeidsplasser, idrettslag, fagforeninger og andre organisasjoner kan vi n\u00e5 ut til flere til menn. \u00d8kt kreftkunnskap blant menn kan redde liv, sier hun.<\/p>\n<p>1600 deltok i unders\u00f8kelsen\t<\/p>\n<p>Rapporten bygger p\u00e5 en unders\u00f8kelse utf\u00f8rt av Respons Analyse p\u00e5 oppdrag fra Kreftforeningen i oktober 2025.<\/p>\n<p>Nesten 1600 personer har svart p\u00e5 unders\u00f8kelsen.<\/p>\n<p>Rapporten er supplert med tall fra Statistisk sentralbyr\u00e5 (SSB) om legebes\u00f8k samt fra Folkehelseinstituttet om deltakelse i screening, forekomst av kreft og \u00e5rsaker til d\u00f8dsfall i Norge.<\/p>\n","protected":false},"excerpt":{"rendered":"Kreftforeningen: November har blitt en viktig m\u00e5ned for mannehelse. En ny rapport viser at menn har lavere kunnskap&hellip;\n","protected":false},"author":2,"featured_media":77722,"comment_status":"","ping_status":"","sticky":false,"template":"","format":"standard","meta":{"footnotes":""},"categories":[10],"tags":[20,21,24,25,15,2539,1401,3749,22,23,10710,13,30,28,29,14,16,26,27],"class_list":{"0":"post-77721","1":"post","2":"type-post","3":"status-publish","4":"format-standard","5":"has-post-thumbnail","7":"category-norge","8":"tag-breaking-news","9":"tag-breakingnews","10":"tag-featured-news","11":"tag-featurednews","12":"tag-headlines","13":"tag-innenriks","14":"tag-kreft","15":"tag-kreftforeningen","16":"tag-latest-news","17":"tag-latestnews","18":"tag-movember","19":"tag-news","20":"tag-no","21":"tag-norge","22":"tag-norway","23":"tag-nyheter","24":"tag-overskrifter","25":"tag-top-stories","26":"tag-topstories"},"share_on_mastodon":{"url":"https:\/\/pubeurope.com\/@no\/115488671992465755","error":""},"_links":{"self":[{"href":"https:\/\/www.europesays.com\/no\/wp-json\/wp\/v2\/posts\/77721","targetHints":{"allow":["GET"]}}],"collection":[{"href":"https:\/\/www.europesays.com\/no\/wp-json\/wp\/v2\/posts"}],"about":[{"href":"https:\/\/www.europesays.com\/no\/wp-json\/wp\/v2\/types\/post"}],"author":[{"embeddable":true,"href":"https:\/\/www.europesays.com\/no\/wp-json\/wp\/v2\/users\/2"}],"replies":[{"embeddable":true,"href":"https:\/\/www.europesays.com\/no\/wp-json\/wp\/v2\/comments?post=77721"}],"version-history":[{"count":0,"href":"https:\/\/www.europesays.com\/no\/wp-json\/wp\/v2\/posts\/77721\/revisions"}],"wp:featuredmedia":[{"embeddable":true,"href":"https:\/\/www.europesays.com\/no\/wp-json\/wp\/v2\/media\/77722"}],"wp:attachment":[{"href":"https:\/\/www.europesays.com\/no\/wp-json\/wp\/v2\/media?parent=77721"}],"wp:term":[{"taxonomy":"category","embeddable":true,"href":"https:\/\/www.europesays.com\/no\/wp-json\/wp\/v2\/categories?post=77721"},{"taxonomy":"post_tag","embeddable":true,"href":"https:\/\/www.europesays.com\/no\/wp-json\/wp\/v2\/tags?post=77721"}],"curies":[{"name":"wp","href":"https:\/\/api.w.org\/{rel}","templated":true}]}}