{"id":77731,"date":"2025-11-04T01:27:09","date_gmt":"2025-11-04T01:27:09","guid":{"rendered":"https:\/\/www.europesays.com\/no\/77731\/"},"modified":"2025-11-04T01:27:09","modified_gmt":"2025-11-04T01:27:09","slug":"syv-klatrere-dode-i-snoskred-i-nepal","status":"publish","type":"post","link":"https:\/\/www.europesays.com\/no\/77731\/","title":{"rendered":"Syv klatrere d\u00f8de i sn\u00f8skred i Nepal"},"content":{"rendered":"\n<p class=\"_lead_o9xde_2 _lead_xtcu6_50 layout-component text-serif-m layout-normal text-serif-l layout-component layout-wide layout-padded _wide_17hqh_1 layout-padded\">Flere utenlandske klatrere d\u00f8de da at et sn\u00f8skred traff basecamp p\u00e5 fjellet Yalung Ri.<\/p>\n<p><img alt=\"\" class=\"_image_qp4xg_65 layout-component layout-wide\" data-fullscreen- data-track-element-type=\"Article image fullscreen\" data-track-name=\"ImageFullscreen\" fetchpriority=\"high\" decoding=\"sync\" loading=\"eager\" height=\"857\" itemprop=\"image\"  src=\"https:\/\/www.europesays.com\/no\/wp-content\/uploads\/2025\/11\/6f8afd20-c5d2-4085-87ec-4f41a125d44b\"  style=\"object-position:0% 0%\" width=\"1524\"\/><\/p>\n<ul aria-hidden=\"true\" class=\"_images_18f0k_111\">\n<li><a class=\"_link_18f0k_116\" href=\"https:\/\/www.vg.no\/forfatter\/hege-varsi\" style=\"z-index:1\" title=\"Hege Varsi\" rel=\"nofollow noopener\" target=\"_blank\"><img alt=\"Bilde av Hege Varsi\" class=\"_image_18f0k_93\" fetchpriority=\"low\" loading=\"lazy\" decoding=\"async\" itemprop=\"image\"  src=\"https:\/\/www.europesays.com\/no\/wp-content\/uploads\/2025\/11\/d48c09ee-ae08-4a71-8e5b-8db7c6b4f37d\"  width=\"480\"\/><\/a><\/li>\n<\/ul>\n<p> Oppdatert tirsdag 4. november kl. 01:51     <\/p>\n<p class=\"_paragraph_o9xde_4 _paragraph_xtcu6_10 layout-component text-serif-m layout-normal text-serif-m layout-padded\">Syv personer mistet livet da et sn\u00f8skred feide gjennom den ene leiren p\u00e5 Mount Yalung Ri i <a href=\"https:\/\/www.vg.no\/tag\/nepal?utm_source=vg-article&amp;utm_medium=auto-tagger&amp;utm_campaign=rPvLQe\" class=\"_link_o9xde_39\" rel=\"nofollow noopener\" target=\"_blank\">Nepal<\/a> mandag morgen, melder flere medier, blant annet <a href=\"https:\/\/www.theguardian.com\/world\/2025\/nov\/03\/climbers-guides-killed-mount-yalung-ri-nepal-avalanche-officials\" class=\"_link_o9xde_39\" rel=\"nofollow noopener\" target=\"_blank\">The Guardian<\/a> og <a href=\"https:\/\/www.nbcnews.com\/world\/asia\/nepal-avalanche-climbers-missing-mount-yalung-ri-police-army-rcna241644\" class=\"_link_o9xde_39\" rel=\"nofollow noopener\" target=\"_blank\">NBC News<\/a>.<\/p>\n<p class=\"_paragraph_o9xde_4 _paragraph_xtcu6_10 layout-component text-serif-m layout-normal text-serif-m layout-padded\">To nepalske guider er ogs\u00e5 blant de omkomne etter at skredet traff leiren p\u00e5 4900 meters h\u00f8yde.<\/p>\n<p class=\"_paragraph_o9xde_4 _paragraph_xtcu6_10 layout-component text-serif-m layout-normal text-serif-m layout-padded\">\u2013 Tre var amerikanske statsborgere, en var kanadisk og en italiensk, sier politiets Gyan Kumar Mahato til NBC News.<\/p>\n<p class=\"_paragraph_o9xde_4 _paragraph_xtcu6_10 layout-component text-serif-m layout-normal text-serif-m layout-padded\">Fire personer er fortsatt savnet, mens fire andre ble skadet i ulykken.<\/p>\n<p>Aktiver kart<\/p>\n<p class=\"_paragraph_o9xde_4 _paragraph_xtcu6_10 layout-component text-serif-m layout-normal text-serif-m layout-padded\">Gruppen bestod av fem klatrere og ti nepalske guider som skulle bestige det 5600 meter h\u00f8ye fjellet. <\/p>\n<p class=\"_paragraph_o9xde_4 _paragraph_xtcu6_10 layout-component text-serif-m layout-normal text-serif-m layout-padded\">Mount Yalung Ri regnes som et nybegynnerfjell for de som ikke har erfaring med h\u00f8yfjellsklatring.<\/p>\n<p class=\"_paragraph_o9xde_4 _paragraph_xtcu6_10 layout-component text-serif-m layout-normal text-serif-m layout-padded\">D\u00e5rlig v\u00e6r har hindret redningsarbeidet. Et redningshelikopter m\u00e5tte snu p\u00e5 grunn av sn\u00f8storm, og redningsmannskapene m\u00e5 n\u00e5 ta seg frem til fots.<\/p>\n<p class=\"_paragraph_o9xde_4 _paragraph_xtcu6_10 layout-component text-serif-m layout-normal text-serif-m layout-padded\">\u2013 P\u00e5 grunn av d\u00e5rlig v\u00e6r kunne ikke helikoptrene fly, og en landbasert redningsaksjon var umulig, sier Mahato.<\/p>\n<p class=\"_paragraph_o9xde_4 _paragraph_xtcu6_10 layout-component text-serif-m layout-normal text-serif-m layout-padded\">Redningsaksjonen fortsetter tirsdag morgen, men h\u00e5pet om \u00e5 finne noen av de savnede i live, svinner time for time. <\/p>\n<p class=\"_paragraph_o9xde_4 _paragraph_xtcu6_10 layout-component text-serif-m layout-normal text-serif-m layout-padded\">\u00c5tte av verdens 14 h\u00f8yeste fjell, inkludert Mount Everest, ligger i Nepal. V\u00e5ren er den mest popul\u00e6re klatresesongen, n\u00e5r v\u00e6ret er gunstig p\u00e5 disse h\u00f8ye fjelltoppene.<\/p>\n","protected":false},"excerpt":{"rendered":"Flere utenlandske klatrere d\u00f8de da at et sn\u00f8skred traff basecamp p\u00e5 fjellet Yalung Ri. Oppdatert tirsdag 4. november&hellip;\n","protected":false},"author":2,"featured_media":77732,"comment_status":"","ping_status":"","sticky":false,"template":"","format":"standard","meta":{"footnotes":""},"categories":[12],"tags":[20,21,24,25,15,22,23,7094,4881,13,30,28,29,14,16,111,10502,26,27,42,46,43,44,45],"class_list":{"0":"post-77731","1":"post","2":"type-post","3":"status-publish","4":"format-standard","5":"has-post-thumbnail","7":"category-verden","8":"tag-breaking-news","9":"tag-breakingnews","10":"tag-featured-news","11":"tag-featurednews","12":"tag-headlines","13":"tag-latest-news","14":"tag-latestnews","15":"tag-mount-everest","16":"tag-nepal","17":"tag-news","18":"tag-no","19":"tag-norge","20":"tag-norway","21":"tag-nyheter","22":"tag-overskrifter","23":"tag-redningsaksjon","24":"tag-snoskred","25":"tag-top-stories","26":"tag-topstories","27":"tag-verden","28":"tag-vgai","29":"tag-world","30":"tag-world-news","31":"tag-worldnews"},"share_on_mastodon":{"url":"https:\/\/pubeurope.com\/@no\/115488833179353451","error":""},"_links":{"self":[{"href":"https:\/\/www.europesays.com\/no\/wp-json\/wp\/v2\/posts\/77731","targetHints":{"allow":["GET"]}}],"collection":[{"href":"https:\/\/www.europesays.com\/no\/wp-json\/wp\/v2\/posts"}],"about":[{"href":"https:\/\/www.europesays.com\/no\/wp-json\/wp\/v2\/types\/post"}],"author":[{"embeddable":true,"href":"https:\/\/www.europesays.com\/no\/wp-json\/wp\/v2\/users\/2"}],"replies":[{"embeddable":true,"href":"https:\/\/www.europesays.com\/no\/wp-json\/wp\/v2\/comments?post=77731"}],"version-history":[{"count":0,"href":"https:\/\/www.europesays.com\/no\/wp-json\/wp\/v2\/posts\/77731\/revisions"}],"wp:featuredmedia":[{"embeddable":true,"href":"https:\/\/www.europesays.com\/no\/wp-json\/wp\/v2\/media\/77732"}],"wp:attachment":[{"href":"https:\/\/www.europesays.com\/no\/wp-json\/wp\/v2\/media?parent=77731"}],"wp:term":[{"taxonomy":"category","embeddable":true,"href":"https:\/\/www.europesays.com\/no\/wp-json\/wp\/v2\/categories?post=77731"},{"taxonomy":"post_tag","embeddable":true,"href":"https:\/\/www.europesays.com\/no\/wp-json\/wp\/v2\/tags?post=77731"}],"curies":[{"name":"wp","href":"https:\/\/api.w.org\/{rel}","templated":true}]}}