{"id":77735,"date":"2025-11-04T01:34:14","date_gmt":"2025-11-04T01:34:14","guid":{"rendered":"https:\/\/www.europesays.com\/no\/77735\/"},"modified":"2025-11-04T01:34:14","modified_gmt":"2025-11-04T01:34:14","slug":"gar-mot-rekord-skammelig","status":"publish","type":"post","link":"https:\/\/www.europesays.com\/no\/77735\/","title":{"rendered":"G\u00e5r mot rekord: &#8211; Skammelig"},"content":{"rendered":"<p class=\"kicker \" style=\"\">Nedstenging i USA:<\/p>\n<p>  Kongressen n\u00e6rmer seg en historisk milep\u00e6l. Det kan f\u00e5 dramatiske konsekvenser.\u00a0<\/p>\n<p>\n    BER TRUMP GRIPE INN: Kongressen kan denne uka sette rekord for lengste nedstengning av det amerikanske statsapparatet noensinne. N\u00e5 kan millioner av amerikanere rammes. Foto: Reuters \/ Evelyn Hockstein \/ NTB\n  <\/p>\n<p>    Kort fortalt<\/p>\n<p lang=\"nb-NO\">Kongressen i USA n\u00e6rmer seg tidenes lengste nedstenging av statsapparatet, med 35 dager som kritisk grense.<\/p>\n<p lang=\"nb-NO\">Demokratene og republikanerne er fastl\u00e5st i en budsjettkrangel uten rask l\u00f8sning i sikte, med store konsekvenser for millioner av amerikanere.<\/p>\n<p lang=\"nb-NO\">Republikaneren Mike Johnson kritiserer demokratene for situasjonen, mens demokratene mener ansvaret ligger hos republikanerne.<\/p>\n<p lang=\"nb-NO\">Konflikten dreier seg hovedsakelig om helsepolitikk, og mye hviler p\u00e5 president Donald Trump for \u00e5 finne en l\u00f8sning.<\/p>\n<p class=\"italic ai-disclaimer\" data-lab-italic=\"italic\">Sammendraget er laget av ChatGPT og godkjent av B\u00f8rsen.<\/p>\n<p>      Vis mer<br \/>\n      Vis mindre<\/p>\n<p> Denne uka kan Kongressen skrive seg inn i historieb\u00f8kene med tidenes lengste nedstenging\u00a0av statsapparatet\u00a0i USA. Den magiske grensa er p\u00e5 35 dager, og tirsdag kveld lokal tid st\u00e5r den lite hederlige rekorden for fall.<\/p>\n<p class=\"font-weight-bold m-font-weight-bold\" data-lab-font_weight=\"font-weight-bold\"> Forrige gang statsapparatet ble stengt ned, var i 2019 &#8211; ogs\u00e5 den gang under president Donald Trump.\u00a0<\/p>\n<p>N\u00e5 st\u00e5r demokratene og republikanerne igjen fastl\u00e5st i budsjettkrangel, med ytterst f\u00e5 som ser noen rask l\u00f8sning i sikte.\u00a0<\/p>\n<p> &#8211; Jeg ser ingen utvei, fastsl\u00e5r senator John Kennedy.<\/p>\n<p>    <a itemprop=\"url\" href=\"https:\/\/borsen.dagbladet.no\/nyheter\/tusenvis-far-sparken\/83709513\" rel=\"nofollow noopener\" target=\"_blank\"><\/p>\n<p>      <img loading=\"lazy\" decoding=\"async\" src=\"https:\/\/www.europesays.com\/no\/wp-content\/uploads\/2025\/11\/83709523.webp\" width=\"980\" height=\"441\" title=\"Tusenvis f\u00e5r sparken\" alt=\"\" class=\"lazyload\" style=\"--aspect-ratio-image: 2.22; \"\/><\/p>\n<p>        Tusenvis f\u00e5r sparken<\/p>\n<p>    <\/a><\/p>\n<p>Store ringvirkninger\t<\/p>\n<p>If\u00f8lge <a href=\"https:\/\/www.politico.com\/news\/2025\/11\/03\/congress-longest-shutdown-record-00632927\" rel=\"nofollow noopener\" target=\"_blank\">Politico<\/a> truer n\u00e5 m\u00f8rke skyer i horisonten for millioner av amerikanere, grunnet bortfall av tilbud som\u00a0finansieres over statsbudsjettet:\u00a0\u00a0<\/p>\n<ul>\n<li class=\"lab-bodytext-line\"> Mange risikerer \u00e5 g\u00e5 uten matpenger grunnet mulig stans av matpengeordningen\u00a0Snap\u00a0(Supplemental Nutrition Assistance Program) som utbetales til n\u00e6rmere 42 millioner amerikanere.<\/li>\n<li class=\"lab-bodytext-line\">Flere barnehager og f\u00f8rskoletilbud kan m\u00e5tte stenge.\u00a0<\/li>\n<li class=\"lab-bodytext-line\">Det kan bli mangel p\u00e5 flygeledere.<\/li>\n<li class=\"lab-bodytext-line\">Helseforsikringen kan bli dyrere n\u00e5r subsidiene i Obamacare utl\u00f8per.<\/li>\n<\/ul>\n<p>    <a itemprop=\"url\" href=\"https:\/\/borsen.dagbladet.no\/nyheter\/kraftig-nedtur-nytt-bunniva\/83663205\" rel=\"nofollow noopener\" target=\"_blank\"><\/p>\n<p>      <img loading=\"lazy\" decoding=\"async\" src=\"https:\/\/www.europesays.com\/no\/wp-content\/uploads\/2025\/11\/83663226.webp\" width=\"980\" height=\"441\" title=\"Kraftig nedtur: - Nytt bunniv\u00e5\" alt=\"\" class=\"lazyload\" style=\"--aspect-ratio-image: 2.22; \"\/><\/p>\n<p>        Kraftig nedtur: &#8211; Nytt bunniv\u00e5<\/p>\n<p>    <\/a><\/p>\n<p>&#8211; S\u00e5 mye smerte\t<\/p>\n<p>Lederen i Representantenes hus i USA, republikaneren\u00a0Mike\u00a0Johnson, retter kraftig skyts i retning demokratene og mener situasjonen har p\u00e5g\u00e5tt for lenge.<\/p>\n<p> &#8211; Skammelig, fullstendig skammelig, at demokratene skriver historie p\u00e5 denne m\u00e5ten. Jeg trodde \u00e6rlig talt ikke de ville ha frekkheten til \u00e5 p\u00e5f\u00f8re folk s\u00e5 mye smerte og samtidig vise s\u00e5 liten omtanke, tordner han, if\u00f8lge avisa.\u00a0<\/p>\n<p>        Tirsdag 5. august ble USAs president Donald Trump observert p\u00e5 taket av Det hvite hus. Video: AP. Reporter: Marte Nyl\u00f8kken Helseth. <\/p>\n<p class=\"font-weight-bold m-font-weight-bold\" data-lab-font_weight=\"font-weight-bold\">Demokratene avviser imidlertid kritikken, og mener ballen ligger p\u00e5 republikanernes banehalvdel.<\/p>\n<p>&#8211; I l\u00f8pet av de siste 30 dagene har vi sagt det samme igjen og igjen: Vi er villige til \u00e5 sette oss ned med republikanerne n\u00e5r som helst, hvor som helst, for \u00e5 gjen\u00e5pne statsapparatet og vedta et budsjett som faktisk m\u00f8ter det amerikanske folkets behov, har Representantenes hus\u2019 minoritetsleder\u00a0Hakeem\u00a0Jeffries, uttalt p\u00e5 en pressekonferanse.\u00a0<\/p>\n<p> B\u00e5de demokratene og republikanerne har lagt skylda for nedstengingen p\u00e5 hverandre.\u00a0<\/p>\n<p>    <a itemprop=\"url\" href=\"https:\/\/borsen.dagbladet.no\/nyheter\/kan-ramme-norge\/83673348\" rel=\"nofollow noopener\" target=\"_blank\"><\/p>\n<p>      <img loading=\"lazy\" decoding=\"async\" src=\"https:\/\/www.europesays.com\/no\/wp-content\/uploads\/2025\/11\/83673670.webp\" width=\"980\" height=\"441\" title=\"- Kan ramme Norge\" alt=\"\" class=\"lazyload\" style=\"--aspect-ratio-image: 2.22; \"\/><\/p>\n<p>        &#8211; Kan ramme Norge<\/p>\n<p>    <\/a><\/p>\n<p>&#8211; Mye hviler p\u00e5 Trump\t<\/p>\n<p> Konflikten mellom partiene\u00a0<a href=\"https:\/\/borsen.dagbladet.no\/nyheter\/full-ordkrig-livredd\/83668818\" rel=\"nofollow noopener\" target=\"_blank\">dreier seg hovedsakelig<\/a>\u00a0om helsepolitikk, med demokratene som \u00f8nsker \u00e5 forlenge skattefradrag og reversere Medicaid-kutt. Republikanerne \u00f8nsker p\u00e5 sin side \u00e5 videref\u00f8re finansieringen uten endringer.<\/p>\n<p class=\"font-weight-bold m-font-weight-bold\" data-lab-font_weight=\"font-weight-bold\"> Demokraten\u00a0Mark\u00a0Takano har tatt til orde for at Trump vil spille en avgj\u00f8rende rolle i hva som skjer videre.<\/p>\n<p>&#8211; Republikanerne tar alle signalene sine fra Trump. Og til syvende og sist m\u00e5 han si: \u00abJeg vil ha en avtale.\u00bb Mye hviler p\u00e5 ham for \u00e5 samle folk. Han m\u00e5 v\u00e6re en del av utveien, sier Takano, if\u00f8lge Politico.\u00a0<\/p>\n<p>    <a itemprop=\"url\" href=\"https:\/\/borsen.dagbladet.no\/nyheter\/full-ordkrig-livredd\/83668818\" rel=\"nofollow noopener\" target=\"_blank\"><\/p>\n<p>      <img loading=\"lazy\" decoding=\"async\" src=\"https:\/\/www.europesays.com\/no\/wp-content\/uploads\/2025\/11\/83669117.webp\" width=\"980\" height=\"441\" title=\"Full ordkrig: - Livredd\" alt=\"\" class=\"lazyload\" style=\"--aspect-ratio-image: 2.22; \"\/><\/p>\n<p>        Full ordkrig: &#8211; Livredd<\/p>\n<p>    <\/a><\/p>\n<p>&#8211; Helt utrolig\t<\/p>\n<p>Statsnedstengingen har allerede hatt voldsomme konsekvenser. I dag st\u00e5r om lag 1,4 millioner f\u00f8deralt ansatte uten l\u00f8nn, deriblant flygeledere, nasjonalparkansatte og kjernekraftinspekt\u00f8rer.\u00a0<\/p>\n<p>If\u00f8lge NTB var blant annet 6000 avganger forsinket og 1100 innstilt p\u00e5 landsbasis torsdag forrige uke.<\/p>\n<p class=\"font-weight-bold m-font-weight-bold\" data-lab-font_weight=\"font-weight-bold\"> En av de mest prek\u00e6re situasjonene er likevel et eventuelt bortfall av matpengeordningen. \u00a0<\/p>\n<p>Fredag ble det riktignok klart at en f\u00f8deral dommer i USA har bedt Trump-administrasjonen om \u00e5 fortsette finansieringen av Snap, og argumenterte for at stans i utbetalinger kan gj\u00f8re \u00abuopprettelig skade\u00bb, if\u00f8lge\u00a0<a href=\"https:\/\/abcnews.go.com\/US\/judge-rules-trumps-attempt-suspend-snap-funding-unlawful\/story?id=127069497\" target=\"_blank\" rel=\"nofollow noopener\">ABC News<\/a>.<\/p>\n<p>    <a itemprop=\"url\" href=\"https:\/\/borsen.dagbladet.no\/nyheter\/hundertusener-trues-med-sparken\/83664507\" rel=\"nofollow noopener\" target=\"_blank\"><\/p>\n<p>      <img loading=\"lazy\" decoding=\"async\" src=\"https:\/\/www.europesays.com\/no\/wp-content\/uploads\/2025\/11\/83664523.webp\" width=\"980\" height=\"441\" title=\"Hundertusener trues med sparken\" alt=\"\" class=\"lazyload\" style=\"--aspect-ratio-image: 2.22; \"\/><\/p>\n<p>        Hundertusener trues med sparken<\/p>\n<p>    <\/a><\/p>\n<p>&#8211; Jeg tror forventningen v\u00e5r er at ting kommer til \u00e5 eksplodere p\u00e5 en eller annen m\u00e5te. N\u00e5r folk v\u00e5kner og sjekker EBT-kortet sitt og ser en saldo som viser null &#8230; Jeg vet ikke, det er helt utrolig, sier demokraten Glenn Ivey.<\/p>\n<p>Administrasjonen har f\u00e5tt svarfrist til mandag vedr\u00f8rende matpengeordningen. <\/p>\n","protected":false},"excerpt":{"rendered":"Nedstenging i USA: Kongressen n\u00e6rmer seg en historisk milep\u00e6l. Det kan f\u00e5 dramatiske konsekvenser.\u00a0 BER TRUMP GRIPE INN:&hellip;\n","protected":false},"author":2,"featured_media":77736,"comment_status":"","ping_status":"","sticky":false,"template":"","format":"standard","meta":{"footnotes":""},"categories":[12],"tags":[20,21,55,24,25,15,22,23,10711,13,30,28,29,14,16,26,27,50,42,43,44,45],"class_list":{"0":"post-77735","1":"post","2":"type-post","3":"status-publish","4":"format-standard","5":"has-post-thumbnail","7":"category-verden","8":"tag-breaking-news","9":"tag-breakingnews","10":"tag-donald-trump","11":"tag-featured-news","12":"tag-featurednews","13":"tag-headlines","14":"tag-latest-news","15":"tag-latestnews","16":"tag-nedstenging","17":"tag-news","18":"tag-no","19":"tag-norge","20":"tag-norway","21":"tag-nyheter","22":"tag-overskrifter","23":"tag-top-stories","24":"tag-topstories","25":"tag-usa","26":"tag-verden","27":"tag-world","28":"tag-world-news","29":"tag-worldnews"},"share_on_mastodon":{"url":"https:\/\/pubeurope.com\/@no\/115488860791784131","error":""},"_links":{"self":[{"href":"https:\/\/www.europesays.com\/no\/wp-json\/wp\/v2\/posts\/77735","targetHints":{"allow":["GET"]}}],"collection":[{"href":"https:\/\/www.europesays.com\/no\/wp-json\/wp\/v2\/posts"}],"about":[{"href":"https:\/\/www.europesays.com\/no\/wp-json\/wp\/v2\/types\/post"}],"author":[{"embeddable":true,"href":"https:\/\/www.europesays.com\/no\/wp-json\/wp\/v2\/users\/2"}],"replies":[{"embeddable":true,"href":"https:\/\/www.europesays.com\/no\/wp-json\/wp\/v2\/comments?post=77735"}],"version-history":[{"count":0,"href":"https:\/\/www.europesays.com\/no\/wp-json\/wp\/v2\/posts\/77735\/revisions"}],"wp:featuredmedia":[{"embeddable":true,"href":"https:\/\/www.europesays.com\/no\/wp-json\/wp\/v2\/media\/77736"}],"wp:attachment":[{"href":"https:\/\/www.europesays.com\/no\/wp-json\/wp\/v2\/media?parent=77735"}],"wp:term":[{"taxonomy":"category","embeddable":true,"href":"https:\/\/www.europesays.com\/no\/wp-json\/wp\/v2\/categories?post=77735"},{"taxonomy":"post_tag","embeddable":true,"href":"https:\/\/www.europesays.com\/no\/wp-json\/wp\/v2\/tags?post=77735"}],"curies":[{"name":"wp","href":"https:\/\/api.w.org\/{rel}","templated":true}]}}