{"id":77741,"date":"2025-11-04T02:50:09","date_gmt":"2025-11-04T02:50:09","guid":{"rendered":"https:\/\/www.europesays.com\/no\/77741\/"},"modified":"2025-11-04T02:50:09","modified_gmt":"2025-11-04T02:50:09","slug":"dagligvarer-handel-ekstreme-prisokninger-pa-svenskegrensen-trist","status":"publish","type":"post","link":"https:\/\/www.europesays.com\/no\/77741\/","title":{"rendered":"Dagligvarer, Handel | Ekstreme pris\u00f8kninger p\u00e5 svenskegrensen: \u2013 Trist"},"content":{"rendered":"\n<p>(<a href=\"https:\/\/www.nettavisen.no\/okonomi\/ekstreme-prisokninger-pa-svenskegrensen-trist\/s\/5-95-2703021\" rel=\"Follow nofollow noopener\" target=\"_blank\">Nettavisen<\/a>): \u2013 Det er trist at inflasjonen har sl\u00e5tt s\u00e5 hardt p\u00e5 visse produkter, og nettopp p\u00e5 de varene folk merker mest, som kaffe, kj\u00f8tt og ost p\u00e5 br\u00f8dskiven, sier Patrik Z\u00e4ll, butikksjef for Nordby Supermarket, Skandinavias st\u00f8rste matbutikk, til Nettavisen.<\/p>\n<p>En prissammenligning av varer p\u00e5 Nordby Supermarket p\u00e5 svenskegrensen viser at mange dagligvarer har blitt betydelig dyrere fra 2024 til 2025. Basisvarer som kaffe, kj\u00f8tt og sm\u00f8r har f\u00e5tt de st\u00f8rste pris\u00f8kningene.<\/p>\n<p>Tallene viser at L\u00f6fbergs kaffe har \u00f8kt med 54,5 prosent, kj\u00f8ttdeig med 37,6 prosent, og Arla-sm\u00f8r med 31,2 prosent. Ogs\u00e5 hvetemel og egg har f\u00e5tt markant h\u00f8yere pris.<\/p>\n<p>Kraftig prispress<\/p>\n<p>Prisene er hentet direkte fra butikkhyllene og sammenlignet for identiske varer i fjor. If\u00f8lge Z\u00e4ll skyldes mye av prisveksten globale r\u00e5varepriser og \u00f8kte innkj\u00f8pskostnader. I tillegg har den svenske kronen styrket seg mot den norske, s\u00e5 forskjellene merkes enda mer for oss nordmenn.<\/p>\n<p>\u2013 De fleste produktene du nevner der, det er jo verdensmarkedet som styrer. Det var en kraftig pris\u00f8kning p\u00e5 kaffe siden h\u00f8sten i fjor og tidlig v\u00e5r. Kaffen er jo verdt like mye som gull snart, sier Z\u00e4ll.<\/p>\n<p>Han peker ogs\u00e5 p\u00e5 at kj\u00f8tt og meieriprodukter har v\u00e6rt sterkt p\u00e5virket av r\u00e5varemangel og \u00f8kte kostnader hos b\u00f8ndene.<\/p>\n<p>\u2013 N\u00e5r det gjelder karbonadendeig, har det v\u00e6rt mangel p\u00e5 r\u00e5varer lenge. Det er det samme med ost. Det har v\u00e6rt fryktelige innkj\u00f8pspris\u00f8kninger p\u00e5 akkurat disse varegruppene, sier Z\u00e4ll.<\/p>\n<p>Z\u00e4ll sier at de fors\u00f8ker \u00e5 holde prisene lave ved \u00e5 satse p\u00e5 store volumer og lave marginer. Han viser til at prisene p\u00e5 kj\u00f8ttdeig og kaffe er lavere p\u00e5 Norby enn hos svenske matvarekjeder som Willys og Coop.<\/p>\n<p>\u2013 Vi satser alltid p\u00e5 \u00e5 kj\u00f8pe godt inn med store volumer, slik at vi kan holde s\u00e5 lave priser som mulig. Sammenlignet med andre butikker med samme innkj\u00f8pspriser har vi ekstremt lave utsalgspriser, sier Z\u00e4ll.<\/p>\n<p>Sverige fikk h\u00f8yere prisvekst enn Norge<\/p>\n<p>Senior\u00f8konom Kyrre Aamdal i DNB Markets forklarer at prisveksten har v\u00e6rt tils dels sterkere i Sverige enn i Norge, s\u00e6rlig p\u00e5 matvarer.<\/p>\n<p>\u2013 Prisniv\u00e5et l\u00f8ftet seg mer i Sverige enn i Norge, men har ogs\u00e5 falt noe tilbake etter den kraftige oppgangen. P\u00e5 det h\u00f8yeste var prisveksten rundt 12 prosent i Sverige, mot 7,5 prosent i Norge, sier Aamdal.<\/p>\n<p>Han peker p\u00e5 at Norge hadde str\u00f8mprissubsidier som dempet prisoppgangen, mens Sverige merket h\u00f8ye energipriser fullt ut.<\/p>\n<p>\u2013 Vi hadde str\u00f8mprissubsidier som dempet oppgangen mer i Norge. Sverige fikk de internasjonale prisene sterkere inn, s\u00e6rlig p\u00e5 mat, sier Aamdal.<\/p>\n<p>Aamdal forklarer ogs\u00e5 at lavere l\u00f8nnsvekst i Sverige har bidratt til forskjellen i prisniv\u00e5 mellom landene.<\/p>\n<p>\u2013 Vi ser ganske store forskjeller n\u00e5r vi g\u00e5r ned p\u00e5 ulike grupper, b\u00e5de i utvikling og p\u00e5 prisniv\u00e5. Det henger blant annet sammen med ulikt kostnadsniv\u00e5 og markedsadgang, sier Aamdal.<\/p>\n","protected":false},"excerpt":{"rendered":"(Nettavisen): \u2013 Det er trist at inflasjonen har sl\u00e5tt s\u00e5 hardt p\u00e5 visse produkter, og nettopp p\u00e5 de&hellip;\n","protected":false},"author":2,"featured_media":77742,"comment_status":"","ping_status":"","sticky":false,"template":"","format":"standard","meta":{"footnotes":""},"categories":[56],"tags":[36,60,1332,61,3523,7763,62,30,28,29,10712,1510,4605,1359],"class_list":{"0":"post-77741","1":"post","2":"type-post","3":"status-publish","4":"format-standard","5":"has-post-thumbnail","7":"category-naeringsliv","8":"tag-art","9":"tag-business","10":"tag-dagligvarer","11":"tag-economy","12":"tag-handel","13":"tag-harryhandel","14":"tag-naeringsliv","15":"tag-no","16":"tag-norge","17":"tag-norway","18":"tag-prissjekk","19":"tag-story","20":"tag-svenskehandel","21":"tag-sverige"},"share_on_mastodon":{"url":"https:\/\/pubeurope.com\/@no\/115489159459108859","error":""},"_links":{"self":[{"href":"https:\/\/www.europesays.com\/no\/wp-json\/wp\/v2\/posts\/77741","targetHints":{"allow":["GET"]}}],"collection":[{"href":"https:\/\/www.europesays.com\/no\/wp-json\/wp\/v2\/posts"}],"about":[{"href":"https:\/\/www.europesays.com\/no\/wp-json\/wp\/v2\/types\/post"}],"author":[{"embeddable":true,"href":"https:\/\/www.europesays.com\/no\/wp-json\/wp\/v2\/users\/2"}],"replies":[{"embeddable":true,"href":"https:\/\/www.europesays.com\/no\/wp-json\/wp\/v2\/comments?post=77741"}],"version-history":[{"count":0,"href":"https:\/\/www.europesays.com\/no\/wp-json\/wp\/v2\/posts\/77741\/revisions"}],"wp:featuredmedia":[{"embeddable":true,"href":"https:\/\/www.europesays.com\/no\/wp-json\/wp\/v2\/media\/77742"}],"wp:attachment":[{"href":"https:\/\/www.europesays.com\/no\/wp-json\/wp\/v2\/media?parent=77741"}],"wp:term":[{"taxonomy":"category","embeddable":true,"href":"https:\/\/www.europesays.com\/no\/wp-json\/wp\/v2\/categories?post=77741"},{"taxonomy":"post_tag","embeddable":true,"href":"https:\/\/www.europesays.com\/no\/wp-json\/wp\/v2\/tags?post=77741"}],"curies":[{"name":"wp","href":"https:\/\/api.w.org\/{rel}","templated":true}]}}