{"id":77746,"date":"2025-11-04T03:07:12","date_gmt":"2025-11-04T03:07:12","guid":{"rendered":"https:\/\/www.europesays.com\/no\/77746\/"},"modified":"2025-11-04T03:07:12","modified_gmt":"2025-11-04T03:07:12","slug":"spiller-pa-alle-trumps-svakheter","status":"publish","type":"post","link":"https:\/\/www.europesays.com\/no\/77746\/","title":{"rendered":"&#8211; Spiller p\u00e5 alle Trumps svakheter"},"content":{"rendered":"<p class=\"kicker \" style=\"\">Carl Bildt:<\/p>\n<p>  Sveriges tidligere statsminister og utenriksminister Carl Bildt tegner et sv\u00e6rt lite smigrende bilde av USAs president, Donald Trump, i ny bok.<\/p>\n<p>\n    M\u00d8TTES: Russlands president, Vladimir Putin, og USAs president, Donald Trump, m\u00f8ttes i Anchorage i Alaska 15. august i \u00e5r. Foto: ANDREW CABALLERO-REYNOLDS \/ AFP\n  <\/p>\n<p>    Kort fortalt<\/p>\n<ul lang=\"nb-NO\">\n<li>Sveriges tidligere statsminister og utenriksminister, Carl Bildt kritiserer USAs president, Donald Trump, i sin nye bok. Bildt mener blant annet Trump har v\u00e6rt unnfallende overfor Vladimir Putin, spesielt under et m\u00f8te i Alaska i august.<\/li>\n<li>Bildt mener Putin manipulerte Trump til \u00e5 gi opp v\u00e5penhvilekrav og sanksjoner.<\/li>\n<li>Bildt uttrykker ogs\u00e5 bekymring for at den liberale verdensordenens forvitrer s\u00e6rlig fordi USA ser ut til \u00e5 ha forlatt den.<\/li>\n<\/ul>\n<p class=\"italic ai-disclaimer\" data-lab-italic=\"italic\">Sammendraget er laget av ChatGPT og godkjent av Dagbladet.<\/p>\n<p>      Vis mer<br \/>\n      Vis mindre<\/p>\n<p>NEW YORK (Dagbladet): I den nye boka\u00a0\u00abVad h\u00e4nder nu?\u00bb tar den erfarne, svenske, konservative politikeren og diplomaten opp en rekke store sp\u00f8rsm\u00e5l. Blant annet skriver Bildt om Trumps h\u00e5ndtering av pandemien i sin f\u00f8rste presidentperiode, klimapolitikken og tollsatsene han har innf\u00f8rt.\u00a0<\/p>\n<p>Mye handler ogs\u00e5 om hvordan Trump har h\u00e5ndtert Russlands invasjon av Ukraina. Under valgkampen i fjor, lovet den amerikanske presidenten \u00e5 f\u00e5 stanset krigen i l\u00f8pet av sine f\u00f8rste 24 timer tilbake i Det hvite hus. Slik gikk det ikke, og krigen raser stadig.\u00a0<\/p>\n<p>        DETALJER: Etter m\u00f8tet i Alaska har Kreml publisert en video fra bak kulissene. Video: Kreml, AP. Reporter: Marte Nyl\u00f8kken Helseth. <\/p>\n<p>Bildt mener blant annet\u00a0 hvordan han mener den amerikanske presidenten har v\u00e6rt s\u00e6rdeles unnfallende overfor den russiske presidenten, Vladimir Putin. S\u00e6rlig tar han opp m\u00f8tet mellom de to statslederne i Alaska i august.<\/p>\n<p>&#8211; Str\u00e5lte\t<\/p>\n<p>&#8211; Trump \u00f8ste p\u00e5 med alle hedersbetegnelser man kunne tenke seg. R\u00f8de l\u00f8pere ble rullet ut. En spesiell scene ble bygget. Jagerfly fl\u00f8y over. Og Trump tilb\u00f8d Putin \u00e5 reise i sin spesielle presidentlimousin. Ikke noe manglet. Putin str\u00e5lte, skriver Bildt, if\u00f8lge <a href=\"https:\/\/www.expressen.se\/nyheter\/varlden\/bildt-om-donald-trump-marklige-presidenten\/\" rel=\"nofollow noopener\" target=\"_blank\">Expressen<\/a>.<\/p>\n<p>    <a itemprop=\"url\" href=\"https:\/\/www.dagbladet.no\/nyheter\/trump-han-provesprenger-atomvapen\/83801770\" rel=\"nofollow noopener\" target=\"_blank\"><\/p>\n<p>      <img loading=\"lazy\" decoding=\"async\" src=\"https:\/\/www.europesays.com\/no\/wp-content\/uploads\/2025\/11\/1762225631_770_83801798.webp\" width=\"980\" height=\"441\" title=\"Trump: - Han pr\u00f8vesprenger atomv\u00e5pen\" alt=\"\" class=\"lazyload\" style=\"--aspect-ratio-image: 2.22; \"\/><\/p>\n<p>        Trump: &#8211; Han pr\u00f8vesprenger atomv\u00e5pen<\/p>\n<p>    <\/a><\/p>\n<p>Han p\u00e5peker ogs\u00e5 hvordan Putin s\u00e5 tok initiativet under store deler av den felles pressekonferansen etter m\u00f8tet, mens Trump sto og s\u00e5 p\u00e5.<\/p>\n<p class=\"font-weight-bold m-font-weight-bold\" data-lab-font_weight=\"font-weight-bold\">&#8211; Men det som hadde hendt, var at Putin hadde f\u00e5tt Trump helt til \u00e5 gi opp kravet om en v\u00e5penhvile &#8211; og at sanksjoner eller andre tiltak heller ikke var aktuelle. Det som hadde v\u00e6rt kjernen i Trumps anstrengelser fra f\u00f8rste dag, var plutselig borte. Det var nesten ikke noen amerikansk politikk verdt noe igjen, skriver Bildt.\u00a0<\/p>\n<p>If\u00f8lge den svenske politikeren finne det ingen erfaring med diplomati eller kunnskap om Russland i Trumps stab.\u00a0<\/p>\n<p>    <a itemprop=\"url\" href=\"https:\/\/www.dagbladet.no\/nyheter\/trump-kan-angripe-militaermal-i-venezuela\/83795872\" rel=\"nofollow noopener\" target=\"_blank\"><\/p>\n<p>      <img loading=\"lazy\" decoding=\"async\" src=\"https:\/\/www.europesays.com\/no\/wp-content\/uploads\/2025\/11\/1762225632_886_83795886.webp\" width=\"980\" height=\"441\" title=\"Trump kan angripe milit\u00e6rm\u00e5l i Venezuela\" alt=\"\" class=\"lazyload\" style=\"--aspect-ratio-image: 2.22; \"\/><\/p>\n<p>        Trump kan angripe milit\u00e6rm\u00e5l i Venezuela<\/p>\n<p>    <\/a><\/p>\n<p>&#8211; Han valgte \u00e5 stryke Putin medh\u00e5rs og unng\u00e5 alle former for kritikk mot den russiske politikken, skriver Bildt om den f\u00f8rste samtalen mellom de to statslederne.\u00a0<\/p>\n<p>Han mener ogs\u00e5 Putin manipulerer Trump.<\/p>\n<p>&#8211; N\u00e6rmest overtydelig\t<\/p>\n<p>&#8211; Putin spiller n\u00e6rmest overtydelig p\u00e5 alle Trumps svakheter. Smiger i mengder \u00f8ses over ham, blant annet med et spesialportrett fra Kremlins egen kunstner. Og Putin sa seg enig i urimeligheter, som at krigen aldri hadde startet om Trump var president, eller at det amerikanske valget i 2020 var rigget. Og ublygt lokket man med at milliardgevinster i ulike forretningsvirksomheter skulle v\u00e6re mulig, skriver Bildt.\u00a0<\/p>\n<p>Han mener ogs\u00e5 europeiske ledere og Natos generalsekret\u00e6r Mark Rutte har brukt smisking som strategi.<\/p>\n<p>&#8211; Smigeren og unnfallenheten for hans ulike dumheter var ikke sjelden plagsomme, men tydeligvis s\u00e5 de ikke noen annen utvei for \u00e5 h\u00e5ndtere den merkelige presidenten, skriver Bildt i boka.\u00a0<\/p>\n<p>Forvitret\t<\/p>\n<p>Han beskriver seg selv n\u00e5 som en urolig europeer og mener den liberale verdensordenen har forvitret de siste 20 \u00e5ra.<\/p>\n<p>&#8211; Vi risikerer \u00e5 bli skviset mellom Putins stridsvogner og Trumps tollsatser og kinesiske teknologiske framganger, sier han til svensk <a href=\"https:\/\/www.tv4.se\/artikel\/4eMebtQxBqP9xdnw3TVCYV\/carl-bildt-om-den-nya-vaerldsordningen-vi-maste-lyfta-oss-i-haret\" rel=\"nofollow noopener\" target=\"_blank\">TV 4.<\/a><\/p>\n<p>Den tidligere svenske utenriksministeren mener det s\u00e6rlig er i USA det har skjedd en fundamental endring.<\/p>\n<p class=\"font-weight-bold m-font-weight-bold\" data-lab-font_weight=\"font-weight-bold\">&#8211; Vi pleide \u00e5 snakke om en liberal, global verdensorden der alle land ville v\u00e6re med. Men s\u00e5nn er det ikke lengre. USA, som var det landet som skapte den verdensordenen og opprettholdt den, har forlatt den, og er til og med aggressivt imot den, sier Bildt til TV-kanalen.<\/p>\n","protected":false},"excerpt":{"rendered":"Carl Bildt: Sveriges tidligere statsminister og utenriksminister Carl Bildt tegner et sv\u00e6rt lite smigrende bilde av USAs president,&hellip;\n","protected":false},"author":2,"featured_media":77747,"comment_status":"","ping_status":"","sticky":false,"template":"","format":"standard","meta":{"footnotes":""},"categories":[12],"tags":[20,21,24,25,15,22,23,13,30,28,29,14,16,26,27,412,42,43,44,45],"class_list":{"0":"post-77746","1":"post","2":"type-post","3":"status-publish","4":"format-standard","5":"has-post-thumbnail","7":"category-verden","8":"tag-breaking-news","9":"tag-breakingnews","10":"tag-featured-news","11":"tag-featurednews","12":"tag-headlines","13":"tag-latest-news","14":"tag-latestnews","15":"tag-news","16":"tag-no","17":"tag-norge","18":"tag-norway","19":"tag-nyheter","20":"tag-overskrifter","21":"tag-top-stories","22":"tag-topstories","23":"tag-utenriks","24":"tag-verden","25":"tag-world","26":"tag-world-news","27":"tag-worldnews"},"share_on_mastodon":{"url":"https:\/\/pubeurope.com\/@no\/115489226349601646","error":""},"_links":{"self":[{"href":"https:\/\/www.europesays.com\/no\/wp-json\/wp\/v2\/posts\/77746","targetHints":{"allow":["GET"]}}],"collection":[{"href":"https:\/\/www.europesays.com\/no\/wp-json\/wp\/v2\/posts"}],"about":[{"href":"https:\/\/www.europesays.com\/no\/wp-json\/wp\/v2\/types\/post"}],"author":[{"embeddable":true,"href":"https:\/\/www.europesays.com\/no\/wp-json\/wp\/v2\/users\/2"}],"replies":[{"embeddable":true,"href":"https:\/\/www.europesays.com\/no\/wp-json\/wp\/v2\/comments?post=77746"}],"version-history":[{"count":0,"href":"https:\/\/www.europesays.com\/no\/wp-json\/wp\/v2\/posts\/77746\/revisions"}],"wp:featuredmedia":[{"embeddable":true,"href":"https:\/\/www.europesays.com\/no\/wp-json\/wp\/v2\/media\/77747"}],"wp:attachment":[{"href":"https:\/\/www.europesays.com\/no\/wp-json\/wp\/v2\/media?parent=77746"}],"wp:term":[{"taxonomy":"category","embeddable":true,"href":"https:\/\/www.europesays.com\/no\/wp-json\/wp\/v2\/categories?post=77746"},{"taxonomy":"post_tag","embeddable":true,"href":"https:\/\/www.europesays.com\/no\/wp-json\/wp\/v2\/tags?post=77746"}],"curies":[{"name":"wp","href":"https:\/\/api.w.org\/{rel}","templated":true}]}}