{"id":77768,"date":"2025-11-04T03:53:09","date_gmt":"2025-11-04T03:53:09","guid":{"rendered":"https:\/\/www.europesays.com\/no\/77768\/"},"modified":"2025-11-04T03:53:09","modified_gmt":"2025-11-04T03:53:09","slug":"bunnotering-for-trump-pa-maling","status":"publish","type":"post","link":"https:\/\/www.europesays.com\/no\/77768\/","title":{"rendered":"Bunnotering for Trump p\u00e5 m\u00e5ling"},"content":{"rendered":"\n<p class=\"_lead_o9xde_2 _lead_xtcu6_50 layout-component text-serif-m layout-normal text-serif-l layout-component layout-wide layout-padded _wide_17hqh_1 layout-padded\">Bare 37 prosent er forn\u00f8yd med jobben Donald Trump gj\u00f8r som president, viser en m\u00e5ling gjort for CNN. Det er det laveste siden han kom tilbake til makten.<\/p>\n<p><img alt=\"Velgernes tilfredshet med Donald Trumps innsats som president er nede p\u00e5 det laveste niv\u00e5et siden han kom tilbake til makten i januar.  Foto: SAMUEL CORUM \/ AFP \/ NTB\" class=\"_image_qp4xg_65 layout-component layout-wide\" data-fullscreen- data-track-element-type=\"Article image fullscreen\" data-track-name=\"ImageFullscreen\" fetchpriority=\"high\" decoding=\"sync\" loading=\"eager\" height=\"3600\" itemprop=\"image\"  src=\"https:\/\/www.europesays.com\/no\/wp-content\/uploads\/2025\/11\/9d0c56e4-02c5-4b6d-94ba-4adb8d7f0581\"  style=\"object-position:0% 0%\" width=\"5397\"\/>Velgernes tilfredshet med Donald Trumps innsats som president er nede p\u00e5 det laveste niv\u00e5et siden han kom tilbake til makten i januar.  Foto: SAMUEL CORUM \/ AFP \/ NTB<\/p>\n<ul aria-hidden=\"true\" class=\"_images_18f0k_111\">\n<li><a class=\"_link_18f0k_116\" href=\"https:\/\/www.vg.no\/forfatter\/ntb\" style=\"z-index:1\" title=\"NTB\" rel=\"nofollow noopener\" target=\"_blank\"><img alt=\"Bilde av NTB\" class=\"_image_18f0k_93\" fetchpriority=\"low\" loading=\"lazy\" decoding=\"async\" itemprop=\"image\"  src=\"https:\/\/www.europesays.com\/no\/wp-content\/uploads\/2025\/11\/1762228389_948_c33980b0-5d07-4027-84a1-813f90a7c8d6\"  width=\"480\"\/><\/a><\/li>\n<\/ul>\n<p> Oppdatert tirsdag 4. november kl. 04:20     <\/p>\n<p class=\"_paragraph_o9xde_4 _paragraph_xtcu6_10 layout-component text-serif-m layout-normal text-serif-m layout-padded\"><a href=\"https:\/\/www.theguardian.com\/us-news\/2025\/nov\/03\/trump-approval-rating\" class=\"_link_o9xde_39\" rel=\"nofollow noopener\" target=\"_blank\">Mandagens CNN-m\u00e5ling<\/a> viser at 63 prosent \u2013 nesten to tredeler \u2013 ikke er forn\u00f8yd med presidentens innsats. <\/p>\n<p class=\"_paragraph_o9xde_4 _paragraph_xtcu6_10 layout-component text-serif-m layout-normal text-serif-m layout-padded\">Trump har ligget enda lavere, men det var mot slutten av hans f\u00f8rste periode i Det hvite hus. <\/p>\n<p class=\"_paragraph_o9xde_4 _paragraph_xtcu6_10 layout-component text-serif-m layout-normal text-serif-m layout-padded\">Rett etter at han kom tilbake i januar, sa 47 prosent at de var forn\u00f8yd med jobben han gjorde som landets leder.<\/p>\n<p class=\"_paragraph_o9xde_4 _paragraph_xtcu6_10 layout-component text-serif-m layout-normal text-serif-m layout-padded\">P\u00e5 sp\u00f8rsm\u00e5l om hvordan det st\u00e5r til i USA, svarer 68 prosent av de spurte ganske d\u00e5rlig eller veldig d\u00e5rlig, mens 32 prosent svarer veldig bra eller ganske bra. <\/p>\n<p class=\"_paragraph_o9xde_4 _paragraph_xtcu6_10 layout-component text-serif-m layout-normal text-serif-m layout-padded\">Alts\u00e5 er amerikanerne ogs\u00e5 her delt i rundt en tredel som er positive og to tredeler som er negative.<\/p>\n<p class=\"_paragraph_o9xde_4 _paragraph_xtcu6_10 layout-component text-serif-m layout-normal text-serif-m layout-padded\">I en tid der det f\u00f8derale statsapparatet er stengt ned svarer 47 prosent at \u00f8konomi og levekostnader er den viktigste saken landet st\u00e5r overfor. <\/p>\n<p class=\"_paragraph_o9xde_4 _paragraph_xtcu6_10 layout-component text-serif-m layout-normal text-serif-m layout-padded\">Bare 27 prosent tror Trumps politikk bedrer de \u00f8konomiske forholdene i landet. <\/p>\n<p class=\"_paragraph_o9xde_4 _paragraph_xtcu6_10 layout-component text-serif-m layout-normal text-serif-m layout-padded\">Den nest viktigste saken er tilstanden i det amerikanske demokratiet, som 26 prosent trekker fram, mens 10 prosent svarer innvandring.<\/p>\n<p class=\"_paragraph_o9xde_4 _paragraph_xtcu6_10 layout-component text-serif-m layout-normal text-serif-m layout-padded\">Unders\u00f8kelsen er utf\u00f8rt blant 1245 voksne amerikanere mellom 27. og 30. oktober.<\/p>\n","protected":false},"excerpt":{"rendered":"Bare 37 prosent er forn\u00f8yd med jobben Donald Trump gj\u00f8r som president, viser en m\u00e5ling gjort for CNN.&hellip;\n","protected":false},"author":2,"featured_media":77769,"comment_status":"","ping_status":"","sticky":false,"template":"","format":"standard","meta":{"footnotes":""},"categories":[12],"tags":[20,21,73,55,24,25,15,22,23,13,30,28,29,14,16,26,27,50,42,43,44,45],"class_list":{"0":"post-77768","1":"post","2":"type-post","3":"status-publish","4":"format-standard","5":"has-post-thumbnail","7":"category-verden","8":"tag-breaking-news","9":"tag-breakingnews","10":"tag-det-hvite-hus","11":"tag-donald-trump","12":"tag-featured-news","13":"tag-featurednews","14":"tag-headlines","15":"tag-latest-news","16":"tag-latestnews","17":"tag-news","18":"tag-no","19":"tag-norge","20":"tag-norway","21":"tag-nyheter","22":"tag-overskrifter","23":"tag-top-stories","24":"tag-topstories","25":"tag-usa","26":"tag-verden","27":"tag-world","28":"tag-world-news","29":"tag-worldnews"},"share_on_mastodon":{"url":"https:\/\/pubeurope.com\/@no\/115489407295204912","error":""},"_links":{"self":[{"href":"https:\/\/www.europesays.com\/no\/wp-json\/wp\/v2\/posts\/77768","targetHints":{"allow":["GET"]}}],"collection":[{"href":"https:\/\/www.europesays.com\/no\/wp-json\/wp\/v2\/posts"}],"about":[{"href":"https:\/\/www.europesays.com\/no\/wp-json\/wp\/v2\/types\/post"}],"author":[{"embeddable":true,"href":"https:\/\/www.europesays.com\/no\/wp-json\/wp\/v2\/users\/2"}],"replies":[{"embeddable":true,"href":"https:\/\/www.europesays.com\/no\/wp-json\/wp\/v2\/comments?post=77768"}],"version-history":[{"count":0,"href":"https:\/\/www.europesays.com\/no\/wp-json\/wp\/v2\/posts\/77768\/revisions"}],"wp:featuredmedia":[{"embeddable":true,"href":"https:\/\/www.europesays.com\/no\/wp-json\/wp\/v2\/media\/77769"}],"wp:attachment":[{"href":"https:\/\/www.europesays.com\/no\/wp-json\/wp\/v2\/media?parent=77768"}],"wp:term":[{"taxonomy":"category","embeddable":true,"href":"https:\/\/www.europesays.com\/no\/wp-json\/wp\/v2\/categories?post=77768"},{"taxonomy":"post_tag","embeddable":true,"href":"https:\/\/www.europesays.com\/no\/wp-json\/wp\/v2\/tags?post=77768"}],"curies":[{"name":"wp","href":"https:\/\/api.w.org\/{rel}","templated":true}]}}