{"id":77810,"date":"2025-11-04T06:23:11","date_gmt":"2025-11-04T06:23:11","guid":{"rendered":"https:\/\/www.europesays.com\/no\/77810\/"},"modified":"2025-11-04T06:23:11","modified_gmt":"2025-11-04T06:23:11","slug":"dette-er-vintervaeret-i-norge-i-2025","status":"publish","type":"post","link":"https:\/\/www.europesays.com\/no\/77810\/","title":{"rendered":"Dette er vinterv\u00e6ret i Norge i 2025"},"content":{"rendered":"\n<p class=\"_lead_o9xde_2 _lead_xtcu6_50 layout-component text-serif-m layout-normal text-serif-l layout-component layout-wide layout-padded _wide_17hqh_1 layout-padded\">Takket v\u00e6re et isfattig polarhav kan vi vente oss kj\u00f8lige vinterstunder lenger s\u00f8r. Ja, du leste riktig. <\/p>\n<p><img alt=\"Skal vi tro meteorologene, vil vinteren 2025 by p\u00e5 flere grundige kuldeperioder. Her ser vi Oslofjorden fra Holmlia i slutten av september.  Foto: Cornelius Poppe \/ NTB\" class=\"_image_qp4xg_65 layout-component layout-wide\" data-fullscreen- data-track-element-type=\"Article image fullscreen\" data-track-name=\"ImageFullscreen\" fetchpriority=\"high\" decoding=\"sync\" loading=\"eager\" height=\"5760\" itemprop=\"image\"  src=\"https:\/\/www.europesays.com\/no\/wp-content\/uploads\/2025\/11\/aa6314ad-125c-4801-9378-e6e9be83de3f\"  style=\"object-position:0% 0%\" width=\"8640\"\/>Skal vi tro meteorologene, vil vinteren 2025 by p\u00e5 flere grundige kuldeperioder. Her ser vi Oslofjorden fra Holmlia i slutten av september.  Foto: Cornelius Poppe \/ NTB<\/p>\n<ul aria-hidden=\"true\" class=\"_images_18f0k_111\">\n<li><a class=\"_link_18f0k_116\" href=\"https:\/\/www.vg.no\/forfatter\/haakon-f-hoeydal\" style=\"z-index:1\" title=\"H\u00e5kon F. H\u00f8ydal\" rel=\"nofollow noopener\" target=\"_blank\"><img alt=\"Bilde av H\u00e5kon F. H\u00f8ydal\" class=\"_image_18f0k_93\" fetchpriority=\"low\" loading=\"lazy\" decoding=\"async\" itemprop=\"image\"  src=\"https:\/\/www.europesays.com\/no\/wp-content\/uploads\/2025\/11\/791defbc-20b8-4779-b615-3d02a4d66e97\"  width=\"480\"\/><\/a><\/li>\n<\/ul>\n<p> Oppdatert tirsdag 4. november kl. 04:11     <\/p>\n<p class=\"_paragraph_o9xde_4 _paragraph_xtcu6_10 layout-component text-serif-m layout-normal text-serif-m layout-padded\">Men enn s\u00e5 lenge ligger 2025 an til \u00e5 bli det varmeste \u00e5ret noensinne i Norge.<\/p>\n<p class=\"_paragraph_o9xde_4 _paragraph_xtcu6_10 layout-component text-serif-m layout-normal text-serif-m layout-padded\">\u2013 Temperaturen i Norge gj\u00f8r at 2025 ligger an til \u00e5 bli det varmeste \u00e5ret vi har hatt noensinne. Vi har i flere m\u00e5neder ligget over de h\u00f8yeste noteringene for andre \u00e5r, sier Magnus Ovhed, vakthavende meteorolog ved Meteorologisk institutt.<\/p>\n<p class=\"_paragraph_o9xde_4 _paragraph_xtcu6_10 layout-component text-serif-m layout-normal text-serif-m layout-padded\">Hittil i \u00e5r ligger middeltemperaturen for Norge som helhet 1,6 grader over normalen. Det h\u00f8res lite ut, men n\u00e5r du vet at middeltemperaturen for Norge et helt \u00e5r er snaue 3,1 grader, er dette en \u00f8kning p\u00e5 51 prosent!<\/p>\n<p><img alt=\"HVOR BLE DET AV ISEN: D\u00e5rlige forhold for denne bamsen i nord betyr faktisk kj\u00f8ligere vinter for Norge.  Foto: OLIVIER MORIN \/ AFP \/ NTB\" class=\"_image_qp4xg_65 layout-component layout-normal\" data-fullscreen- data-track-element-type=\"Article image fullscreen\" data-track-name=\"ImageFullscreen\" decoding=\"async\" loading=\"lazy\" height=\"3556\" itemprop=\"image\"  src=\"https:\/\/www.europesays.com\/no\/wp-content\/uploads\/2025\/11\/704b1e90-41d2-4c5c-a7ea-61da4157cc70\"  style=\"object-position:0% 0%\" width=\"5334\"\/>HVOR BLE DET AV ISEN: D\u00e5rlige forhold for denne bamsen i nord betyr faktisk kj\u00f8ligere vinter for Norge.  Foto: OLIVIER MORIN \/ AFP \/ NTB<\/p>\n<p class=\"_paragraph_o9xde_4 _paragraph_xtcu6_10 layout-component text-serif-m layout-normal text-serif-m layout-padded\"><strong class=\"_strong_o9xde_25\">Er du blant dem som venter p\u00e5 sn\u00f8, er dette d\u00e5rlig nytt. Men for vinteren i \u00e5r melder meteorologen at du kan vente noen grundige kuldeperioder.<\/strong><\/p>\n<p class=\"_paragraph_o9xde_4 _paragraph_xtcu6_10 layout-component text-serif-m layout-normal text-serif-m layout-padded\">\u2013 Vinteren vil nok begynne relativt mildt, men det kan ligge an til noen kalde perioder, sier Ovhus.<\/p>\n<p class=\"_paragraph_o9xde_4 _paragraph_xtcu6_10 layout-component text-serif-m layout-normal text-serif-m layout-padded\">Flere enn meteorologene pr\u00f8ver seg p\u00e5 \u00e5 gjette vinterv\u00e6ret:<\/p>\n<p class=\"_paragraph_o9xde_4 _paragraph_xtcu6_10 layout-component text-serif-m layout-normal text-serif-m layout-padded\">Forklaringen ligger i isen i Polhavet, og i jetstr\u00f8mmene i stratosf\u00e6ren, forteller han.<\/p>\n<p class=\"_paragraph_o9xde_4 _paragraph_xtcu6_10 layout-component text-serif-m layout-normal text-serif-m layout-padded\">\u2013 Akkurat n\u00e5 er det relativt lite sj\u00f8is langt nord. Lite is gj\u00f8r at luften ikke blir s\u00e5 kald i begynnelsen av vinteren. Det igjen kan svekke vindene i stratosf\u00e6ren. Normalt s\u00f8rger disse vindene for at kulden holder seg nordp\u00e5. Men hvis de blir svakere eller skifter retning, f\u00e5r kaldluften mulighet til \u00e5 str\u00f8mme s\u00f8rover mot Norge og Europa, forklarer han. <\/p>\n<p class=\"_paragraph_o9xde_4 _paragraph_xtcu6_10 layout-component text-serif-m layout-normal text-serif-m layout-padded\">Lite sj\u00f8is n\u00e5 betyr med andre ord at det blir mildere lengst nord i Polhavet, mens det i Norge og Europa blir kj\u00f8ligere.<\/p>\n<p><img alt=\"Kartet viser sannsynlighetsvarsel for temperatur i m\u00e5nedene november, desember og januar. Gul og r\u00f8d farge viser at det i gjennomsnitt over hele trem\u00e5nedersperioden er st\u00f8rst sannsynlighet for h\u00f8yere temperaturer enn normalt. Men sterk kulde kan hope seg opp i slutten av perioden i Skandinavia, if\u00f8lge Metereologisk Institutt.   Foto: Metereologisk Institutt\" class=\"_image_qp4xg_65 layout-component layout-normal\" data-fullscreen- data-track-element-type=\"Article image fullscreen\" data-track-name=\"ImageFullscreen\" decoding=\"async\" loading=\"lazy\" height=\"1199\" itemprop=\"image\"  src=\"https:\/\/www.europesays.com\/no\/wp-content\/uploads\/2025\/11\/8918f92a-6a35-48a5-b396-9b1e81ad3d3d\"  style=\"object-position:0% 0%\" width=\"810\"\/>Kartet viser sannsynlighetsvarsel for temperatur i m\u00e5nedene november, desember og januar. Gul og r\u00f8d farge viser at det i gjennomsnitt over hele trem\u00e5nedersperioden er st\u00f8rst sannsynlighet for h\u00f8yere temperaturer enn normalt. Men sterk kulde kan hope seg opp i slutten av perioden i Skandinavia, if\u00f8lge Metereologisk Institutt.   Foto: Metereologisk Institutt<\/p>\n<p class=\"_paragraph_o9xde_4 _paragraph_xtcu6_10 layout-component text-serif-m layout-normal text-serif-m layout-padded\">\u2013 De som har analysert dette, mener at det ligger an til perioder med kaldt v\u00e6r. Men sesongprognoser er ganske grove, s\u00e5 det vil nok ogs\u00e5 bli mildt i perioder, sier meteorologen.<\/p>\n<p class=\"_paragraph_o9xde_4 _paragraph_xtcu6_10 layout-component text-serif-m layout-normal text-serif-m layout-padded\">Og slik vil det bli denne uken.<\/p>\n<p class=\"_paragraph_o9xde_4 _paragraph_xtcu6_10 layout-component text-serif-m layout-normal text-serif-m layout-padded\">\u2013 Akkurat n\u00e5 er vi i en periode med mye mildv\u00e6r. I S\u00f8r-Norge blir temperaturen tosifret, kanskje over 15 grader i begynnelsen av denne uken. Senere kan temperaturen synke litt, men det blir ikke skikkelig vinter p\u00e5 en god stund. <\/p>\n<p class=\"_paragraph_o9xde_4 _paragraph_xtcu6_10 layout-component text-serif-m layout-normal text-serif-m layout-padded\">Dette gjelder ikke bare i s\u00f8r, sier han. <\/p>\n<p class=\"_paragraph_o9xde_4 _paragraph_xtcu6_10 layout-component text-serif-m layout-normal text-serif-m layout-padded\">\u2013 Kommer du lenger oppe i landet begynner det mildt med en god del plussgrader, kanskje med unntak av noen steder oppe i Finnmark. Men der ser det ut som det kan bli sn\u00f8 mot helgen, sier meteorolog Magnus Ovhed.<\/p>\n","protected":false},"excerpt":{"rendered":"Takket v\u00e6re et isfattig polarhav kan vi vente oss kj\u00f8lige vinterstunder lenger s\u00f8r. Ja, du leste riktig. Skal&hellip;\n","protected":false},"author":2,"featured_media":77811,"comment_status":"","ping_status":"","sticky":false,"template":"","format":"standard","meta":{"footnotes":""},"categories":[5],"tags":[20,21,24,25,15,19,22,23,17,18,13,30,28,29,14,16,26,27,553],"class_list":{"0":"post-77810","1":"post","2":"type-post","3":"status-publish","4":"format-standard","5":"has-post-thumbnail","7":"category-overskrifter","8":"tag-breaking-news","9":"tag-breakingnews","10":"tag-featured-news","11":"tag-featurednews","12":"tag-headlines","13":"tag-hovedoppslag","14":"tag-latest-news","15":"tag-latestnews","16":"tag-main-news","17":"tag-mainnews","18":"tag-news","19":"tag-no","20":"tag-norge","21":"tag-norway","22":"tag-nyheter","23":"tag-overskrifter","24":"tag-top-stories","25":"tag-topstories","26":"tag-vaer"},"share_on_mastodon":{"url":"https:\/\/pubeurope.com\/@no\/115489997189698441","error":""},"_links":{"self":[{"href":"https:\/\/www.europesays.com\/no\/wp-json\/wp\/v2\/posts\/77810","targetHints":{"allow":["GET"]}}],"collection":[{"href":"https:\/\/www.europesays.com\/no\/wp-json\/wp\/v2\/posts"}],"about":[{"href":"https:\/\/www.europesays.com\/no\/wp-json\/wp\/v2\/types\/post"}],"author":[{"embeddable":true,"href":"https:\/\/www.europesays.com\/no\/wp-json\/wp\/v2\/users\/2"}],"replies":[{"embeddable":true,"href":"https:\/\/www.europesays.com\/no\/wp-json\/wp\/v2\/comments?post=77810"}],"version-history":[{"count":0,"href":"https:\/\/www.europesays.com\/no\/wp-json\/wp\/v2\/posts\/77810\/revisions"}],"wp:featuredmedia":[{"embeddable":true,"href":"https:\/\/www.europesays.com\/no\/wp-json\/wp\/v2\/media\/77811"}],"wp:attachment":[{"href":"https:\/\/www.europesays.com\/no\/wp-json\/wp\/v2\/media?parent=77810"}],"wp:term":[{"taxonomy":"category","embeddable":true,"href":"https:\/\/www.europesays.com\/no\/wp-json\/wp\/v2\/categories?post=77810"},{"taxonomy":"post_tag","embeddable":true,"href":"https:\/\/www.europesays.com\/no\/wp-json\/wp\/v2\/tags?post=77810"}],"curies":[{"name":"wp","href":"https:\/\/api.w.org\/{rel}","templated":true}]}}