{"id":77827,"date":"2025-11-04T06:44:10","date_gmt":"2025-11-04T06:44:10","guid":{"rendered":"https:\/\/www.europesays.com\/no\/77827\/"},"modified":"2025-11-04T06:44:10","modified_gmt":"2025-11-04T06:44:10","slug":"biffen-babe-og-harry-porker-pa-rommen","status":"publish","type":"post","link":"https:\/\/www.europesays.com\/no\/77827\/","title":{"rendered":"Biffen, Babe og Harry Porker p\u00e5 r\u00f8mmen"},"content":{"rendered":"\n<p class=\"_lead_o9xde_2 _lead_xtcu6_50 layout-component text-serif-m layout-normal text-serif-l layout-component layout-wide layout-padded _wide_17hqh_1 layout-padded\">\u2013 Upppsss! Mine griser som er p\u00e5 tur.<\/p>\n<p><img alt=\"HELD SAMAN: Minigriseigar Rosita Andersen (18) skvatt litt d\u00e5 ho fekk sj\u00e5 dette biletet p\u00e5 Facebook. Men f\u00f8r ho fekk omr\u00e5dd seg var dei tre minigrisene p\u00e5 plass i heimen p\u00e5 Vingnes ved Lillehammer. Foto: Privat\" class=\"_image_qp4xg_65 layout-component layout-wide\" data-fullscreen- data-track-element-type=\"Article image fullscreen\" data-track-name=\"ImageFullscreen\" fetchpriority=\"high\" decoding=\"sync\" loading=\"eager\" height=\"1337\" itemprop=\"image\"  src=\"https:\/\/www.europesays.com\/no\/wp-content\/uploads\/2025\/11\/0b752198-7cdc-417a-9df8-42ef0ec32446\"  style=\"object-position:0% 0%\" width=\"1530\"\/>HELD SAMAN: Minigriseigar Rosita Andersen (18) skvatt litt d\u00e5 ho fekk sj\u00e5 dette biletet p\u00e5 Facebook. Men f\u00f8r ho fekk omr\u00e5dd seg var dei tre minigrisene p\u00e5 plass i heimen p\u00e5 Vingnes ved Lillehammer. Foto: Privat<\/p>\n<ul aria-hidden=\"true\" class=\"_images_18f0k_111\">\n<li><a class=\"_link_18f0k_116\" href=\"https:\/\/www.vg.no\/forfatter\/frank-ertesvaag\" style=\"z-index:1\" title=\"Frank Ertesv\u00e5g\" rel=\"nofollow noopener\" target=\"_blank\"><img alt=\"Bilde av Frank Ertesv\u00e5g\" class=\"_image_18f0k_93\" fetchpriority=\"low\" loading=\"lazy\" decoding=\"async\" itemprop=\"image\"  src=\"https:\/\/www.europesays.com\/no\/wp-content\/uploads\/2025\/11\/77e9adab-9419-475b-b494-fe98c1a693d1\"  width=\"480\"\/><\/a><\/li>\n<\/ul>\n<p> Oppdatert mandag 3. november kl. 22:56     <\/p>\n<p class=\"_paragraph_o9xde_4 _paragraph_xtcu6_10 layout-component text-serif-m layout-normal text-serif-m layout-padded\">Det skreiv minigrisbonde og k\u00f8ntrisongar Rosita Andersen (18) spontant p\u00e5 Facebook s\u00f8ndag. Ho hadde nettopp sett biletet av dei tre sm\u00e5 grisane p\u00e5 r\u00f8mmen p\u00e5 venstre side av Saksumdalsvegen, om lag 200 meter fr\u00e5 heimen p\u00e5 Vingnes ved Lillehammer.<\/p>\n<p class=\"_paragraph_o9xde_4 _paragraph_xtcu6_10 layout-component text-serif-m layout-normal text-serif-m layout-padded\">Det var <a href=\"https:\/\/www.gd.no\/bissen-harry-porker-og-babe-vakte-oppsikt-da-de-la-ut-pa-denne-turen\/s\/5-18-2395537\" class=\"_link_o9xde_39\" rel=\"nofollow noopener\" target=\"_blank\">lokalavisa GD<\/a> som f\u00f8rst skreiv om minigrisane si miniflukt.<\/p>\n<p class=\"_paragraph_o9xde_4 _paragraph_xtcu6_10 layout-component text-serif-m layout-normal text-serif-m layout-padded\">\u2013 Eg fekk plutseleg ein telefon om at grisane var ute p\u00e5 den vegen her \u2013 som g\u00e5r like nedanfor der eg bur, fortel Rosita til VG. <\/p>\n<p class=\"_paragraph_o9xde_4 _paragraph_xtcu6_10 layout-component text-serif-m layout-normal text-serif-m layout-padded\">\u2013 Var det purken som ringde?<\/p>\n<p class=\"_paragraph_o9xde_4 _paragraph_xtcu6_10 layout-component text-serif-m layout-normal text-serif-m layout-padded\">\u2013 Nei, det var telefon fr\u00e5 s\u00f8stera mi, Vivian. Ho hadde sett biletet av grisane mine i eit innlegg p\u00e5 ei lokalside p\u00e5 Facebook.<\/p>\n<p><img alt=\"DYREGLAD: Rosita Andersen (18) bur p\u00e5 Vingnes ved Lillehammer.  Foto: Privat\" class=\"_image_qp4xg_65 layout-component layout-normal\" data-fullscreen- data-track-element-type=\"Article image fullscreen\" data-track-name=\"ImageFullscreen\" decoding=\"async\" loading=\"lazy\" height=\"951\" itemprop=\"image\"  src=\"https:\/\/www.europesays.com\/no\/wp-content\/uploads\/2025\/11\/c0186734-d644-4530-bfac-6646df0d610b\"  style=\"object-position:0% 0%\" width=\"1170\"\/>DYREGLAD: Rosita Andersen (18) bur p\u00e5 Vingnes ved Lillehammer.  Foto: Privat<\/p>\n<p class=\"_paragraph_o9xde_4 _paragraph_xtcu6_10 layout-component text-serif-m layout-normal text-serif-m layout-padded\">\u2013 Og d\u00e5 rykka du ut for \u00e5 fange r\u00f8mlingane?<\/p>\n<p class=\"_paragraph_o9xde_4 _paragraph_xtcu6_10 layout-component text-serif-m layout-normal text-serif-m layout-padded\">\u2013 Nei, eigentleg ikkje. Eg sto p\u00e5 altanen min d\u00e5 eg fekk telefonen. Og akkurat d\u00e5 eg snakka med s\u00f8stera mi \u2013 s\u00e5 s\u00e5g eg dei tre grisane mine rett utanfor her, svarar Rosita Andersen.<\/p>\n<p class=\"_paragraph_o9xde_4 _paragraph_xtcu6_10 layout-component text-serif-m layout-normal text-serif-m layout-padded\"><strong class=\"_strong_o9xde_25\">Les ogs\u00e5: <a href=\"https:\/\/www.vg.no\/nyheter\/i\/VzoMvp\/siste-minigrisen-happy-funnet-ved-gatekjoekken\" data-track-element-type=\"Link\" data-track-id=\"link:VzoMvp\" class=\"_link_o9xde_39\" rel=\"nofollow noopener\" target=\"_blank\">R\u00f8mt minigris funnen ved gatekj\u00f8ken<\/a><\/strong><\/p>\n<p class=\"_paragraph_o9xde_4 _paragraph_xtcu6_10 layout-component text-serif-m layout-normal text-serif-m layout-padded\">Med andre ord: Dei tre minigrisane Biffen, Babe og Harry Porker (alle 6 md..) hadde snudd og spurta heim like fort som dei hadde r\u00f8mt.<\/p>\n<p>Slitne minigrisar<\/p>\n<p class=\"_paragraph_o9xde_4 _paragraph_xtcu6_10 layout-component text-serif-m layout-normal text-serif-m layout-padded\"><strong class=\"_strong_o9xde_25\">\u2013 Ja, for dei er raskare til beins enn ein skulle tru. Men dei s\u00e5g verkeleg slitne ut etter den spurtinga p\u00e5 asfalten sist s\u00f8ndag, skildrar Rosita Andersen.<\/strong><\/p>\n<p class=\"_paragraph_o9xde_4 _paragraph_xtcu6_10 layout-component text-serif-m layout-normal text-serif-m layout-padded\">Ho trudde dei tre halvt \u00e5r gamle minigrisane oppheldt seg innanfor gjerdet sitt. Men der tok ho feil.<\/p>\n<p class=\"_paragraph_o9xde_4 _paragraph_xtcu6_10 layout-component text-serif-m layout-normal text-serif-m layout-padded\">\u2013 Eg har pr\u00f8vd \u00e5 ha dei i band, men dei har s\u00e5 kraftig nakke at b\u00e5ndet berre dett av. No f\u00e5r eg vurdere bjelle og refleks, seier Rosita med glimt i auget.<\/p>\n<p>K\u00f8ntriartist<\/p>\n<p class=\"_paragraph_o9xde_4 _paragraph_xtcu6_10 layout-component text-serif-m layout-normal text-serif-m layout-padded\">Ho er elev p\u00e5 Create privatskule p\u00e5 Lillehammer, og elskar \u00e5 synge k\u00f8ntril\u00e5tar n\u00e5r ho ikkje heng med grisetrioen eller g\u00e5r p\u00e5 skulen.<\/p>\n<p class=\"_paragraph_o9xde_4 _paragraph_xtcu6_10 layout-component text-serif-m layout-normal text-serif-m layout-padded\">Ho har mellom anna samarbeida med ein l\u00e5tskrivar fr\u00e5 den kjende gruppa \u00abStaut\u00bb \u2013 og ligg p\u00e5 Spotyfy med ei l\u00e5t.<\/p>\n<p><img alt=\"K\u00d8NTRISONGAR: Rosita skriv l\u00e5tar, syng coverl\u00e5tar og spelar gitar n\u00e5r ho ikkje g\u00e5r p\u00e5 skule eller heng med minigrisane sine.  Foto: Privat\" class=\"_image_qp4xg_65 layout-component layout-normal\" data-fullscreen- data-track-element-type=\"Article image fullscreen\" data-track-name=\"ImageFullscreen\" decoding=\"async\" loading=\"lazy\" height=\"495\" itemprop=\"image\"  src=\"https:\/\/www.europesays.com\/no\/wp-content\/uploads\/2025\/11\/f5344909-9099-48a7-83dd-8d98214c7e4e\"  style=\"object-position:0% 0%\" width=\"1179\"\/>K\u00d8NTRISONGAR: Rosita skriv l\u00e5tar, syng coverl\u00e5tar og spelar gitar n\u00e5r ho ikkje g\u00e5r p\u00e5 skule eller heng med minigrisane sine.  Foto: Privat<\/p>\n<p class=\"_paragraph_o9xde_4 _paragraph_xtcu6_10 layout-component text-serif-m layout-normal text-serif-m layout-padded\">\u2013 Vurdert \u00e5 skrive minigrisane inn i ei l\u00e5t?<\/p>\n<p class=\"_paragraph_o9xde_4 _paragraph_xtcu6_10 layout-component text-serif-m layout-normal text-serif-m layout-padded\">\u2013 Ja, det har eg faktisk tenkt p\u00e5. Elskar dyra mine her. Dei fortener \u00e5 bli med i ei l\u00e5t, flirer Rosita.<\/p>\n<p class=\"_paragraph_o9xde_4 _paragraph_xtcu6_10 layout-component text-serif-m layout-normal text-serif-m layout-padded\">Mange har fleipa med at minigrisane sikkert flykta fr\u00e5 \u00e5 bli svineribbe og julesylte.<\/p>\n<p class=\"_paragraph_o9xde_4 _paragraph_xtcu6_10 layout-component text-serif-m layout-normal text-serif-m layout-padded\">Minigriseigaren gjer det klart at det er fullstendig uaktuelt at minigrisane skal bli julemat.<\/p>\n<p>Et svinekj\u00f8t<\/p>\n<p class=\"_paragraph_o9xde_4 _paragraph_xtcu6_10 layout-component text-serif-m layout-normal text-serif-m layout-padded\">Dette er svineheldige selskapsgrisar, eller kj\u00e6legrisar om du vil \u2013 kj\u00f8pt p\u00e5 Finn.no for til saman 6500 kroner fr\u00e5 Trysil.<\/p>\n<p><img alt=\"GRISEHELDIGE? Biffen, Babe og Harry Porker kosar seg ved matfatet heime hos Rosita Andersen.  Foto: Privat\" class=\"_image_qp4xg_65 layout-component layout-normal\" data-fullscreen- data-track-element-type=\"Article image fullscreen\" data-track-name=\"ImageFullscreen\" decoding=\"async\" loading=\"lazy\" height=\"1200\" itemprop=\"image\"  src=\"https:\/\/www.europesays.com\/no\/wp-content\/uploads\/2025\/11\/f202f245-8919-4ef4-ac17-d1893c78a2fb\"  style=\"object-position:0% 0%\" width=\"1055\"\/>GRISEHELDIGE? Biffen, Babe og Harry Porker kosar seg ved matfatet heime hos Rosita Andersen.  Foto: Privat<\/p>\n<p class=\"_paragraph_o9xde_4 _paragraph_xtcu6_10 layout-component text-serif-m layout-normal text-serif-m layout-padded\">\u2013 Du er kanskje vegetarianar?<\/p>\n<p class=\"_paragraph_o9xde_4 _paragraph_xtcu6_10 layout-component text-serif-m layout-normal text-serif-m layout-padded\">\u2013 Nei, absolutt ikkje. Her blir det svineribbe til jul. Eg likar det.<\/p>\n<p class=\"_paragraph_o9xde_4 _paragraph_xtcu6_10 layout-component text-serif-m layout-normal text-serif-m layout-padded\">\u2013 Du er 18 \u00e5r og eig tre minigrisar?<\/p>\n<p class=\"_paragraph_o9xde_4 _paragraph_xtcu6_10 layout-component text-serif-m layout-normal text-serif-m layout-padded\">\u2013 Ja, det er jo mange ungdommar i dag som brukar pengar p\u00e5 dyre jakker og vesker og s\u00e5nt. Eg brukar pengane mine p\u00e5 minigrisar.<\/p>\n","protected":false},"excerpt":{"rendered":"\u2013 Upppsss! Mine griser som er p\u00e5 tur. HELD SAMAN: Minigriseigar Rosita Andersen (18) skvatt litt d\u00e5 ho&hellip;\n","protected":false},"author":2,"featured_media":77828,"comment_status":"","ping_status":"","sticky":false,"template":"","format":"standard","meta":{"footnotes":""},"categories":[10],"tags":[20,21,10717,10716,24,25,2934,15,10387,22,23,13,30,28,29,14,16,26,27,1995],"class_list":{"0":"post-77827","1":"post","2":"type-post","3":"status-publish","4":"format-standard","5":"has-post-thumbnail","7":"category-norge","8":"tag-breaking-news","9":"tag-breakingnews","10":"tag-dyrehistorier","11":"tag-dyrene","12":"tag-featured-news","13":"tag-featurednews","14":"tag-gris","15":"tag-headlines","16":"tag-husdyr","17":"tag-latest-news","18":"tag-latestnews","19":"tag-news","20":"tag-no","21":"tag-norge","22":"tag-norway","23":"tag-nyheter","24":"tag-overskrifter","25":"tag-top-stories","26":"tag-topstories","27":"tag-vghelseoglivet"},"share_on_mastodon":{"url":"https:\/\/pubeurope.com\/@no\/115490079774254802","error":""},"_links":{"self":[{"href":"https:\/\/www.europesays.com\/no\/wp-json\/wp\/v2\/posts\/77827","targetHints":{"allow":["GET"]}}],"collection":[{"href":"https:\/\/www.europesays.com\/no\/wp-json\/wp\/v2\/posts"}],"about":[{"href":"https:\/\/www.europesays.com\/no\/wp-json\/wp\/v2\/types\/post"}],"author":[{"embeddable":true,"href":"https:\/\/www.europesays.com\/no\/wp-json\/wp\/v2\/users\/2"}],"replies":[{"embeddable":true,"href":"https:\/\/www.europesays.com\/no\/wp-json\/wp\/v2\/comments?post=77827"}],"version-history":[{"count":0,"href":"https:\/\/www.europesays.com\/no\/wp-json\/wp\/v2\/posts\/77827\/revisions"}],"wp:featuredmedia":[{"embeddable":true,"href":"https:\/\/www.europesays.com\/no\/wp-json\/wp\/v2\/media\/77828"}],"wp:attachment":[{"href":"https:\/\/www.europesays.com\/no\/wp-json\/wp\/v2\/media?parent=77827"}],"wp:term":[{"taxonomy":"category","embeddable":true,"href":"https:\/\/www.europesays.com\/no\/wp-json\/wp\/v2\/categories?post=77827"},{"taxonomy":"post_tag","embeddable":true,"href":"https:\/\/www.europesays.com\/no\/wp-json\/wp\/v2\/tags?post=77827"}],"curies":[{"name":"wp","href":"https:\/\/api.w.org\/{rel}","templated":true}]}}