{"id":77831,"date":"2025-11-04T06:52:08","date_gmt":"2025-11-04T06:52:08","guid":{"rendered":"https:\/\/www.europesays.com\/no\/77831\/"},"modified":"2025-11-04T06:52:08","modified_gmt":"2025-11-04T06:52:08","slug":"trafikk-kolltveit-bil-krasjlandet-i-rundkjoring-pa-kolltveit-i-oygarden-kommune-politiet-mistenker-ruskjoring","status":"publish","type":"post","link":"https:\/\/www.europesays.com\/no\/77831\/","title":{"rendered":"Trafikk, Kolltveit | Bil krasjlandet i rundkj\u00f8ring p\u00e5 Kolltveit i \u00d8ygarden kommune. Politiet mistenker ruskj\u00f8ring."},"content":{"rendered":"\n<p>I 04-tiden natt til tirsdag fikk politiet telefoner fra flere bilister som hadde oppdaget en trafikkulykke p\u00e5 riksvei 555.<\/p>\n<p>En bil hadde havnet midt p\u00e5 rundkj\u00f8ringen p\u00e5 Kolltveit. Bilistene hadde ikke stanset for \u00e5 unders\u00f8ke bilen.<\/p>\n<p><b>\u2013 Den sto helt merkelig til. Den har kj\u00f8rt rett frem og havnet midt p\u00e5 rundkj\u00f8ringen, sier politiets operasjonsleder, Knut Dahl-Michelsen, til BA.<\/b><\/p>\n<p>Til slutt valgte en forbipasserende bilist \u00e5 stanse. Politiet fikk da vite at det kun var en person i bilen. Operasjonslederen p\u00e5peker at man har en plikt til \u00e5 stoppe ved ulykker.<\/p>\n<p>\u2013 De burde ha stanset og sjekket hvordan det gikk med f\u00f8rer, men de var passert og kommet til Sotrabroen f\u00f8r de ringte oss.<\/p>\n<p>Tatt med til legevakt<\/p>\n<p>N\u00f8detatene rykket ut til stedet, der politiet fikk kontakt med f\u00f8rer av bilen.<\/p>\n<p><b>\u2013 Det var en mann i 40-\u00e5rene. Han var v\u00e5ken og bevisst, men fremsto p\u00e5virket, opplyser Dahl-Michelsen.<\/b><\/p>\n<p>Ambulanse rykket ogs\u00e5 ut og unders\u00f8kte bilisten. Han fremsto uskadet, men ble likevel tatt med til legevakten av en annen grunn.<\/p>\n<p>\u2013 Han ble tatt med dit for \u00e5 sikre n\u00f8dvendige pr\u00f8ver, siden det er mistanke om ruskj\u00f8ring, forteller operasjonsleder.<\/p>\n<p>Ingen andre kj\u00f8ret\u00f8y skal ha v\u00e6rt involvert i ulykken. Mannen opplyste \u00e5 ha v\u00e6rt alene i bilen.<\/p>\n<p>I l\u00f8pet av en times tid hadde bergingsbil fjernet ulykkesbilen. Vegtrafikksentralen ble varslet fordi det var behov for videre oppf\u00f8lging.<\/p>\n<p>\u2013 Det er skader p\u00e5 to skilt og selve rundkj\u00f8ringen. Det er derfor behov for opprydning p\u00e5 stedet.<\/p>\n","protected":false},"excerpt":{"rendered":"I 04-tiden natt til tirsdag fikk politiet telefoner fra flere bilister som hadde oppdaget en trafikkulykke p\u00e5 riksvei&hellip;\n","protected":false},"author":2,"featured_media":1615,"comment_status":"","ping_status":"","sticky":false,"template":"","format":"standard","meta":{"footnotes":""},"categories":[10],"tags":[36,20,21,24,25,15,10718,22,23,13,30,28,29,14,16,468,4857,1510,26,27,224],"class_list":{"0":"post-77831","1":"post","2":"type-post","3":"status-publish","4":"format-standard","5":"has-post-thumbnail","7":"category-norge","8":"tag-art","9":"tag-breaking-news","10":"tag-breakingnews","11":"tag-featured-news","12":"tag-featurednews","13":"tag-headlines","14":"tag-kolltveit","15":"tag-latest-news","16":"tag-latestnews","17":"tag-news","18":"tag-no","19":"tag-norge","20":"tag-norway","21":"tag-nyheter","22":"tag-overskrifter","23":"tag-politiet","24":"tag-ruskjoring","25":"tag-story","26":"tag-top-stories","27":"tag-topstories","28":"tag-trafikk"},"share_on_mastodon":{"url":"https:\/\/pubeurope.com\/@no\/115490111059410308","error":""},"_links":{"self":[{"href":"https:\/\/www.europesays.com\/no\/wp-json\/wp\/v2\/posts\/77831","targetHints":{"allow":["GET"]}}],"collection":[{"href":"https:\/\/www.europesays.com\/no\/wp-json\/wp\/v2\/posts"}],"about":[{"href":"https:\/\/www.europesays.com\/no\/wp-json\/wp\/v2\/types\/post"}],"author":[{"embeddable":true,"href":"https:\/\/www.europesays.com\/no\/wp-json\/wp\/v2\/users\/2"}],"replies":[{"embeddable":true,"href":"https:\/\/www.europesays.com\/no\/wp-json\/wp\/v2\/comments?post=77831"}],"version-history":[{"count":0,"href":"https:\/\/www.europesays.com\/no\/wp-json\/wp\/v2\/posts\/77831\/revisions"}],"wp:featuredmedia":[{"embeddable":true,"href":"https:\/\/www.europesays.com\/no\/wp-json\/wp\/v2\/media\/1615"}],"wp:attachment":[{"href":"https:\/\/www.europesays.com\/no\/wp-json\/wp\/v2\/media?parent=77831"}],"wp:term":[{"taxonomy":"category","embeddable":true,"href":"https:\/\/www.europesays.com\/no\/wp-json\/wp\/v2\/categories?post=77831"},{"taxonomy":"post_tag","embeddable":true,"href":"https:\/\/www.europesays.com\/no\/wp-json\/wp\/v2\/tags?post=77831"}],"curies":[{"name":"wp","href":"https:\/\/api.w.org\/{rel}","templated":true}]}}