{"id":77881,"date":"2025-11-04T08:03:12","date_gmt":"2025-11-04T08:03:12","guid":{"rendered":"https:\/\/www.europesays.com\/no\/77881\/"},"modified":"2025-11-04T08:03:12","modified_gmt":"2025-11-04T08:03:12","slug":"gar-litt-for-sakte","status":"publish","type":"post","link":"https:\/\/www.europesays.com\/no\/77881\/","title":{"rendered":"&#8211; G\u00e5r litt for sakte"},"content":{"rendered":"<p class=\"kicker \" style=\"\">Norske dronekj\u00f8p:<\/p>\n<p>  Norge jubler over 100 nye droner, mens Ukraina sikter p\u00e5 \u00e5 produsere 1000 hver dag. &#8211; Det g\u00e5r litt for sakte, erkjenner h\u00e6rsjefen.<\/p>\n<p>\n    R\u00d8PET FORSVARSNYHETER: Sjef for H\u00e6ren, generalmajor Lars Lervik. Foto: Stian Lysberg Solum \/ NTB\n  <\/p>\n<p>Mandag kunngjorde h\u00e6rsjef, generalmajor Lars Lervik, i Oslo Milit\u00e6re Samfund:<\/p>\n<p>&#8211; Jeg er glad for \u00e5 kunne slippe en nyhet: Denne uka starter vi utsendingen av mer enn 100 Skydio X10D-droner til n\u00e6r sagt alle logistikk-, kampst\u00f8tte- og man\u00f8veravdelinger i H\u00e6ren. Dronefamilien til H\u00e6ren og Heimevernet best\u00e5r n\u00e5 av fem ulike systemer i bruk, sa Lervik.<\/p>\n<p>    <a itemprop=\"url\" href=\"https:\/\/www.dagbladet.no\/nyheter\/far-over-100-nye-droner\/83805035\" rel=\"nofollow noopener\" target=\"_blank\"><\/p>\n<p>      <img loading=\"lazy\" decoding=\"async\" src=\"https:\/\/www.europesays.com\/no\/wp-content\/uploads\/2025\/11\/83805083.webp\" width=\"980\" height=\"441\" title=\"F\u00e5r over 100 nye droner\" alt=\"\" class=\"lazyload\" style=\"--aspect-ratio-image: 2.22; \"\/><\/p>\n<p>        F\u00e5r over 100 nye droner<\/p>\n<p>    <\/a><\/p>\n<p>De fem systemene er Skydio X10D, Black Hornet 3 (rekognoseringsdrone), Puma (mellomdistansedrone), Spekter (firerotors svermdrone) og FX10 VTOL (svermdrone).<\/p>\n<p>I tillegg utvikles en sjette modell &#8211; FPV (angrepsdrone) &#8211; i samarbeid mellom Nammo og Forsvarets forskningsinstitutt (FFI).<\/p>\n<p>          <img loading=\"lazy\" decoding=\"async\" src=\"https:\/\/www.europesays.com\/no\/wp-content\/uploads\/2025\/11\/83806194.webp\" width=\"686\" height=\"392\" title=\"SENDES UT: Forsvaret viste fram sin Skydio X10D-drone i Oslo mandag kveld. N\u00e5 sendes 100 av disse ut til flere avdelinger i H\u00e6ren. Foto: Stian Lysberg Solum \/ NTB\" alt=\"\" class=\"\" style=\"--aspect-ratio-image: 1.75; \"\/><\/p>\n<p>\n          SENDES UT: Forsvaret viste fram sin Skydio X10D-drone i Oslo mandag kveld. N\u00e5 sendes 100 av disse ut til flere avdelinger i H\u00e6ren. Foto: Stian Lysberg Solum \/ NTB\n      <\/p>\n<p>&#8211; Betydelig satsing\t<\/p>\n<p>Lervik sier H\u00e6ren n\u00e5 gj\u00f8r en betydelig satsing p\u00e5 droner, og viser &#8211; sammen med Heimevernsjef Frode Ommundsen &#8211; til erfaringene fra krigen i Ukraina.<\/p>\n<p>&#8211; Droner er blitt et helt sentralt v\u00e5pen p\u00e5 slagmarken. De brukes til alt fra overv\u00e5kning til m\u00e5lrettede angrep, og opp mot 70 prosent av tapene i Ukraina er n\u00e5 knyttet til droner. Det forteller oss at bruk av og tiltak mot droner er viktige kapasiteter og en n\u00f8dvendig del av soldatutdanningen, sier Ommundsen.<\/p>\n<p>        En ny v\u00e5pendrone har dukket opp p\u00e5 slagmarken i Ukraina, ekspert mener dette blir den st\u00f8rste utviklingen i dronekrigf\u00f8ringen. Video: Lesia UA \/ 30. mekaniserte brigade. Reporter: Vegard Kr\u00fcger \/ Dagbladet TV.<\/p>\n<p class=\"font-weight-bold m-font-weight-bold\" data-lab-font_weight=\"font-weight-bold\">Ukrainas president Volodymyr Zelenskyj og forsvarsminister Denys Sjmyhal <a href=\"https:\/\/kyivindependent.com\/ukraine-could-soon-deploy-1-000-interceptor-drones-per-day-defense-minister-says\/\" rel=\"nofollow noopener\" target=\"_blank\">har tidligere uttalt<\/a> at de tar sikte p\u00e5 \u00e5 utvikle opptil 1000 avskj\u00e6ringsdroner &#8211; droner som kan angripe andre droner &#8211; hver dag for \u00e5 kunne st\u00e5 imot de russiske angrepene.<\/p>\n<p data-lab-italic=\"italic\" class=\"italic m-italic\">&#8211; Hvordan vil du omtale H\u00e6rens dronekapasitet?<\/p>\n<p>&#8211; \u00d8kende. Vi begynner \u00e5 f\u00e5 et st\u00f8rre utvalg n\u00e5. Det er litt av n\u00f8kkelen her &#8211; \u00e5 bli kjent med \u00e5 bruke ulike systemer. I dag har vi overv\u00e5kningsdroner og utvikler b\u00e5de angreps- og avkj\u00e6ringsdroner. Der er vi i gang, sier h\u00e6rsjef Lervik til Dagbladet.<\/p>\n<p>&#8211; Jeg f\u00f8ler vi virkelig har f\u00e5tt opp momentumet &#8211; b\u00e5de i utdanningen av personell og i innf\u00f8ringen av nye systemer, legger han til.<\/p>\n<p>          <img loading=\"lazy\" decoding=\"async\" src=\"https:\/\/www.europesays.com\/no\/wp-content\/uploads\/2025\/11\/83806164.webp\" width=\"980\" height=\"559\" title=\"VISTE FREM: Sjef for H\u00e6ren, generalmajor Lars Lervik, og sjef for Heimevernet, generalmajor Frode Ommundsen, foran en utstilling av h\u00e6rens dronefamilie i Oslo mandag. Foto: Stian Lysberg Solum \/ NTB\" alt=\"\" class=\"\" style=\"--aspect-ratio-image: 1.75; \"\/><\/p>\n<p>\n          VISTE FREM: Sjef for H\u00e6ren, generalmajor Lars Lervik, og sjef for Heimevernet, generalmajor Frode Ommundsen, foran en utstilling av h\u00e6rens dronefamilie i Oslo mandag. Foto: Stian Lysberg Solum \/ NTB\n      <\/p>\n<p>Tok til orde for \u00abmer effektive anskaffelsesprosesser\u00bb\t<\/p>\n<p>Under talen i Oslo Milit\u00e6re Samfund, tok Lervik likevel til orde for \u00abmer effektive anskaffelsesprosesser\u00bb.<\/p>\n<p data-lab-font_weight=\"\">&#8211; Det betyr ikke at vi skal se bort fra kvalitetssikring eller planlegging, men det betyr at vi m\u00e5 kunne h\u00e5ndtere begge deler &#8211; b\u00e5de det langsiktige og det hurtige. Hva trenger vi p\u00e5 sikt, og hva m\u00e5 vi kunne anskaffe og ta i bruk allerede om noen m\u00e5neder. Vi m\u00e5 alts\u00e5 bygge en kultur der vi t\u00f8r \u00e5 teste, feile og l\u00e6re. Vi m\u00e5 akseptere at \u00abgodt nok n\u00e5\u00bb noen ganger er bedre enn \u00abperfekt om fem \u00e5r\u00bb, sa han.<\/p>\n<p>    <a itemprop=\"url\" href=\"https:\/\/www.dagbladet.no\/nyheter\/oppretter-nytt-droneprogram\/83698725\" rel=\"nofollow noopener\" target=\"_blank\"><\/p>\n<p>      <img loading=\"lazy\" decoding=\"async\" src=\"https:\/\/www.europesays.com\/no\/wp-content\/uploads\/2025\/11\/83698803.webp\" width=\"147\" height=\"98\" title=\"Oppretter nytt droneprogram\" alt=\"\" class=\"lazyload\" style=\"--aspect-ratio-image: 1.50; \"\/><\/p>\n<p>        Oppretter nytt droneprogram<\/p>\n<p>    <\/a><\/p>\n<p class=\"italic m-italic\" data-lab-italic=\"italic\">&#8211; F\u00e5r h\u00e6ren tak i nok droner, raskt nok?<\/p>\n<p class=\"font-weight-bold m-font-weight-bold\" data-lab-font_weight=\"font-weight-bold\">&#8211; Vi f\u00e5r tak i nok droner, men det g\u00e5r fortsatt litt for sakte med de prosessene vi har. Vi opplever at vi m\u00e5 kunne g\u00e5 ut raskere i markedet \u00e5 kj\u00f8pe det som er tilgjengelig. Ogs\u00e5 er det jo et poeng at det handler ikke bare om \u00e5 f\u00e5 tak i dronene, men vi m\u00e5 ogs\u00e5 tenke p\u00e5 hvem vi kj\u00f8per dem fra. Vi er opptatt av \u00e5 kj\u00f8pe fra industrier vi kan stole p\u00e5.<\/p>\n<p>        UKRAINA: Dronekrigf\u00f8ringen i Ukraina fortsetter \u00e5 skape problemer for begge parter. Reporter: Edward Stenlund. Video: X \/ Youtube \/ Det ukrainske forsvaret<\/p>\n<p class=\"italic m-italic\" data-lab-italic=\"italic\">&#8211; Har h\u00e6ren nok folk til \u00e5 operere dronene?<\/p>\n<p>&#8211; Ja, det har vi. Vi har et veldig godt samarbeid med Luftforsvaret. Vi h\u00e5ndterer droner i det vi kaller lavere luftlag, mens Luftforsvaret h\u00e5ndterer st\u00f8rre droner som flyr h\u00f8yere. Vi er godt i gang og har gode ordninger for \u00e5 utdanne folk p\u00e5 bruk av droner n\u00e5.<\/p>\n","protected":false},"excerpt":{"rendered":"Norske dronekj\u00f8p: Norge jubler over 100 nye droner, mens Ukraina sikter p\u00e5 \u00e5 produsere 1000 hver dag. &#8211;&hellip;\n","protected":false},"author":2,"featured_media":77882,"comment_status":"","ping_status":"","sticky":false,"template":"","format":"standard","meta":{"footnotes":""},"categories":[10],"tags":[20,21,1014,24,25,8472,15,2539,22,23,13,30,28,29,14,16,26,27],"class_list":{"0":"post-77881","1":"post","2":"type-post","3":"status-publish","4":"format-standard","5":"has-post-thumbnail","7":"category-norge","8":"tag-breaking-news","9":"tag-breakingnews","10":"tag-droner","11":"tag-featured-news","12":"tag-featurednews","13":"tag-haeren","14":"tag-headlines","15":"tag-innenriks","16":"tag-latest-news","17":"tag-latestnews","18":"tag-news","19":"tag-no","20":"tag-norge","21":"tag-norway","22":"tag-nyheter","23":"tag-overskrifter","24":"tag-top-stories","25":"tag-topstories"},"share_on_mastodon":{"url":"https:\/\/pubeurope.com\/@no\/115490390338076367","error":""},"_links":{"self":[{"href":"https:\/\/www.europesays.com\/no\/wp-json\/wp\/v2\/posts\/77881","targetHints":{"allow":["GET"]}}],"collection":[{"href":"https:\/\/www.europesays.com\/no\/wp-json\/wp\/v2\/posts"}],"about":[{"href":"https:\/\/www.europesays.com\/no\/wp-json\/wp\/v2\/types\/post"}],"author":[{"embeddable":true,"href":"https:\/\/www.europesays.com\/no\/wp-json\/wp\/v2\/users\/2"}],"replies":[{"embeddable":true,"href":"https:\/\/www.europesays.com\/no\/wp-json\/wp\/v2\/comments?post=77881"}],"version-history":[{"count":0,"href":"https:\/\/www.europesays.com\/no\/wp-json\/wp\/v2\/posts\/77881\/revisions"}],"wp:featuredmedia":[{"embeddable":true,"href":"https:\/\/www.europesays.com\/no\/wp-json\/wp\/v2\/media\/77882"}],"wp:attachment":[{"href":"https:\/\/www.europesays.com\/no\/wp-json\/wp\/v2\/media?parent=77881"}],"wp:term":[{"taxonomy":"category","embeddable":true,"href":"https:\/\/www.europesays.com\/no\/wp-json\/wp\/v2\/categories?post=77881"},{"taxonomy":"post_tag","embeddable":true,"href":"https:\/\/www.europesays.com\/no\/wp-json\/wp\/v2\/tags?post=77881"}],"curies":[{"name":"wp","href":"https:\/\/api.w.org\/{rel}","templated":true}]}}