{"id":77986,"date":"2025-11-04T09:59:10","date_gmt":"2025-11-04T09:59:10","guid":{"rendered":"https:\/\/www.europesays.com\/no\/77986\/"},"modified":"2025-11-04T09:59:10","modified_gmt":"2025-11-04T09:59:10","slug":"sanna-marin-ny-bok-apen-om-skillsmissen","status":"publish","type":"post","link":"https:\/\/www.europesays.com\/no\/77986\/","title":{"rendered":"Sanna Marin ny bok: \u00c5pen om skillsmissen"},"content":{"rendered":"<p class=\"kicker \" style=\"\">Sanna Marin i ny bok:<\/p>\n<p>  Den tidligere finske statsministeren forteller \u00e5pent om perioden som endte ekteskapet hennes.<\/p>\n<p>\n    T\u00d8FF TID: I 2023 gikk den tidligere finske statsministeren, Sanna Marin, gjennom en vond tid i forholdet sitt med Markus R\u00e4ik\u00f6nnen. Bildet er tatt i 2023. Foto: Markus Schreiber \/ AP \/ NTB\n  <\/p>\n<p>Finlands tidligere statsminister\u00a0Sanna Marin (39) utbroderer med egne ord om livet, karrieren og forholdet sitt i en ny bok. I boka \u00abToivo on tekoja\u00bb, som betyr \u00abh\u00e5p er handling\u00bb p\u00e5 norsk, \u00e5pner Marin ogs\u00e5 opp om bakgrunnen for skilsmissen hennes.<\/p>\n<p>I mai 2023\u00a0opplyste Marin i sosiale medier\u00a0at hun og hennes mange\u00e5rige ektefelle, Markus R\u00e4ikk\u00f6nen, sammen hadde s\u00f8kt om skilsmisse etter 19 \u00e5rs ekteskap.<\/p>\n<p> Hun beskriver i boka hvordan det \u00e5 lede regjeringen i stormfulle tider ogs\u00e5 krevde sitt p\u00e5 det personlige plan, og at hun var utmattet. <\/p>\n<p>&#8211; T\u00e6rte p\u00e5 forholdet\t<\/p>\n<p class=\"font-weight-bold m-font-weight-bold\" data-lab-font_weight=\"font-weight-bold\">&#8211; \u00c5ret 2023 var for meg et \u00e5r med forandring p\u00e5 alle livets omr\u00e5der. Jeg tror at for \u00e5 virkelig kunne \u00e5pne nye d\u00f8rer, m\u00e5 man lukke gamle, skriver Marin, f\u00f8r hun fortsetter:<\/p>\n<p>&#8211; Forholdet mitt til Markus, ekteskapet v\u00e5rt, var i ferd med \u00e5 g\u00e5 i oppl\u00f8sning. Forbindelsen mellom oss hadde alltid v\u00e6rt sv\u00e6rt sterk, helt fra vi m\u00f8ttes som 18-\u00e5ringer. Men i l\u00f8pet av de siste \u00e5ra hadde den gradvis begynt \u00e5 t\u00e6re, p\u00e5 grunn av mitt krevende og tidkrevende arbeid. De tidligere daglige samtalene v\u00e5re om livet, verden og alt mulig hadde opph\u00f8rt.\u00a0<\/p>\n<p>    <a itemprop=\"url\" href=\"https:\/\/www.dagbladet.no\/nyheter\/helsa-sviktet-mistet-nesten-synet\/83803516\" rel=\"nofollow noopener\" target=\"_blank\"><\/p>\n<p>      <img loading=\"lazy\" decoding=\"async\" src=\"https:\/\/www.europesays.com\/no\/wp-content\/uploads\/2025\/11\/83803521.webp\" width=\"980\" height=\"441\" title=\"Helsa sviktet: - Mistet nesten synet\" alt=\"\" class=\"lazyload\" style=\"--aspect-ratio-image: 2.22; \"\/><\/p>\n<p>        Helsa sviktet: &#8211; Mistet nesten synet<\/p>\n<p>    <\/a><\/p>\n<p>Marin skriver at arbeidet tok all energi, og at paret bodde sammen, men hun f\u00f8lte at de bare gikk forbi hverandre i hverdagen.<\/p>\n<p>&#8211; Jeg husker n\u00f8yaktig \u00f8yeblikket da jeg forsto at b\u00e5ndet mellom oss var brutt. Ingenting dramatisk hadde skjedd. Ingen tillitsbrudd, ingen respektl\u00f8shet. Bare en klar erkjennelse av at noe ugjenkallelig hadde skjedd, skriver hun.\u00a0<\/p>\n<p>        P\u00e5 sp\u00f8rsm\u00e5l fra Dagbladet svarte dav\u00e6rende Finlands statminister, Sanna Marin, p\u00e5 hvorfor det var viktig at Nato-s\u00f8knaden ble behandlet raskt. Video: Nato.<\/p>\n<p>M\u00f8ttes p\u00e5 nattklubb\t<\/p>\n<p>Marin forteller ogs\u00e5 om hvordan forholdet mellom henne og R\u00e4ikk\u00f6nen utviklet seg. De m\u00f8ttes som 18-\u00e5ringer p\u00e5 en nattklubb. Etter ett \u00e5r som kj\u00e6rester tok de neste steg i forholdet.<\/p>\n<p class=\"font-weight-bold m-font-weight-bold\" data-lab-font_weight=\"font-weight-bold\">R\u00e4ikk\u00f6nen og Marin flyttet sammen til\u00a0Tampere ett \u00e5r etter at de m\u00f8ttes, der Marin seinere begynte p\u00e5 universitetet og meldte seg inn i det sosialdemokratiske partiet (SDP).<\/p>\n<p>Marin og R\u00e4ikk\u00f6nen fikk datteren\u00a0Emma\u00a0i 2018. To \u00e5r seinere giftet de seg etter 16 \u00e5r sammen. Bryllupet fant sted i statsministerboligen\u00a0Kes\u00e4ranta\u00a0i august 2020.<\/p>\n<p>Hun har fortsatt et godt forhold til sin tidligere ektemann, og skriver varmt om han i boka:\u00a0<\/p>\n<p>&#8211; Markus er fortsatt det beste mennesket jeg kjenner, og jeg vet at han tenker det samme om meg. Vi har en fantastisk datter sammen, og vi vil for alltid v\u00e6re hennes kj\u00e6rlige foreldre, selv om forholdet mellom oss har endret form.<\/p>\n<p>        FESTER: Disse videoene spres i sosiale medier og skal vise den finske statsministeren Sanna Marin som fester med flere kjente finske profiler.<br \/>\nVideo: Twitter \/ Instagram. Reporter: Vegard Kr\u00fcger.<\/p>\n<p>Sanna Marin ble verdens yngste statsminister noensinne da hun ble finsk statsminister, bare 34 \u00e5r gammel i 2019.\u00a0<\/p>\n<p>I 2023 trakk hun seg som riksdagsrepresentant. Hun hadde da takket ja til et tilbud fra Storbritannias tidligere statsminister, Tony Blair, om \u00e5 bli strategisk r\u00e5dgiver ved Blair Institute.<\/p>\n<p>    <a itemprop=\"url\" href=\"https:\/\/www.dagbladet.no\/nyheter\/slar-alarm-menn-vet-for-lite-om-kreft\/83802138\" rel=\"nofollow noopener\" target=\"_blank\"><\/p>\n<p>      <img loading=\"lazy\" decoding=\"async\" src=\"https:\/\/www.europesays.com\/no\/wp-content\/uploads\/2025\/11\/83802298.webp\" width=\"980\" height=\"441\" title=\"Sl\u00e5r alarm: Menn vet for lite om kreft\" alt=\"\" class=\"lazyload\" style=\"--aspect-ratio-image: 2.22; \"\/><\/p>\n<p>        Sl\u00e5r alarm: Menn vet for lite om kreft<\/p>\n<p>    <\/a><\/p>\n","protected":false},"excerpt":{"rendered":"Sanna Marin i ny bok: Den tidligere finske statsministeren forteller \u00e5pent om perioden som endte ekteskapet hennes. T\u00d8FF&hellip;\n","protected":false},"author":2,"featured_media":77987,"comment_status":"","ping_status":"","sticky":false,"template":"","format":"standard","meta":{"footnotes":""},"categories":[12],"tags":[20,21,24,25,1255,15,22,23,13,30,28,29,14,16,10653,4031,26,27,412,42,43,44,45],"class_list":{"0":"post-77986","1":"post","2":"type-post","3":"status-publish","4":"format-standard","5":"has-post-thumbnail","7":"category-verden","8":"tag-breaking-news","9":"tag-breakingnews","10":"tag-featured-news","11":"tag-featurednews","12":"tag-finland","13":"tag-headlines","14":"tag-latest-news","15":"tag-latestnews","16":"tag-news","17":"tag-no","18":"tag-norge","19":"tag-norway","20":"tag-nyheter","21":"tag-overskrifter","22":"tag-sanna-marin","23":"tag-skilsmisse","24":"tag-top-stories","25":"tag-topstories","26":"tag-utenriks","27":"tag-verden","28":"tag-world","29":"tag-world-news","30":"tag-worldnews"},"share_on_mastodon":{"url":"https:\/\/pubeurope.com\/@no\/115490846485585877","error":""},"_links":{"self":[{"href":"https:\/\/www.europesays.com\/no\/wp-json\/wp\/v2\/posts\/77986","targetHints":{"allow":["GET"]}}],"collection":[{"href":"https:\/\/www.europesays.com\/no\/wp-json\/wp\/v2\/posts"}],"about":[{"href":"https:\/\/www.europesays.com\/no\/wp-json\/wp\/v2\/types\/post"}],"author":[{"embeddable":true,"href":"https:\/\/www.europesays.com\/no\/wp-json\/wp\/v2\/users\/2"}],"replies":[{"embeddable":true,"href":"https:\/\/www.europesays.com\/no\/wp-json\/wp\/v2\/comments?post=77986"}],"version-history":[{"count":0,"href":"https:\/\/www.europesays.com\/no\/wp-json\/wp\/v2\/posts\/77986\/revisions"}],"wp:featuredmedia":[{"embeddable":true,"href":"https:\/\/www.europesays.com\/no\/wp-json\/wp\/v2\/media\/77987"}],"wp:attachment":[{"href":"https:\/\/www.europesays.com\/no\/wp-json\/wp\/v2\/media?parent=77986"}],"wp:term":[{"taxonomy":"category","embeddable":true,"href":"https:\/\/www.europesays.com\/no\/wp-json\/wp\/v2\/categories?post=77986"},{"taxonomy":"post_tag","embeddable":true,"href":"https:\/\/www.europesays.com\/no\/wp-json\/wp\/v2\/tags?post=77986"}],"curies":[{"name":"wp","href":"https:\/\/api.w.org\/{rel}","templated":true}]}}