{"id":78139,"date":"2025-11-04T13:23:08","date_gmt":"2025-11-04T13:23:08","guid":{"rendered":"https:\/\/www.europesays.com\/no\/78139\/"},"modified":"2025-11-04T13:23:08","modified_gmt":"2025-11-04T13:23:08","slug":"haaland-avfeier-messi-og-ronaldo-sammenlikning-nei-nei","status":"publish","type":"post","link":"https:\/\/www.europesays.com\/no\/78139\/","title":{"rendered":"Haaland avfeier Messi og Ronaldo-sammenlikning: \u2013 Nei, nei!"},"content":{"rendered":"\n<p class=\"_lead_o9xde_2 _lead_xtcu6_50 layout-component text-serif-m layout-normal text-serif-l layout-component layout-wide layout-padded _wide_17hqh_1 layout-padded\">Erling Braut Haaland dro opp jantelovenjantelovenLoven g\u00e5r ut p\u00e5 at ingen skal tro at de er bedre enn andre, eller tro at de kan noe mer enn andre. Skrevet opprinnelig av Aksel Sandemose i 1933, og ble presentert f\u00f8rst i En flyktning krysser sitt spor. dagen f\u00f8r gjensynet med Dortmund. <\/p>\n<p><img alt=\" Foto: Martin Rickett \/ Pa Photos \/ NTB\" class=\"_image_qp4xg_65 layout-component layout-wide\" data-fullscreen- data-track-element-type=\"Article image fullscreen\" data-track-name=\"ImageFullscreen\" fetchpriority=\"high\" decoding=\"sync\" loading=\"eager\" height=\"3892\" itemprop=\"image\"  src=\"https:\/\/www.europesays.com\/no\/wp-content\/uploads\/2025\/11\/aafb4573-a3fc-4641-a214-8c4e62ebbf13\"  style=\"object-position:0% 0%\" width=\"5684\"\/> Foto: Martin Rickett \/ Pa Photos \/ NTB<\/p>\n<ul aria-hidden=\"true\" class=\"_images_18f0k_111\">\n<li><a class=\"_link_18f0k_116\" href=\"https:\/\/www.vg.no\/forfatter\/synne-sofie-christiansen-2\" style=\"z-index:1\" title=\"Synne Sofie Christiansen\" rel=\"nofollow noopener\" target=\"_blank\"><img alt=\"Bilde av Synne Sofie Christiansen\" class=\"_image_18f0k_93\" fetchpriority=\"low\" loading=\"lazy\" decoding=\"async\" itemprop=\"image\"  src=\"https:\/\/www.europesays.com\/no\/wp-content\/uploads\/2025\/11\/1762262588_839_8d683f6f-f2ba-47ca-8bcc-2db625b33cb1\"  width=\"480\"\/><\/a><\/li>\n<\/ul>\n<p> Oppdatert tirsdag 4. november kl. 14:23    <\/p>\n<ul class=\"_list_o9xde_3 _list_64s2r_85 _unordered_o9xde_106 text-sans-m\">\n<li class=\"_item_o9xde_30\">Erling Braut Haaland nevnte Janteloven dagen f\u00f8r m\u00f8tet med Dortmund.<\/li>\n<li class=\"_item_o9xde_30\">Haaland sier at han bare er Erling, uansett hvor mange m\u00e5l han scorer.<\/li>\n<li class=\"_item_o9xde_30\">Han bryr seg ikke om rekorder og sammenligner seg ikke med Messi og Ronaldo.<\/li>\n<li class=\"_item_o9xde_30\">Hans st\u00f8rste m\u00e5l er \u00e5 hjelpe Norge til VM og EM.<\/li>\n<li class=\"_item_o9xde_30\">Pep Guardiola roser Haaland for \u00e5 v\u00e6re verdensklasse og ydmyk.<\/li>\n<\/ul>\n<p>Vis mer <\/p>\n<p class=\"_paragraph_o9xde_4 _paragraph_xtcu6_10 layout-component text-serif-m layout-normal text-serif-m layout-padded\">\u2013 Jeg er en norsk fyr og tror ikke at jeg er noe bare fordi jeg scorer m\u00e5l. S\u00e5 enkelt er det. Jeg er bare Erling og det er noe som aldri vil endre seg, sier Haaland p\u00e5 pressekonferansen dagen f\u00f8r Champions League-m\u00f8tet med gamleklubben Dortmund borte. <\/p>\n<p class=\"_paragraph_o9xde_4 _paragraph_xtcu6_10 layout-component text-serif-m layout-normal text-serif-m layout-padded\">Det er ikke ofte Haaland er p\u00e5 pressekonferanse. Han startet med \u00e5 si \u00abHei, folkens! Guten tag! Er det noen tyskere her?!\u00bb. <\/p>\n<p class=\"_paragraph_o9xde_4 _paragraph_xtcu6_10 layout-component text-serif-m layout-normal text-serif-m layout-padded\">Haaland ble spurt om han tenker p\u00e5 rekordene han kan sl\u00e5.<\/p>\n<p class=\"_paragraph_o9xde_4 _paragraph_xtcu6_10 layout-component text-serif-m layout-normal text-serif-m layout-padded\">\u2013 Jeg hadde vel 57 m\u00e5l en sesong, men jeg tenker ikke s\u00e5 mye p\u00e5 det. Jeg fokuserer p\u00e5 neste kamp og det er s\u00e5nn jeg m\u00e5 tenke.<\/p>\n<p class=\"_paragraph_o9xde_4 _paragraph_xtcu6_10 layout-component text-serif-m layout-normal text-serif-m layout-padded\">S\u00e5 fikk han sp\u00f8rsm\u00e5l der noen av journalistene valgte \u00e5 trekke paralleller mellom ham, Lionel Messi og Cristiano Ronaldo. <\/p>\n<p class=\"_paragraph_o9xde_4 _paragraph_xtcu6_10 layout-component text-serif-m layout-normal text-serif-m layout-padded\">Da trakk nordmannen kraftig i n\u00f8dbremsen. <\/p>\n<p class=\"_paragraph_o9xde_4 _paragraph_xtcu6_10 layout-component text-serif-m layout-normal text-serif-m layout-padded\">\u2013 Nei, nei, ikke i det hele tatt. Ingen er i n\u00e6rheten av dem, s\u00e5 det er nei, sier Haaland. <\/p>\n<p class=\"_paragraph_o9xde_4 _paragraph_xtcu6_10 layout-component text-serif-m layout-normal text-serif-m layout-padded\">Ogs\u00e5 Ronaldo har f\u00e5tt sp\u00f8rsm\u00e5l om det samme: <\/p>\n<p class=\"_paragraph_o9xde_4 _paragraph_xtcu6_10 layout-component text-serif-m layout-normal text-serif-m layout-padded\">Hans store m\u00e5l i livet er ikke \u00e5 bli rangert som den aller beste, men \u00e5 spille mesterskap med Norge. <\/p>\n<p class=\"_paragraph_o9xde_4 _paragraph_xtcu6_10 layout-component text-serif-m layout-normal text-serif-m layout-padded\">\u2013 Mitt hovedm\u00e5l i karrieren er \u00e5 hjelpe Norge til \u00e5 komme seg til VM og EM. Jeg var ikke f\u00f8dt da det skjedde sist. Jeg er den samme personen som jeg var f\u00f8r, men har selvsagt mer erfaring. Jeg er den samme Erling, men med mer erfaring, sier han. <\/p>\n<p class=\"_paragraph_o9xde_4 _paragraph_xtcu6_10 layout-component text-serif-m layout-normal text-serif-m layout-padded\">Pep Guardiola skr\u00f8t av Haaland da han m\u00f8tte pressen like f\u00f8r Haaland.<\/p>\n<p class=\"_paragraph_o9xde_4 _paragraph_xtcu6_10 layout-component text-serif-m layout-normal text-serif-m layout-padded\">\u2013 Det er vanskelig \u00e5 finne en virkelig verdensklassespiller som samtidig er utrolig ydmyk. Jeg vet at han kommer til \u00e5 score m\u00e5l og ha stor innflytelse p\u00e5 laget, men jeg hadde f\u00f8lelsen av at han alltid tenkte p\u00e5 hva som var best for laget. Det er sjelden \u00e5 finne hos spillere med denne evnen. Erling er s\u00e5nn.<\/p>\n<p class=\"_paragraph_o9xde_4 _paragraph_xtcu6_10 layout-component text-serif-m layout-normal text-serif-m layout-padded\">Han sier at denne egenskapen overrasket ham.<\/p>\n<p class=\"_paragraph_o9xde_4 _paragraph_xtcu6_10 layout-component text-serif-m layout-normal text-serif-m layout-padded\">\u2013 Normalt tenker spisser bare p\u00e5 m\u00e5l. Det er fortsatt den beste m\u00e5ten \u00e5 hjelpe oss p\u00e5, men det er derfor jeg bestemte meg for det, fordi han signerte en kontrakt for ti \u00e5r. Jo mer han involverer seg i mange ting, desto bedre vil han bli. <\/p>\n","protected":false},"excerpt":{"rendered":"Erling Braut Haaland dro opp jantelovenjantelovenLoven g\u00e5r ut p\u00e5 at ingen skal tro at de er bedre enn&hellip;\n","protected":false},"author":2,"featured_media":78140,"comment_status":"","ping_status":"","sticky":false,"template":"","format":"standard","meta":{"footnotes":""},"categories":[59],"tags":[810,92,30,28,29,83,82],"class_list":{"0":"post-78139","1":"post","2":"type-post","3":"status-publish","4":"format-standard","5":"has-post-thumbnail","7":"category-sport","8":"tag-erling-braut-haaland","9":"tag-fotball","10":"tag-no","11":"tag-norge","12":"tag-norway","13":"tag-sport","14":"tag-sports"},"share_on_mastodon":{"url":"https:\/\/pubeurope.com\/@no\/115491648601248756","error":""},"_links":{"self":[{"href":"https:\/\/www.europesays.com\/no\/wp-json\/wp\/v2\/posts\/78139","targetHints":{"allow":["GET"]}}],"collection":[{"href":"https:\/\/www.europesays.com\/no\/wp-json\/wp\/v2\/posts"}],"about":[{"href":"https:\/\/www.europesays.com\/no\/wp-json\/wp\/v2\/types\/post"}],"author":[{"embeddable":true,"href":"https:\/\/www.europesays.com\/no\/wp-json\/wp\/v2\/users\/2"}],"replies":[{"embeddable":true,"href":"https:\/\/www.europesays.com\/no\/wp-json\/wp\/v2\/comments?post=78139"}],"version-history":[{"count":0,"href":"https:\/\/www.europesays.com\/no\/wp-json\/wp\/v2\/posts\/78139\/revisions"}],"wp:featuredmedia":[{"embeddable":true,"href":"https:\/\/www.europesays.com\/no\/wp-json\/wp\/v2\/media\/78140"}],"wp:attachment":[{"href":"https:\/\/www.europesays.com\/no\/wp-json\/wp\/v2\/media?parent=78139"}],"wp:term":[{"taxonomy":"category","embeddable":true,"href":"https:\/\/www.europesays.com\/no\/wp-json\/wp\/v2\/categories?post=78139"},{"taxonomy":"post_tag","embeddable":true,"href":"https:\/\/www.europesays.com\/no\/wp-json\/wp\/v2\/tags?post=78139"}],"curies":[{"name":"wp","href":"https:\/\/api.w.org\/{rel}","templated":true}]}}