{"id":78163,"date":"2025-11-04T13:40:10","date_gmt":"2025-11-04T13:40:10","guid":{"rendered":"https:\/\/www.europesays.com\/no\/78163\/"},"modified":"2025-11-04T13:40:10","modified_gmt":"2025-11-04T13:40:10","slug":"eva-b-ragde-62-matte-lyve-til-oskar-westerlin-27","status":"publish","type":"post","link":"https:\/\/www.europesays.com\/no\/78163\/","title":{"rendered":"Eva B. Ragde (62) m\u00e5tte lyve til Oskar Westerlin (27):"},"content":{"rendered":"<p>Allerede i f\u00f8rste episode av \u00abHotellet\u00bb, m\u00e5tte Eva B. Ragde (62) og s\u00f8steren Anne B. Ragde (67) takke for seg, etter at de satt igjen med utsjekkskortet.\u00a0<\/p>\n<p>\u2013 Den f\u00f8rste dagen var brutal, sier 62-\u00e5ringen til TV 2 i etterkant av innspillingen.<\/p>\n<p>Men i slutten av s\u00f8ndagens episode kom avsl\u00f8ringen om at s\u00f8strene kom tilbake\u00a0til \u00abHotellet\u00bb, og fikk muligheten til \u00e5 faktisk sjekke inn denne gangen.<\/p>\n<p>\u2013 Jeg var s\u00e5 utladet da vi fikk vite at vi kom inn igjen, at jeg ikke klarte \u00e5 glede meg over det med en gang. Men dagen etter kjente jeg at det var greit, sier hun.<\/p>\n<p>\u2013 Ganske vondt<\/p>\n<p>Dagen etter s\u00f8strenes sjokk-exit, var det Oskar Westerlin (27) og faren som m\u00e5tte forlate konkurransen i Italia.<\/p>\n<p>\u2013 Oskar og jeg hadde sm\u00e5tt snakket om at dersom vi begge to ryker ut tidlig, skulle vi bli igjen i Italia og m\u00f8tes for \u00e5 ta oss en sykkeltur sammen, sier 62-\u00e5ringen til TV 2.<\/p>\n<p>        <img class=\"image__img lazyload\" itemprop=\"image\" title=\"Foto: Eira Kr\u00e5b\u00f8l \/ TV 2\" alt=\"GODE VENNER: Westerlin og Ragde ble gode venner under innspillngen. Foto: Eira Kr\u00e5b\u00f8l \/ TV 2\" width=\"978\" height=\"551\" bad-src=\"https:\/\/www.europesays.com\/no\/wp-content\/uploads\/2025\/11\/18224161.webp\" fetchpriority=\"auto\" \/><\/p>\n<p>      GODE VENNER: Westerlin og Ragde ble gode venner under innspillngen.<br \/>\n         Foto: Eira Kr\u00e5b\u00f8l \/ TV 2<\/p>\n<ul>\n<p class=\"lab-bodytext-line\">Ragde og Westerlin ble nemlig <a href=\"https:\/\/www.tv2.no\/underholdning\/ute-av-hotellet-imaget-biter-meg-i-raeva\/18223797\/\" target=\"_blank\" rel=\"nofollow noopener\">gode venner<\/a> under deltakelsen i den tredje sesongen av \u00abForr\u00e6der\u00bb. Sykling er en av de interessene de har til felles.<\/p>\n<p class=\"lab-bodytext-line\">Da Ragde og s\u00f8steren ventet p\u00e5 \u00e5 returnere til innspillingen, m\u00e5tte hun holde kortene tett til brystet overfor de andre deltakerne.<\/p>\n<p class=\"lab-bodytext-line\">\u2013 Da Oskar r\u00f8k ut, tok han selvf\u00f8lgelig kontakt med meg. Da m\u00e5tte jeg lyve om at jeg hadde dratt hjem, sier hun f\u00f8r hun fortsetter:<\/p>\n<p class=\"lab-bodytext-line\">\u2013 Jeg fikk ikke lov til \u00e5 si at jeg fortsatt var i Italia, og det var egentlig ganske vondt.<\/p>\n<p>\u2013 Helt forferdelig<\/p>\n<p class=\"lab-bodytext-line\">For 62-\u00e5ringen satt det langt inne \u00e5 lyve til Westerlin.\u00a0<\/p>\n<p class=\"lab-bodytext-line\">\u2013 Det f\u00f8rste jeg gjorde da jeg s\u00e5 han igjen, var \u00e5 fortelle hvor kjipt jeg synes det var, sier hun.<\/p>\n<\/ul>\n<p>        <img class=\"image__img lazyload\" itemprop=\"image\" title=\"Foto: Frode Sunde \/ TV 2\" alt=\"SYKLING: Eva B. Ragde og Oskar Westerlin har fortsatt planer om \u00e5 ta en sykkeltur sammen. Foto: Frode Sunde \/ TV 2\" width=\"675\" height=\"379\" bad-src=\"https:\/\/www.europesays.com\/no\/wp-content\/uploads\/2025\/11\/18254307.webp\" fetchpriority=\"auto\" \/><\/p>\n<p>      SYKLING: Eva B. Ragde og Oskar Westerlin har fortsatt planer om \u00e5 ta en sykkeltur sammen.<br \/>\n         Foto: Frode Sunde \/ TV 2<\/p>\n<ul>\n<p>Hun forteller videre at Westerlin hadde full forst\u00e5else for at hun m\u00e5tte lyve, og at han syntes det var g\u00f8y.<\/p>\n<p>\u2013 Men jeg syntes det var helt forferdelig \u00e5 ikke kunne fortelle at vi verken kunne sykle sammen i Italia eller hjemme i Norge med det f\u00f8rste, sier hun f\u00f8r hun legger til:<\/p>\n<p>\u2013 Oskar er en utrolig fin gutt, som b\u00e5de er reflektert og intelligent.\u00a0<\/p>\n<\/ul>\n","protected":false},"excerpt":{"rendered":"Allerede i f\u00f8rste episode av \u00abHotellet\u00bb, m\u00e5tte Eva B. Ragde (62) og s\u00f8steren Anne B. Ragde (67) takke&hellip;\n","protected":false},"author":2,"featured_media":78164,"comment_status":"","ping_status":"","sticky":false,"template":"","format":"standard","meta":{"footnotes":""},"categories":[58],"tags":[71,30,28,29,72],"class_list":{"0":"post-78163","1":"post","2":"type-post","3":"status-publish","4":"format-standard","5":"has-post-thumbnail","7":"category-underholdning","8":"tag-entertainment","9":"tag-no","10":"tag-norge","11":"tag-norway","12":"tag-underholdning"},"share_on_mastodon":{"url":"https:\/\/pubeurope.com\/@no\/115491715350436162","error":""},"_links":{"self":[{"href":"https:\/\/www.europesays.com\/no\/wp-json\/wp\/v2\/posts\/78163","targetHints":{"allow":["GET"]}}],"collection":[{"href":"https:\/\/www.europesays.com\/no\/wp-json\/wp\/v2\/posts"}],"about":[{"href":"https:\/\/www.europesays.com\/no\/wp-json\/wp\/v2\/types\/post"}],"author":[{"embeddable":true,"href":"https:\/\/www.europesays.com\/no\/wp-json\/wp\/v2\/users\/2"}],"replies":[{"embeddable":true,"href":"https:\/\/www.europesays.com\/no\/wp-json\/wp\/v2\/comments?post=78163"}],"version-history":[{"count":0,"href":"https:\/\/www.europesays.com\/no\/wp-json\/wp\/v2\/posts\/78163\/revisions"}],"wp:featuredmedia":[{"embeddable":true,"href":"https:\/\/www.europesays.com\/no\/wp-json\/wp\/v2\/media\/78164"}],"wp:attachment":[{"href":"https:\/\/www.europesays.com\/no\/wp-json\/wp\/v2\/media?parent=78163"}],"wp:term":[{"taxonomy":"category","embeddable":true,"href":"https:\/\/www.europesays.com\/no\/wp-json\/wp\/v2\/categories?post=78163"},{"taxonomy":"post_tag","embeddable":true,"href":"https:\/\/www.europesays.com\/no\/wp-json\/wp\/v2\/tags?post=78163"}],"curies":[{"name":"wp","href":"https:\/\/api.w.org\/{rel}","templated":true}]}}