{"id":78179,"date":"2025-11-04T13:59:21","date_gmt":"2025-11-04T13:59:21","guid":{"rendered":"https:\/\/www.europesays.com\/no\/78179\/"},"modified":"2025-11-04T13:59:21","modified_gmt":"2025-11-04T13:59:21","slug":"even-saevik-tror-kristne-artister-har-hoyere-terskel-for-a-be-om-honorar","status":"publish","type":"post","link":"https:\/\/www.europesays.com\/no\/78179\/","title":{"rendered":"Even S\u00e6vik tror kristne artister har h\u00f8yere terskel for \u00e5 be om honorar"},"content":{"rendered":"<p>    MUSIKK: Norske artistar m\u00e5 tilpasse seg ein krevjande \u00f8konomisk kvardag. Den unge kristne artisten Even S\u00e6vik rigga like godt sin eigen juleturn\u00e9.<\/p>\n<p>\n        KRISTEN ARTIST: \u2013 Det b\u00f8r ikkje vere tabu \u00e5 be om honorar. Samtidig er det ein balanse i det. Ein vil jo vere i teneste ogs\u00e5, seier Even A. S\u00e6vik.<br \/>\n        Mikal H\u00e6geland\n    <\/p>\n<p>                Bestill abonnement her<\/p>\n<p>\n                    <a href=\"http:\/\/kampanje.vl.no\/betalingsmur\" rel=\"nofollow noopener\" target=\"_blank\">KJ\u00d8P<\/a>\n                <\/p>\n","protected":false},"excerpt":{"rendered":"MUSIKK: Norske artistar m\u00e5 tilpasse seg ein krevjande \u00f8konomisk kvardag. Den unge kristne artisten Even S\u00e6vik rigga like&hellip;\n","protected":false},"author":2,"featured_media":78180,"comment_status":"","ping_status":"","sticky":false,"template":"","format":"standard","meta":{"footnotes":""},"categories":[58],"tags":[71,30,28,29,72],"class_list":{"0":"post-78179","1":"post","2":"type-post","3":"status-publish","4":"format-standard","5":"has-post-thumbnail","7":"category-underholdning","8":"tag-entertainment","9":"tag-no","10":"tag-norge","11":"tag-norway","12":"tag-underholdning"},"share_on_mastodon":{"url":"https:\/\/pubeurope.com\/@no\/115491790049224777","error":""},"_links":{"self":[{"href":"https:\/\/www.europesays.com\/no\/wp-json\/wp\/v2\/posts\/78179","targetHints":{"allow":["GET"]}}],"collection":[{"href":"https:\/\/www.europesays.com\/no\/wp-json\/wp\/v2\/posts"}],"about":[{"href":"https:\/\/www.europesays.com\/no\/wp-json\/wp\/v2\/types\/post"}],"author":[{"embeddable":true,"href":"https:\/\/www.europesays.com\/no\/wp-json\/wp\/v2\/users\/2"}],"replies":[{"embeddable":true,"href":"https:\/\/www.europesays.com\/no\/wp-json\/wp\/v2\/comments?post=78179"}],"version-history":[{"count":0,"href":"https:\/\/www.europesays.com\/no\/wp-json\/wp\/v2\/posts\/78179\/revisions"}],"wp:featuredmedia":[{"embeddable":true,"href":"https:\/\/www.europesays.com\/no\/wp-json\/wp\/v2\/media\/78180"}],"wp:attachment":[{"href":"https:\/\/www.europesays.com\/no\/wp-json\/wp\/v2\/media?parent=78179"}],"wp:term":[{"taxonomy":"category","embeddable":true,"href":"https:\/\/www.europesays.com\/no\/wp-json\/wp\/v2\/categories?post=78179"},{"taxonomy":"post_tag","embeddable":true,"href":"https:\/\/www.europesays.com\/no\/wp-json\/wp\/v2\/tags?post=78179"}],"curies":[{"name":"wp","href":"https:\/\/api.w.org\/{rel}","templated":true}]}}