{"id":78194,"date":"2025-11-04T14:14:10","date_gmt":"2025-11-04T14:14:10","guid":{"rendered":"https:\/\/www.europesays.com\/no\/78194\/"},"modified":"2025-11-04T14:14:10","modified_gmt":"2025-11-04T14:14:10","slug":"hvis-gears-1-var-alien-var-resten-av-serien-aliens-gears-of-war-e-day","status":"publish","type":"post","link":"https:\/\/www.europesays.com\/no\/78194\/","title":{"rendered":"Hvis Gears 1 var Alien, var resten av serien Aliens &#8211; Gears of War: E-Day"},"content":{"rendered":"<p>Hvis du spilte det f\u00f8rste Gears of War da det kom ut, husker du sikkert at det var litt annerledes i sin tiln\u00e6rming, og til \u00e5 begynne med f\u00f8ltes det nesten som et skrekkspill. <strong>The Coalition<\/strong> har ikke lagt skjul p\u00e5 at dette er noe de \u00f8nsker \u00e5 g\u00e5 tilbake til med det kommende Gears of War: E-Day.<\/p>\n<p>I et intervju med <a href=\"https:\/\/frvr.com\/blog\/gears-of-war-art-director-is-thrilled-the-series-is-returning-to-its-horror-roots-with-e-day-if-gears-1-was-alien-the-rest-of-the-franchise-is-aliens\/\" title=\"Gears of War art director is thrilled the series is returning to its horror roots with E-Day - \" if=\"\" gears=\"\" was=\"\" alien=\"\" the=\"\" rest=\"\" of=\"\" franchise=\"\" is=\"\" aliens=\"\" target=\"_blank\" rel=\"nofollow noopener\">FRVR<\/a> (takk <a href=\"https:\/\/www.purexbox.com\/news\/2025\/11\/gears-of-wars-art-director-likes-how-e-day-is-returning-to-the-series-horror-game-roots\" title=\"Gears Of War&#039;s Art Director Likes How E-Day Is Returning To The Series &#039;Horror Game&#039; Roots\" target=\"_blank\" rel=\"nofollow noopener\">Pure Xbox<\/a>) sier seriens opprinnelige art director, Jerry O&#8217;Flaherty, at han er veldig forn\u00f8yd med den nye (eller kanskje heller gamle) retningen:<\/p>\n<p>&laquo;Hvis Gears 1 var Alien, var resten av serien Aliens. Det var mye mer, du vet, det var et skjul av skurken, det var bare spenningen og skrekken som du trakk ut av hvert sted, og jeg elsket det &#8230; Jeg elsket skrekkaspektet ved det vi gjorde i den f\u00f8rste.&raquo;<\/p>\n<p>Selv om han \u00e5penbart elsker de andre spillene ogs\u00e5, f\u00f8lte han likevel at &laquo;det f\u00f8rste hadde mer av et skrekk [tema]&raquo;, og derfor kommer han sannsynligvis til \u00e5 like det kommende E-Day ogs\u00e5. Det har fortsatt ingen lanseringsdato, men vil bli lansert i tide til Xbox&#8217; 25-\u00e5rsjubileum neste \u00e5r, og vil da v\u00e6re tilgjengelig p\u00e5 PC og Xbox Series S\/X. Det vil <a href=\"https:\/\/www.gamereactor.no\/rykte-gears-of-war-e-day-og-state-of-decay-3-kommer-til-ps5-1827513\/\" title=\"Rykte: Gears of War: E-Day og State of Decay 3 kommer til PS5\" rel=\"nofollow noopener\" target=\"_blank\">sannsynligvis<\/a> ogs\u00e5 bli utgitt for PlayStation 5, selv om ingenting er bekreftet. Det vil naturligvis ogs\u00e5 bli inkludert i Game Pass.<\/p>\n<p><img loading=\"lazy\" decoding=\"async\" id=\"img-1905173-4271423\" data-fullsize=\"\/media\/14\/wewillget_4271423b.jpg\" data-lazy=\"\" src=\"https:\/\/www.gamereactor.nohttps:\/\/www.gamereactor.no\/media\/14\/wewillget_4271423_650x.jpg\" width=\"650\" onclick=\"if (!window.__cfRLUnblockHandlers) return false; gallery_openmodal('1905173','4271423',false,'aec2da5fd06f796eca6a890fb03aec43');\" height=\"366\" alt=\"Gears of War: E-Day\" class=\"rwd_col_content lazy\" data-cf-modified-24f6946be1a8d01d1e780fb5-=\"\"\/><\/p>\n","protected":false},"excerpt":{"rendered":"Hvis du spilte det f\u00f8rste Gears of War da det kom ut, husker du sikkert at det var&hellip;\n","protected":false},"author":2,"featured_media":78195,"comment_status":"","ping_status":"","sticky":false,"template":"","format":"standard","meta":{"footnotes":""},"categories":[57],"tags":[30,28,29,65,63,64,66,70,69,67,68],"class_list":{"0":"post-78194","1":"post","2":"type-post","3":"status-publish","4":"format-standard","5":"has-post-thumbnail","7":"category-vitenskap-og-teknologi","8":"tag-no","9":"tag-norge","10":"tag-norway","11":"tag-science","12":"tag-science-and-technology","13":"tag-scienceandtechnology","14":"tag-technology","15":"tag-teknologi","16":"tag-vitenskap","17":"tag-vitenskap-og-teknologi","18":"tag-vitenskapteknologi"},"share_on_mastodon":{"url":"https:\/\/pubeurope.com\/@no\/115491849141309082","error":""},"_links":{"self":[{"href":"https:\/\/www.europesays.com\/no\/wp-json\/wp\/v2\/posts\/78194","targetHints":{"allow":["GET"]}}],"collection":[{"href":"https:\/\/www.europesays.com\/no\/wp-json\/wp\/v2\/posts"}],"about":[{"href":"https:\/\/www.europesays.com\/no\/wp-json\/wp\/v2\/types\/post"}],"author":[{"embeddable":true,"href":"https:\/\/www.europesays.com\/no\/wp-json\/wp\/v2\/users\/2"}],"replies":[{"embeddable":true,"href":"https:\/\/www.europesays.com\/no\/wp-json\/wp\/v2\/comments?post=78194"}],"version-history":[{"count":0,"href":"https:\/\/www.europesays.com\/no\/wp-json\/wp\/v2\/posts\/78194\/revisions"}],"wp:featuredmedia":[{"embeddable":true,"href":"https:\/\/www.europesays.com\/no\/wp-json\/wp\/v2\/media\/78195"}],"wp:attachment":[{"href":"https:\/\/www.europesays.com\/no\/wp-json\/wp\/v2\/media?parent=78194"}],"wp:term":[{"taxonomy":"category","embeddable":true,"href":"https:\/\/www.europesays.com\/no\/wp-json\/wp\/v2\/categories?post=78194"},{"taxonomy":"post_tag","embeddable":true,"href":"https:\/\/www.europesays.com\/no\/wp-json\/wp\/v2\/tags?post=78194"}],"curies":[{"name":"wp","href":"https:\/\/api.w.org\/{rel}","templated":true}]}}