{"id":78198,"date":"2025-11-04T14:17:24","date_gmt":"2025-11-04T14:17:24","guid":{"rendered":"https:\/\/www.europesays.com\/no\/78198\/"},"modified":"2025-11-04T14:17:24","modified_gmt":"2025-11-04T14:17:24","slug":"kommentar-meninger-kunne-vaert-drammens-svar-pa-bybane-ma-vente-i-evigheter-dessverre","status":"publish","type":"post","link":"https:\/\/www.europesays.com\/no\/78198\/","title":{"rendered":"Kommentar, Meninger | Kunne v\u00e6rt Drammens svar p\u00e5 bybane. M\u00e5 vente i evigheter dessverre"},"content":{"rendered":"\n<p><b>I fjor kom <\/b>beskjeden om at det ikke blir fire togstopp i timen p\u00e5 Braker\u00f8ya n\u00e5r det nye sykehuset \u00e5pner. Selv om det har v\u00e6rt snakket om i mange \u00e5r.<\/p>\n<p><b>Nyheten fikk det<\/b> til \u00e5 <a class=\"simple-relation related-teaser article--c-eRUmMG article--c-eRUmMG-jKCPdD-design-default article--c-eRUmMG-iBPVJb-cv\" href=\"https:\/\/www.dt.no\/kan-ikke-svare-pa-om-det-blir-fire-tog-i-timen-til-sykehuset\/s\/5-57-2480998\" rel=\"nofollow noopener\" target=\"_blank\">koke over for drammensordf\u00f8rer<\/a> Kjell Arne Hermansen (H). \u2013 En skandale, tordnet han.<\/p>\n<p><b>H\u00e5pet var at<\/b> det ville skje neste \u00e5r, med ny  (R26).<\/p>\n<p><b>S\u00e5 viser<\/b> <b>det <\/b>seg <a class=\"simple-relation related-teaser article--c-eRUmMG article--c-eRUmMG-jKCPdD-design-default article--c-eRUmMG-iBPVJb-cv\" href=\"https:\/\/www.dt.no\/blir-ikke-fire-togstopp-i-timen-neste-ar-heller\/s\/5-57-2717981\" rel=\"nofollow noopener\" target=\"_blank\">at heller ikke det skjer.<\/a><\/p>\n<p><b>Det er helt<\/b> p\u00e5 trynet, selvsagt. For i stedet for \u00e5 bruke 45 minutter fra Mj\u00f8ndalen til Braker\u00f8ya med buss, kunne den samme strekningen med kongsbergtoget tatt 14 minutter.<\/p>\n<p><b>Dette kunne v\u00e6rt <\/b>Drammens svar p\u00e5 bybane. Men f\u00f8rste muligheten byr seg f\u00f8rst n\u00e5r <a class=\"simple-relation related-teaser article--c-eRUmMG article--c-eRUmMG-jKCPdD-design-default article--c-eRUmMG-iBPVJb-cv\" href=\"https:\/\/www.dt.no\/et-ekstra-togstopp-pa-brakeroya-kan-medfore-flere-forsinkelser-og-folgefeil\/o\/5-57-2718617\" rel=\"nofollow noopener\" target=\"_blank\">Flytoget sl\u00e5s sammen med Vy<\/a> \u2013 i 2028. Da blir nemlig alt s\u00e5 meget bedre, skal vi tro jernbanedirekt\u00f8ren. Dette omtales som \u00abdet store grepet\u00bb for \u00e5 f\u00e5 mer effekt ut av jernbanenettet slik det er n\u00e5.<\/p>\n<p><b>Hovedproblemet er at<\/b> toglinjene inn og ut av Oslo er sprengt. Her passerer 24 tog i timen i hver retning. Det er den mest belastede flaskehalsen i hele Europa. Den var overbelastet allerede i 2007, noe vi ser konsekvensene av n\u00e5.<\/p>\n<p><b>L\u00f8sningen heter <\/b> \u00c5 utvide tunnelen under Oslo er det viktigste tiltaket for \u00e5 l\u00f8se jernbanefloken p\u00e5 \u00d8stlandet, men som ingen politikere gidder \u00e5 ta tak i.<\/p>\n<p><b>Man vinner som<\/b> kjent ikke velgere i Hallingdal og Tr\u00f8ndelag p\u00e5 gigaprosjekter i hovedstadsomr\u00e5det. Selv om det er her det er mest samfunns\u00f8konomisk fornuftig \u00e5 bruke togmilliardene.<\/p>\n<p><b>Da N\u00e6ringsforeningen utfordret<\/b> H\u00f8yres toppkandidat i Buskerud Trond Helleland om Rikstunnelen i valgkampen, feide han det bare bort og begynte \u00e5 snakke om noe annet.<\/p>\n<p><b>Helleland, som n\u00e5<\/b> er partiets samferdselspolitiske talsperson, vil heller \u00f8se ut skattepenger p\u00e5 Ringeriksbanen og Stad skipstunnel p\u00e5 Vestlandet. Sl\u00f8sing kan det ogs\u00e5 kalles.<\/p>\n<p><b>Da Oslo og <\/b>Akershus H\u00f8yre p\u00e5 partiets landsm\u00f8te i v\u00e5r foreslo \u00e5 innlemme rikstunnelen i partiprogrammet, ble de nedstemt.<\/p>\n<p><b>Mens vi venter <\/b>p\u00e5 at en rikstunnel kanskje kommer en gang p\u00e5 2040-tallet (!), m\u00e5 kapasiteten p\u00e5 jernbanen utnyttes p\u00e5 andre og billigere m\u00e5ter.<\/p>\n<p><b>Derfor sitter fagfolk<\/b> og finregner p\u00e5 hvordan hvert eneste tog skal treffe gjennom flaskehalsen under Oslo, uten forsinkelser og f\u00f8lgefeil. Det hele koker ned til hvordan man f\u00e5r flest mulig mennesker ut og inn av togene p\u00e5 kortest mulig tid. Hver centimeter d\u00f8r\u00e5pning og hvert sekund togstopp teller i dette monsteret av et puslespill.<\/p>\n<p><b>Da blir det<\/b> lett for fagbyr\u00e5kratene \u00e5 fjerne stopp p\u00e5 stasjoner som Steinberg, og ditto vanskelig \u00e5 legge til stopp p\u00e5 stasjoner som Braker\u00f8ya.<\/p>\n<p><b>Puslespillet blir ikke <\/b>enklere av at ogs\u00e5 andre stasjoner \u00f8nsker seg flere tog i timen. \u00c5s stasjon i Akershus for eksempel, som ogs\u00e5 bare har to stopp i timen, men har nesten fire ganger s\u00e5 mange passasjerer.<\/p>\n<p><b>Sammensl\u00e5ingen av Flytoget<\/b> og Vy, som vil gi togpendlerne 60 prosent flere avganger fra Drammen til Oslo, vil if\u00f8lge jernbanemyndighetene \u00f8ke sjansene for tre til fire stopp p\u00e5 Braker\u00f8ya og dermed realiseringen av en bybane i Drammen. Men alts\u00e5: tidligst i 2028. Mest realistisk i 2030.<\/p>\n<p><b>Det er veldig<\/b> lenge \u00e5 vente.<\/p>\n<p><b>Derfor har h\u00f8yreordf\u00f8rerne <\/b>en sv\u00e6rt viktig jobb \u00e5 gj\u00f8re med \u00e5 lobbe videre, selv om det politiske handlingsrommet er smalt.<\/p>\n<p><b>Sp\u00f8rsm\u00e5let er om <\/b>de vil prioritere kampen for flere togstopp fremfor kampen for \u00e5 reversere Flytog-planene. Eller om de i det hele tatt aksepterer premisset.<\/p>\n<p><b>Lite tyder p\u00e5<\/b> at <a class=\"simple-relation related-teaser article--c-eRUmMG article--c-eRUmMG-jKCPdD-design-default article--c-eRUmMG-iBPVJb-cv\" href=\"https:\/\/www.dt.no\/raser-mot-manglende-tog-na-trenger-vi-handling-ikke-flere-unnskyldninger\/s\/5-57-2723429\" rel=\"nofollow noopener\" target=\"_blank\">de gj\u00f8r det.<\/a><\/p>\n<p><b>Senest sist uke <\/b>ba Trond Helleland og tre partikollegaer p\u00e5 Stortinget regjeringen om \u00e5 <a rel=\"Follow nofollow noopener\" href=\"https:\/\/www.stortinget.no\/no\/Saker-og-publikasjoner\/Publikasjoner\/Representantforslag\/2025-2026\/dok8-202526-021s\/?all=true\" target=\"_blank\">beholde Flytoget<\/a>.<\/p>\n<p><b>Regjeringen vil neppe<\/b> la seg overbevise.<\/p>\n<p><b>Men i politikken <\/b>har det aldri v\u00e6rt noe problem \u00e5 ri flere hester samtidig, slik H\u00f8yre gj\u00f8r n\u00e5. \u00c5 skrote symbolkampen for \u00e5 bevare Flytoget som selskap, er selvsagt uaktuelt. Selv om \u00abflytoget\u00bb som funksjon selvsagt vil fortsette \u00e5 frakte folk til Gardermoen.<\/p>\n<p><b>Det kan<\/b> <b>ogs\u00e5 <\/b>ta bort oppmerksomheten og fremst\u00e5 useri\u00f8st hvis m\u00e5let er flere stopp ved det nye sykehuset. Det blir kjempeviktig \u00e5 jobbe for disse stoppene fremover, for konkurransen fra andre stasjoner er stor.<\/p>\n<p><b>Politikk handler <\/b>om \u00e5 prioritere. Uansett hvor udugelig eller tungrodde man m\u00e5tte mene at Jernbanedirektoratet, Bane Nor og Samferdselsdepartementet er.<\/p>\n<p><b>Togpendlerne bryr seg<\/b> lite om hvilken logo toget har s\u00e5 lenge det g\u00e5r n\u00e5r det skal, stopper der du vil, og du slipper \u00e5 besvime p\u00e5 veien.<\/p>\n<p><b>S\u00e5 lenge ingen<\/b> vil gj\u00f8re noe med hovedproblemet, nemlig flaksehalsen i Oslo, er det dessverre s\u00e5nne debatter vi f\u00e5r.<\/p>\n","protected":false},"excerpt":{"rendered":"I fjor kom beskjeden om at det ikke blir fire togstopp i timen p\u00e5 Braker\u00f8ya n\u00e5r det nye&hellip;\n","protected":false},"author":2,"featured_media":78199,"comment_status":"","ping_status":"","sticky":false,"template":"","format":"standard","meta":{"footnotes":""},"categories":[10],"tags":[36,20,21,24,25,15,266,22,23,156,13,30,28,29,14,1533,16,1282,1923,26,27],"class_list":{"0":"post-78198","1":"post","2":"type-post","3":"status-publish","4":"format-standard","5":"has-post-thumbnail","7":"category-norge","8":"tag-art","9":"tag-breaking-news","10":"tag-breakingnews","11":"tag-featured-news","12":"tag-featurednews","13":"tag-headlines","14":"tag-kommentar","15":"tag-latest-news","16":"tag-latestnews","17":"tag-meninger","18":"tag-news","19":"tag-no","20":"tag-norge","21":"tag-norway","22":"tag-nyheter","23":"tag-opinion","24":"tag-overskrifter","25":"tag-politikk-og-samfunn","26":"tag-tog","27":"tag-top-stories","28":"tag-topstories"},"share_on_mastodon":{"url":"https:\/\/pubeurope.com\/@no\/115491860827169150","error":""},"_links":{"self":[{"href":"https:\/\/www.europesays.com\/no\/wp-json\/wp\/v2\/posts\/78198","targetHints":{"allow":["GET"]}}],"collection":[{"href":"https:\/\/www.europesays.com\/no\/wp-json\/wp\/v2\/posts"}],"about":[{"href":"https:\/\/www.europesays.com\/no\/wp-json\/wp\/v2\/types\/post"}],"author":[{"embeddable":true,"href":"https:\/\/www.europesays.com\/no\/wp-json\/wp\/v2\/users\/2"}],"replies":[{"embeddable":true,"href":"https:\/\/www.europesays.com\/no\/wp-json\/wp\/v2\/comments?post=78198"}],"version-history":[{"count":0,"href":"https:\/\/www.europesays.com\/no\/wp-json\/wp\/v2\/posts\/78198\/revisions"}],"wp:featuredmedia":[{"embeddable":true,"href":"https:\/\/www.europesays.com\/no\/wp-json\/wp\/v2\/media\/78199"}],"wp:attachment":[{"href":"https:\/\/www.europesays.com\/no\/wp-json\/wp\/v2\/media?parent=78198"}],"wp:term":[{"taxonomy":"category","embeddable":true,"href":"https:\/\/www.europesays.com\/no\/wp-json\/wp\/v2\/categories?post=78198"},{"taxonomy":"post_tag","embeddable":true,"href":"https:\/\/www.europesays.com\/no\/wp-json\/wp\/v2\/tags?post=78198"}],"curies":[{"name":"wp","href":"https:\/\/api.w.org\/{rel}","templated":true}]}}