{"id":78216,"date":"2025-11-04T15:00:14","date_gmt":"2025-11-04T15:00:14","guid":{"rendered":"https:\/\/www.europesays.com\/no\/78216\/"},"modified":"2025-11-04T15:00:14","modified_gmt":"2025-11-04T15:00:14","slug":"fristbrudd-spesialistlege-as-angell-pagrepet-siktet-for-grovt-bedrageri","status":"publish","type":"post","link":"https:\/\/www.europesays.com\/no\/78216\/","title":{"rendered":"Fristbrudd, Spesialistlege as | Angell p\u00e5grepet \u2013 siktet for grovt bedrageri"},"content":{"rendered":"\n<p>Det bekrefter statsadvokat Anne Allum i \u00d8kokrim til Nordlys\/Nord24.<\/p>\n<p>\u2013 I forrige uke hadde vi en aksjon i saken. Da ble en person p\u00e5grepet og siktet for grovt bedrageri p\u00e5 inntil 300 millioner. Det ble ogs\u00e5 ransaket p\u00e5 fem ulike steder.<\/p>\n<p>Personen som ble p\u00e5grepet ble avh\u00f8rt og l\u00f8slatt samme dag, opplyser Allum.<\/p>\n<p>\u2013 Er denne personen daglig leder og eier i selskapet?<\/p>\n<p>\u2013 Ja, det stemmer.<\/p>\n<p>   <img decoding=\"async\" width=\"1200\" height=\"800\" fetchpriority=\"low\"  loading=\"lazy\"  src=\"https:\/\/www.europesays.com\/no\/wp-content\/uploads\/2025\/11\/Anne%2BAllum%2B29.jpg\" alt=\"\" class=\"brick-c-cFOWSL\" style=\"--brick-image-ratio: 1200 \/ 800;\"\/><\/p>\n<p>      STATSADVOKAT: Anne Allum i \u00d8kokrim.<br \/>\n      Foto: Nettavisen\n    <\/p>\n<p>\u00d8kokrim har sendt en pressemelding om saken:<\/p>\n<p>  <a href=\"https:\/\/www.nord24.no\/5-32-232878\" class=\"related-teaser default-story-teaser article--c-eRUmMG article--c-eRUmMG-jKCPdD-design-default article--c-eRUmMG-kpKLOW-cv\" rel=\"nofollow noopener\" target=\"_blank\"><\/p>\n<p>\n            Les ogs\u00e5<\/p>\n<p>              Sikret verdier for 100 millioner\n        <\/p>\n<p>  <\/a><br \/>\n  P\u00e5grepet<\/p>\n<p>Daglig leder og eier er, som Nordlys\/Nord24 har publisert en rekke artikler om, Miriam Angell. Per n\u00e5 er det ingen flere siktede i saken, opplyser \u00d8kokrim.<\/p>\n<p>Angell representeres av advokat Caterina H\u00e5land Gaeta i SANDS. Hun opplyser til Nordlys at de ikke vil gi noe intervju forel\u00f8pig, men har forberedt en kort uttalelse:<\/p>\n<p>\u00abGitt hvordan denne saken har blitt fremstilt av Helse Nord og media, ser vi frem til at saken blir opplyst. Min klient har svart p\u00e5 de sp\u00f8rsm\u00e5l som er stilt og vil fortsette \u00e5 bidra til \u00e5 gi et korrekt bilde av saken.<\/p>\n<p>Siktelse er en prosessuell status som gir rettigheter i etterforskningen. Vi ser p\u00e5 det som et naturlig steg n\u00e5r \u00d8kokrim f\u00f8rst har valgt \u00e5 g\u00e5 inn i saken og har gjennomf\u00f8rt avh\u00f8r\u00bb.<\/p>\n<p>   <img decoding=\"async\" width=\"5304\" height=\"7426\" fetchpriority=\"low\"  loading=\"lazy\"  src=\"https:\/\/www.europesays.com\/no\/wp-content\/uploads\/2025\/11\/caterina-h%C3%A5land-gaeta_02.jpg\" alt=\"\" class=\"brick-c-cFOWSL\" style=\"--brick-image-ratio: 5304 \/ 7426;\"\/><\/p>\n<p>      REPRESENTERER ANGELL: Caterina H\u00e5land Gaeta i advokatfirmaet SANDS.<br \/>\n      Foto: SANDS\n    <\/p>\n<p>  Vil ikke kommentere siktelsen<br \/>\n  <a href=\"https:\/\/www.nord24.no\/5-32-224620\" class=\"related-teaser has-image default-story-teaser article--c-eRUmMG article--c-eRUmMG-jKCPdD-design-default\" rel=\"nofollow noopener\" target=\"_blank\"><\/p>\n<p>    <img decoding=\"async\" loading=\"lazy\"  src=\"https:\/\/www.europesays.com\/no\/wp-content\/uploads\/2025\/11\/1755285843526.jpg\" alt=\"\" class=\"brick-c-cFOWSL\" style=\"\"\/><\/p>\n<p>\n            Les ogs\u00e5<\/p>\n<p>              Gr\u00e5tkvalt Miriam i retten: \u2013 Hele mitt rykte er \u00f8delagt\n        <\/p>\n<p>  <\/a><\/p>\n<p>   <img decoding=\"async\" width=\"712\" height=\"430\" fetchpriority=\"low\"  loading=\"lazy\"  src=\"https:\/\/www.europesays.com\/no\/wp-content\/uploads\/2025\/11\/bolig.jpg\" alt=\"\" class=\"brick-c-cFOWSL\" style=\"--brick-image-ratio: 712 \/ 430;\"\/><\/p>\n<p>      FORRETNINGSADRESSE: Hjemmeadressen til Miriam Angell er ogs\u00e5 forretningsadressen til Spesialistlege AS.<br \/>\n      Foto: Rune Endresen\n    <\/p>\n<p>Etter \u00e5 ha f\u00e5tt anmeldelser fra Nordlandssykehuset og Universitetssykehuset Nord-Norge i henholdsvis juni og august, besluttet \u00d8kokrim etterforskning 15. september, opplyser Allum.<\/p>\n<p>\u2013 Hvilke etterforskningsskritt er gjort?<\/p>\n<p>\u2013 Under aksjonen gjorde vi beslag i telefoner og datautstyr og en del dokumenter. Det som skjer videre er at vi vil gjennomg\u00e5 beslaget og avh\u00f8re vitner i saken.<\/p>\n<p>   <img decoding=\"async\" width=\"3264\" height=\"1570\" fetchpriority=\"low\"  loading=\"lazy\"  src=\"https:\/\/www.europesays.com\/no\/wp-content\/uploads\/2025\/11\/spesialistlege.jpg\" alt=\"\" class=\"brick-c-cFOWSL\" style=\"--brick-image-ratio: 3264 \/ 1570;\"\/><\/p>\n<p>      LUKKET OG L\u00c5ST: Spesialistlege AS har blant annet kontorer i denne byg\u00e5rden i Troms\u00f8 sentrum. Tirsdag er skiltet fjernet og lokalene m\u00f8rklagt.<br \/>\n      Foto: Torkil Emberland\n    <\/p>\n<p>\u2013 Hvilke vitner?<\/p>\n<p>\u2013 Jeg kan dessverre ikke g\u00e5 inn p\u00e5 hvilke vitner vi vil snakke med. Men hvis behandlere eller pasienter mener de har noe \u00e5 tilf\u00f8re saken, \u00f8nsker vi at de tar kontakt med \u00d8kokrim.<\/p>\n<p><b>\u00d8kokrim \u00f8nsker at man da tar kontakt p\u00e5 telefon 45616399.<\/b><\/p>\n<p>\u2013 Alvorlig sak<\/p>\n<p>\u2013 De fem adressene, hvor er de?<\/p>\n<p>\u2013 Nei, det kan jeg ikke g\u00e5 noe n\u00e6rmere inn p\u00e5 n\u00e5, sier Allum.<\/p>\n<p>\u2013 Er de knyttet til eieren?<\/p>\n<p>\u2013 Det kan jeg ikke g\u00e5 inn p\u00e5.<\/p>\n<p>\u2013 Kan du si noe om omfanget av saken?<\/p>\n<p><b>\u2013 Det er vanskelig \u00e5 si noe om omfanget, men vi anser det som en alvorlig sak, b\u00e5de p\u00e5 grunn av det h\u00f8ye bel\u00f8pet, men ogs\u00e5 p\u00e5 grunn av mistanke om utnyttelse av en offentlig helseordning.<\/b><\/p>\n<p>\u2013 Er det planlagt flere avh\u00f8r av siktede?<\/p>\n<p>\u2013 Det vil v\u00e6re naturlig, men det er ikke planlagt per n\u00e5, sier Allum.<\/p>\n<p>            Dette er saken<\/p>\n<ul>\n<li>Fristbruddordningen skal sikre pasienter <b>rett til behandling<\/b>, hvis sykehuset ikke overholder en avtalt behandlingsfrist.<\/li>\n<li>Nord24\/Nordlys har imidlertid avsl\u00f8rt en rekke <b>systemsvakheter <\/b>med Helfos anbud og fristbruddkontrakter med private leverand\u00f8rer. Nordlys har ogs\u00e5 avsl\u00f8rt <b>timepriser p\u00e5 rundt 4.000 kroner <\/b>og mye lengre behandlingsforl\u00f8p enn i det offentlige.<\/li>\n<li>Det er ogs\u00e5 avdekket <b>sv\u00e6rt mangelfull kontroll<\/b> med regninger fra de private leverand\u00f8rene, <b>enorm inntjening<\/b> samt <b>store avvik<\/b> i pasientregistreringen. <\/li>\n<li>Statsforvalteren beskriver i en tilsynsrapport det de mener er <b>overbehandling og overfakturering<\/b> utf\u00f8rt av Spesialistlege AS.<\/li>\n<li>UNN og Nordlandssykehuset har deretter <b>anmeldt Spesialistlege AS til \u00d8kokrim<\/b> med mistanke om grovt bedrageri.<\/li>\n<li>Sykehusene mener det er <b>overfakturert for over 300 millioner kroner<\/b>.<\/li>\n<li>Selskapet har <b>hele tiden nektet \u00e5 ha gjort noe galt og gj\u00f8r det fortsatt<\/b>.<\/li>\n<li>I etterkant har selskapet avslutter all pasientbehandling og tilbakef\u00f8rt pasientene til UNN og Nordlandssykehuset.<\/li>\n<li>Nordlandssykehuset og UNN har varslet <b>sivilt s\u00f8ksm\u00e5l<\/b> mot selskapet og Angell p\u00e5 totalt 350 millioner kroner.<\/li>\n<\/ul>\n<p>   <img decoding=\"async\" width=\"2895\" height=\"1765\" fetchpriority=\"low\"  loading=\"lazy\"  src=\"https:\/\/www.europesays.com\/no\/wp-content\/uploads\/2025\/11\/5_32_224623_1755285747654.jpg\" alt=\"PAUSE: Miriam Angell i en pause fra alvoret i retten ble det et lite smil og litt galgenhumor. H\u00f8y temperatur i rettsak der over 100 millioner st\u00e5r i spill for sykehusene. P\u00e5stander om \u00abskyh\u00f8y l\u00f8nn\u00bb og knusende tilsynrapport uventet lagt frem. Motparten mener s\u00e5rbare pasienter kan bli skadelidende p\u00e5 om sykehusene f\u00e5r viljen sin.\" class=\"brick-c-cFOWSL\" style=\"--brick-image-ratio: 2895 \/ 1765;\"\/><\/p>\n<p>      SIKTET: Miriam Angell under et rettsm\u00f8te i Troms\u00f8.<br \/>\n      Foto: Rune Endresen\n    <\/p>\n<p>  \u2013 Ubegripelig kampanje<\/p>\n<p>Selskapet Spesialistlege AS og eier Miriam Angell har hele tiden avvist alle beskyldninger fra sykehusene.<\/p>\n<p>If\u00f8lge eieren har de fulgt reglene til punkt og prikke i et lovlig vunnet anbud, som har vist seg \u00e5 v\u00e6re \u00f8konomisk gunstig.<\/p>\n<p>Angell har tidligere kalt sykehusenes fremgangsm\u00e5te for en \u00abubegripelig kampanje\u00bb fra to sykehus som Hun mener de har trukket konklusjoner som det <b>\u00aboverhodet ikke er grunnlag for\u00bb. Hun har ogs\u00e5 stilt sp\u00f8rsm\u00e5l ved grunnlaget til \u00abrobotanalysene\u00bb som er gjennomf\u00f8rt. Hun aviser beskyldningene om overfakturering p\u00e5 det sterkeste.<\/b><\/p>\n<p>Den mange\u00e5rige legen og psykiateren mener de har opptr\u00e5dt ryddig og transparent og sa videre at selskapet har v\u00e6rt \u00abs\u00e6rdeles opptatt av ryddighet i disse prosessene\u00bb, fordi de anser seg som en viktig samarbeidspartner til det offentlige og til sykehusene i nord.<\/p>\n<p>\u00abSom fristbruddleverand\u00f8r har vi kontinuerlig forholdt oss til den ordningen som er etablert, og operert og rapportert inn i tr\u00e5d med denne, inkludert etter l\u00f8pende avklaringsdialog med v\u00e5r kontraktsmotpart Helfo, der det har v\u00e6rt behov. \u00bb<\/p>\n<p>            TIPS OSS OM TEMAET<\/p>\n<p>Nord24\/Nordlys har gjennom en reportasjeserie satt s\u00f8kelys p\u00e5 fristbruddordningen i helsevesenet.<\/p>\n<p>Har du tips eller innspill? Kontakt v\u00e5re journalister:<\/p>\n<p><b>Rune Endresen:<\/b> 416 85 708 og rune.endresen@nordlys.no<\/p>\n<p><b>Eirik Linaker Berglund: <\/b>414 31 318 og eirik.berglund@nordlys.no<\/p>\n<p><b>Torkil Emberland: <\/b>916 99 255 og torkil.emberland@nordlys.no<\/p>\n<p>   <img decoding=\"async\" width=\"712\" height=\"430\" fetchpriority=\"low\"  loading=\"lazy\"  src=\"https:\/\/www.europesays.com\/no\/wp-content\/uploads\/2025\/11\/bolig.jpg\" alt=\"\" class=\"brick-c-cFOWSL\" style=\"--brick-image-ratio: 712 \/ 430;\"\/><\/p>\n<p>      FORRETNINGSADRESSE: Hjemmeadressen til Miriam Angell er ogs\u00e5 forretningsadressen til Spesialistlege AS.<br \/>\n      Foto: Rune Endresen\n    <\/p>\n<p>            ANMELDELSENE<\/p>\n<ul>\n<li>\n<p>B\u00e5de UNN og Nordlandssykehuset har anmeldt fristbruddleverand\u00f8ren Spesialistlege AS for mulig bedrageri (\u00a7 371) eller <a href=\"https:\/\/lovdata.no\/nav\/lov\/2005-05-20-28\/kap30\/%C2%A7385\" rel=\"nofollow noopener\" target=\"_blank\">grovt bedrageri<\/a> (\u00a7372). Strafferammen er seks \u00e5rs fengsel. Sykehusene mener de er utsatt for \u00aben bevisst og systematisk utnytting\u00bb gjennom overfakturering.<\/p>\n<\/li>\n<li>\n<p>Det bes samtidig om at \u00d8kokrim starter etterforskning av eier og daglig leder Miriam Angell. I tillegg bes det om at Spesialistleges underleverand\u00f8rer etterforskes for sin rolle og medvirkning.<\/p>\n<\/li>\n<li>\n<p>Samtidig bes det vurdere foretaksstraff (\u00a727) som inneb\u00e6rer at selve foretaket kan straffes selv om ingen enkeltperson har utvist skyld eller har skyldevne etter <a href=\"https:\/\/lovdata.no\/nav\/lov\/2005-05-20-28\/%C2%A720\" rel=\"nofollow noopener\" target=\"_blank\">\u00a7 20<\/a>. Her er mulig straff en bot. Foretaket kan ogs\u00e5 frad\u00f8mmes retten til \u00e5 ut\u00f8ve virksomheten eller forbys \u00e5 ut\u00f8ve den i visse former, jf. <a href=\"https:\/\/lovdata.no\/nav\/lov\/2005-05-20-28\/%C2%A756\" rel=\"nofollow noopener\" target=\"_blank\">\u00a7 56<\/a>, og ilegges inndragning, jf. <a href=\"https:\/\/lovdata.no\/nav\/lov\/2005-05-20-28\/kap13\" rel=\"nofollow noopener\" target=\"_blank\">kapittel 13<\/a>.<\/p>\n<\/li>\n<li>\n<p><b>Men: En anmeldelse er et sv\u00e6rt tidlig stadium og sier ingenting om skyld. Neste fase er at politiet n\u00e5 skal vurdere om saken skal etterforskes eller henlegges. Det kan ta betydelig tid.<\/b><\/p>\n<\/li>\n<li>\n<p>Anmeldelsen st\u00f8tter seg blant annet p\u00e5 en tilsynsrapport fra Statsforvalteren i Nordland som har konstatert <b>brudd p\u00e5 spesialisthelseloven og mangelfull virksomhetsstyring,<\/b> i en endelig avgj\u00f8relse.<\/p>\n<\/li>\n<li>\n<p>UNN mener mistanken mot selskapet er styrket etter at Statsforvalteren har gjennomg\u00e5tt pasientjournaler, fakturaer og annen dokumentasjon fra ti pasienter. Ytterligere funn er at en stor del av det fakturerte arbeidet er administrativt arbeid og dialog mellom behandlere, uten at pasienten er til stede \u2013 og ikke ren pasientbehandling. Blant annet er det fakturert hele timer for reseptskriving, som i utgangspunktet skal ta noen minutter. <\/p>\n<\/li>\n<li>\n<p>Sykehusene baserer mistanken p\u00e5 en robotgjennomgang av alle fakturaer de siste fem \u00e5rene. Her er det funnet <b>betydelige og uforklarlige avvik<\/b> mellom <b>rapportert pasientbehandling<\/b> og <b>fakturert pasientbehandling<\/b>. UNN har funnet en differanse p\u00e5 56.917 timer, mens Nordlandssykehuset har funnet en differanse p\u00e5 vel 16.000 timer. <\/p>\n<\/li>\n<li>\n<p>Sykehusene mener selskapet har vist \u00aben manglende vilje\u00bb til \u00e5 forklare avvikene og viser til en annen fristbruddleverand\u00f8r som fakturerer mer presist uten \u00e5 v\u00e6re i konflikt med krav om taushetsplikt. Spesialistlege AS mener imidlertid at taushetsplikten forhindrer selskapet \u00e5 gi mer spesifiserte fakturaer.<\/p>\n<\/li>\n<li>\n<p><b>Spesialistlege AS nekter p\u00e5 det sterkeste for alle anklager og mener at det har fakturert etter kontraktskravene og innenfor lovbestemt taushetsplikt.<\/b><\/p>\n<\/li>\n<\/ul>\n<p><b>FLERE SAKER<\/b><\/p>\n<p>De fleste sakene om fristbrudd ligger<a href=\"https:\/\/www.nord24.no\/sok?keyword=fristbrudd\" rel=\"Follow nofollow noopener\" target=\"_blank\"> her<\/a><\/p>\n<p>  <a href=\"https:\/\/www.nord24.no\/5-32-228976\" class=\"related-teaser has-image default-story-teaser article--c-eRUmMG article--c-eRUmMG-jKCPdD-design-default\" rel=\"nofollow noopener\" target=\"_blank\"><\/p>\n<p>    <img decoding=\"async\" loading=\"lazy\"  src=\"https:\/\/www.europesays.com\/no\/wp-content\/uploads\/2025\/11\/IMG_1224+%281%29.jpg\" alt=\"\" class=\"brick-c-cFOWSL\" style=\"\"\/><\/p>\n<p>\n            Les ogs\u00e5<\/p>\n<p>              Legger ned: Sier opp alle avtaler med leger og psykologer\n        <\/p>\n<p>  <\/a><\/p>\n<p>  <a href=\"https:\/\/www.nord24.no\/5-32-227867\" class=\"related-teaser has-image default-story-teaser article--c-eRUmMG article--c-eRUmMG-jKCPdD-design-default\" rel=\"nofollow noopener\" target=\"_blank\"><\/p>\n<p>    <img decoding=\"async\" loading=\"lazy\"  src=\"https:\/\/www.europesays.com\/no\/wp-content\/uploads\/2025\/11\/spesialistlege+ledelse.jpg\" alt=\"\" class=\"brick-c-cFOWSL\" style=\"\"\/><\/p>\n<p>\n            Les ogs\u00e5<\/p>\n<p>              Eks-direkt\u00f8r krever fem millioner: Mener eier gjorde kontroversielt bonus-triks\n        <\/p>\n<p>  <\/a><\/p>\n<p>  <a href=\"https:\/\/www.nord24.no\/5-32-227028\" class=\"related-teaser has-image default-story-teaser article--c-eRUmMG article--c-eRUmMG-jKCPdD-design-default\" rel=\"nofollow noopener\" target=\"_blank\"><\/p>\n<p>    <img decoding=\"async\" loading=\"lazy\"  src=\"https:\/\/www.europesays.com\/no\/wp-content\/uploads\/2025\/11\/Kristin-B%C3%B8gseth-2.jpg\" alt=\"\" class=\"brick-c-cFOWSL\" style=\"\"\/><\/p>\n<p>\n            Les ogs\u00e5<\/p>\n<p>              Overskridelse p\u00e5 over 350 millioner \u2013 fikk ordre om \u00e5 avslutte kontraktene for ett \u00e5r siden\n        <\/p>\n<p>  <\/a><\/p>\n<p>  <a href=\"https:\/\/www.nord24.no\/5-32-226907\" class=\"related-teaser has-image default-story-teaser article--c-eRUmMG article--c-eRUmMG-jKCPdD-design-default\" rel=\"nofollow noopener\" target=\"_blank\"><\/p>\n<p>    <img decoding=\"async\" loading=\"lazy\"  src=\"https:\/\/www.europesays.com\/no\/wp-content\/uploads\/2025\/11\/sl7.jpg\" alt=\"\" class=\"brick-c-cFOWSL\" style=\"\"\/><\/p>\n<p>\n            Les ogs\u00e5<\/p>\n<p>              Saks\u00f8kes for \u00aburettmessig berikelse\u00bb \u2013 krever at bedriftseier betaler tilbake utbytte<\/p>\n<p>  <\/a><\/p>\n<p>  <a href=\"https:\/\/www.nord24.no\/5-32-226285\" class=\"related-teaser has-image default-story-teaser article--c-eRUmMG article--c-eRUmMG-jKCPdD-design-default\" rel=\"nofollow noopener\" target=\"_blank\"><\/p>\n<p>    <img decoding=\"async\" loading=\"lazy\"  src=\"https:\/\/www.europesays.com\/no\/wp-content\/uploads\/2025\/11\/porsche+p%C3%A5+adresse2.jpg\" alt=\"\" class=\"brick-c-cFOWSL\" style=\"\"\/><\/p>\n<p>\n            Les ogs\u00e5<\/p>\n<p>              Spesialistlege-eier:<br \/>\nTok ut 141 millioner &#8211; sendte pasienter i retur\n        <\/p>\n<p>  <\/a><\/p>\n<p>  <a href=\"https:\/\/www.nord24.no\/5-32-225413\" class=\"related-teaser has-image default-story-teaser article--c-eRUmMG article--c-eRUmMG-jKCPdD-design-default\" rel=\"nofollow noopener\" target=\"_blank\"><\/p>\n<p>    <img decoding=\"async\" loading=\"lazy\"  src=\"https:\/\/www.europesays.com\/no\/wp-content\/uploads\/2025\/11\/IMG_0994.JPG\" alt=\"\" class=\"brick-c-cFOWSL\" style=\"\"\/><\/p>\n<p>\n            Les ogs\u00e5<\/p>\n<p>              Sender UNN-pasienter tilbake \u2013 p\u00e5r\u00f8rende bekymret\n        <\/p>\n<p>  <\/a><\/p>\n","protected":false},"excerpt":{"rendered":"Det bekrefter statsadvokat Anne Allum i \u00d8kokrim til Nordlys\/Nord24. \u2013 I forrige uke hadde vi en aksjon i&hellip;\n","protected":false},"author":2,"featured_media":78217,"comment_status":"","ping_status":"","sticky":false,"template":"","format":"standard","meta":{"footnotes":""},"categories":[5],"tags":[36,20,21,24,25,10746,15,19,22,23,17,18,13,30,10748,28,29,14,16,10747,1510,26,27,5250],"class_list":{"0":"post-78216","1":"post","2":"type-post","3":"status-publish","4":"format-standard","5":"has-post-thumbnail","7":"category-overskrifter","8":"tag-art","9":"tag-breaking-news","10":"tag-breakingnews","11":"tag-featured-news","12":"tag-featurednews","13":"tag-fristbrudd","14":"tag-headlines","15":"tag-hovedoppslag","16":"tag-latest-news","17":"tag-latestnews","18":"tag-main-news","19":"tag-mainnews","20":"tag-news","21":"tag-no","22":"tag-nordlandssykehuset","23":"tag-norge","24":"tag-norway","25":"tag-nyheter","26":"tag-overskrifter","27":"tag-spesialistlege-as","28":"tag-story","29":"tag-top-stories","30":"tag-topstories","31":"tag-unn"},"share_on_mastodon":{"url":"https:\/\/pubeurope.com\/@no\/115492030163303980","error":""},"_links":{"self":[{"href":"https:\/\/www.europesays.com\/no\/wp-json\/wp\/v2\/posts\/78216","targetHints":{"allow":["GET"]}}],"collection":[{"href":"https:\/\/www.europesays.com\/no\/wp-json\/wp\/v2\/posts"}],"about":[{"href":"https:\/\/www.europesays.com\/no\/wp-json\/wp\/v2\/types\/post"}],"author":[{"embeddable":true,"href":"https:\/\/www.europesays.com\/no\/wp-json\/wp\/v2\/users\/2"}],"replies":[{"embeddable":true,"href":"https:\/\/www.europesays.com\/no\/wp-json\/wp\/v2\/comments?post=78216"}],"version-history":[{"count":0,"href":"https:\/\/www.europesays.com\/no\/wp-json\/wp\/v2\/posts\/78216\/revisions"}],"wp:featuredmedia":[{"embeddable":true,"href":"https:\/\/www.europesays.com\/no\/wp-json\/wp\/v2\/media\/78217"}],"wp:attachment":[{"href":"https:\/\/www.europesays.com\/no\/wp-json\/wp\/v2\/media?parent=78216"}],"wp:term":[{"taxonomy":"category","embeddable":true,"href":"https:\/\/www.europesays.com\/no\/wp-json\/wp\/v2\/categories?post=78216"},{"taxonomy":"post_tag","embeddable":true,"href":"https:\/\/www.europesays.com\/no\/wp-json\/wp\/v2\/tags?post=78216"}],"curies":[{"name":"wp","href":"https:\/\/api.w.org\/{rel}","templated":true}]}}