{"id":78220,"date":"2025-11-04T15:06:10","date_gmt":"2025-11-04T15:06:10","guid":{"rendered":"https:\/\/www.europesays.com\/no\/78220\/"},"modified":"2025-11-04T15:06:10","modified_gmt":"2025-11-04T15:06:10","slug":"okokrim-aksjonerte-mot-privat-helseforetak","status":"publish","type":"post","link":"https:\/\/www.europesays.com\/no\/78220\/","title":{"rendered":"\u00d8kokrim aksjonerte mot privat helseforetak"},"content":{"rendered":"\n<p class=\"_lead_o9xde_2 _lead_xtcu6_50 layout-component text-serif-m layout-normal text-serif-l layout-component layout-wide layout-padded _wide_17hqh_1 layout-padded\">\u00d8kokrim etterforsker det private helseforetaket p\u00e5 grunn av mistanke om grovt bedrageri av Nordlandssykehuset og Universitetssykehuset i Nord-Norge. <\/p>\n<ul aria-hidden=\"true\" class=\"_images_18f0k_111\">\n<li><a class=\"_link_18f0k_116\" href=\"https:\/\/www.vg.no\/forfatter\/ingrid-storeboe\" style=\"z-index:1\" title=\"Ingrid Storeb\u00f8\" rel=\"nofollow noopener\" target=\"_blank\"><img alt=\"Bilde av Ingrid Storeb\u00f8\" class=\"_image_18f0k_93\" fetchpriority=\"low\" loading=\"lazy\" decoding=\"async\" itemprop=\"image\"  src=\"https:\/\/www.europesays.com\/no\/wp-content\/uploads\/2025\/11\/1762268768_160_b3fc896d-536d-4041-8257-79b6b2cd3323\"  width=\"480\"\/><\/a><\/li>\n<\/ul>\n<p> Oppdatert tirsdag 4. november kl. 15:58     <\/p>\n<p class=\"_paragraph_o9xde_4 _paragraph_xtcu6_10 layout-component text-serif-m layout-normal text-serif-m layout-padded\">Det skriver de i en pressemelding tirsdag ettermiddag.<\/p>\n<p class=\"_paragraph_o9xde_4 _paragraph_xtcu6_10 layout-component text-serif-m layout-normal text-serif-m layout-padded\">Forrige uke gjennomf\u00f8rte \u00d8kokrim aksjoner p\u00e5 fem steder. En person ble p\u00e5grepet og l\u00f8slatt samme dag Under aksjonene ble det tatt verdier verdt cirka 100 millioner kroner. Eieren i selskapet, som ogs\u00e5 er daglig leder, er siktet for grovt bedrageri \u2013 p\u00e5 opptil 300 millioner kroner.<\/p>\n<p class=\"_paragraph_o9xde_4 _paragraph_xtcu6_10 layout-component text-serif-m layout-normal text-serif-m layout-padded\"><strong class=\"_strong_o9xde_25\">Det er mistanke om at selskapet har misbrukt fristbruddordningen. Denne ordningen brukes n\u00e5r offentlige sykehus ikke har kapasitet til \u00e5 behandle pasienter innen fristen, og derfor leier inn private akt\u00f8rer.<\/strong><\/p>\n<p class=\"_paragraph_o9xde_4 _paragraph_xtcu6_10 layout-component text-serif-m layout-normal text-serif-m layout-padded\">Det private helseforetaket har gitt helsehjelp til pasienter p\u00e5 oppdrag for flere offentlige sykehus.<\/p>\n<p class=\"_paragraph_o9xde_4 _paragraph_xtcu6_10 layout-component text-serif-m layout-normal text-serif-m layout-padded\">\u2013 Bedrageri mot offentlige helseordninger er sv\u00e6rt alvorlig. Det kan v\u00e6re et tillitsbrudd overfor staten, helsepersonell og hele omsorgsbransjen, sier statsadvokat Anne Allum.<\/p>\n<p class=\"_paragraph_o9xde_4 _paragraph_xtcu6_10 layout-component text-serif-m layout-normal text-serif-m layout-padded\">Etterforskningen skal finne ut om det har skjedd straffbare handlinger i foretaket og om offentlige ordninger har blitt utnyttet.<\/p>\n<p class=\"_paragraph_o9xde_4 _paragraph_xtcu6_10 layout-component text-serif-m layout-normal text-serif-m layout-padded\">Den norske velferdsstaten skal sikre at alle har lik rett til hjelp og st\u00f8tte. Velferdsmodellen er i stor grad betalt med skatter og avgifter p\u00e5 inntekt, forbruk og formue.<\/p>\n<p class=\"_paragraph_o9xde_4 _paragraph_xtcu6_10 layout-component text-serif-m layout-normal text-serif-m layout-padded\">\u2013 Velferdskriminalitet rammer b\u00e5de det offentlige, n\u00e6ringslivet og privatpersoner. Den svekker tilliten til myndighetene og f\u00f8rer til \u00f8konomiske konsekvenser \u2013 b\u00e5de direkte og indirekte, sier Allum.<\/p>\n<p>    <img decoding=\"async\" alt=\"Tips oss illustrasjon\" src=\"https:\/\/www.europesays.com\/no\/wp-content\/uploads\/2025\/10\/pssst-small.webp.webp\"\/>    <\/p>\n<p class=\"title-serif-s\">Har du tips?<\/p>\n<p class=\"text-sans-m\">Send oss informasjon, bilder eller video.<\/p>\n<p>  <a href=\"https:\/\/www.vg.no\/tips-oss\" rel=\"nofollow noopener\" target=\"_blank\"> Tips oss <\/a>      <\/p>\n","protected":false},"excerpt":{"rendered":"\u00d8kokrim etterforsker det private helseforetaket p\u00e5 grunn av mistanke om grovt bedrageri av Nordlandssykehuset og Universitetssykehuset i Nord-Norge.&hellip;\n","protected":false},"author":2,"featured_media":78221,"comment_status":"","ping_status":"","sticky":false,"template":"","format":"standard","meta":{"footnotes":""},"categories":[10],"tags":[31,20,21,24,25,15,22,23,13,30,28,29,14,16,26,27],"class_list":{"0":"post-78220","1":"post","2":"type-post","3":"status-publish","4":"format-standard","5":"has-post-thumbnail","7":"category-norge","8":"tag-breaking","9":"tag-breaking-news","10":"tag-breakingnews","11":"tag-featured-news","12":"tag-featurednews","13":"tag-headlines","14":"tag-latest-news","15":"tag-latestnews","16":"tag-news","17":"tag-no","18":"tag-norge","19":"tag-norway","20":"tag-nyheter","21":"tag-overskrifter","22":"tag-top-stories","23":"tag-topstories"},"share_on_mastodon":{"url":"https:\/\/pubeurope.com\/@no\/115492053597789479","error":""},"_links":{"self":[{"href":"https:\/\/www.europesays.com\/no\/wp-json\/wp\/v2\/posts\/78220","targetHints":{"allow":["GET"]}}],"collection":[{"href":"https:\/\/www.europesays.com\/no\/wp-json\/wp\/v2\/posts"}],"about":[{"href":"https:\/\/www.europesays.com\/no\/wp-json\/wp\/v2\/types\/post"}],"author":[{"embeddable":true,"href":"https:\/\/www.europesays.com\/no\/wp-json\/wp\/v2\/users\/2"}],"replies":[{"embeddable":true,"href":"https:\/\/www.europesays.com\/no\/wp-json\/wp\/v2\/comments?post=78220"}],"version-history":[{"count":0,"href":"https:\/\/www.europesays.com\/no\/wp-json\/wp\/v2\/posts\/78220\/revisions"}],"wp:featuredmedia":[{"embeddable":true,"href":"https:\/\/www.europesays.com\/no\/wp-json\/wp\/v2\/media\/78221"}],"wp:attachment":[{"href":"https:\/\/www.europesays.com\/no\/wp-json\/wp\/v2\/media?parent=78220"}],"wp:term":[{"taxonomy":"category","embeddable":true,"href":"https:\/\/www.europesays.com\/no\/wp-json\/wp\/v2\/categories?post=78220"},{"taxonomy":"post_tag","embeddable":true,"href":"https:\/\/www.europesays.com\/no\/wp-json\/wp\/v2\/tags?post=78220"}],"curies":[{"name":"wp","href":"https:\/\/api.w.org\/{rel}","templated":true}]}}