{"id":78270,"date":"2025-11-04T15:56:12","date_gmt":"2025-11-04T15:56:12","guid":{"rendered":"https:\/\/www.europesays.com\/no\/78270\/"},"modified":"2025-11-04T15:56:12","modified_gmt":"2025-11-04T15:56:12","slug":"telia-problemer-i-more-og-romsdal-rettet","status":"publish","type":"post","link":"https:\/\/www.europesays.com\/no\/78270\/","title":{"rendered":"Telia-problemer i M\u00f8re og Romsdal rettet"},"content":{"rendered":"<p>Svikten rammet b\u00e5de i 4G-nettet og 5G-nettet tirsdag formiddag.<\/p>\n<p>Kommunene \u00d8rsta, Sula, Ulstein, Her\u00f8y, Sande, Vanylven, Sykkylven og Volda var rammet, opplyste M\u00f8re og Romsdal politidistrikt i politiloggen.<\/p>\n<p>\u2013 Feilen som medf\u00f8rte problemer med mobildekningen i deler av M\u00f8re og Romsdal er n\u00e5 rettet. \u00c5rsaken var en st\u00f8rre transmisjonsfeil. Vi beklager ulempene dette har medf\u00f8rt for ber\u00f8rte kunder, opplyser informasjonssjef Daniel Barhom i Telia Norge til NTB ved 13.30-tiden.<\/p>\n","protected":false},"excerpt":{"rendered":"Svikten rammet b\u00e5de i 4G-nettet og 5G-nettet tirsdag formiddag. Kommunene \u00d8rsta, Sula, Ulstein, Her\u00f8y, Sande, Vanylven, Sykkylven og&hellip;\n","protected":false},"author":2,"featured_media":2066,"comment_status":"","ping_status":"","sticky":false,"template":"","format":"standard","meta":{"footnotes":""},"categories":[10],"tags":[20,21,24,25,15,22,23,953,2479,13,30,28,29,14,16,10758,26,27],"class_list":{"0":"post-78270","1":"post","2":"type-post","3":"status-publish","4":"format-standard","5":"has-post-thumbnail","7":"category-norge","8":"tag-breaking-news","9":"tag-breakingnews","10":"tag-featured-news","11":"tag-featurednews","12":"tag-headlines","13":"tag-latest-news","14":"tag-latestnews","15":"tag-more-og-romsdal","16":"tag-more-og-romsdal-politidistrikt","17":"tag-news","18":"tag-no","19":"tag-norge","20":"tag-norway","21":"tag-nyheter","22":"tag-overskrifter","23":"tag-telia","24":"tag-top-stories","25":"tag-topstories"},"share_on_mastodon":{"url":"https:\/\/pubeurope.com\/@no\/115492250162190700","error":""},"_links":{"self":[{"href":"https:\/\/www.europesays.com\/no\/wp-json\/wp\/v2\/posts\/78270","targetHints":{"allow":["GET"]}}],"collection":[{"href":"https:\/\/www.europesays.com\/no\/wp-json\/wp\/v2\/posts"}],"about":[{"href":"https:\/\/www.europesays.com\/no\/wp-json\/wp\/v2\/types\/post"}],"author":[{"embeddable":true,"href":"https:\/\/www.europesays.com\/no\/wp-json\/wp\/v2\/users\/2"}],"replies":[{"embeddable":true,"href":"https:\/\/www.europesays.com\/no\/wp-json\/wp\/v2\/comments?post=78270"}],"version-history":[{"count":0,"href":"https:\/\/www.europesays.com\/no\/wp-json\/wp\/v2\/posts\/78270\/revisions"}],"wp:featuredmedia":[{"embeddable":true,"href":"https:\/\/www.europesays.com\/no\/wp-json\/wp\/v2\/media\/2066"}],"wp:attachment":[{"href":"https:\/\/www.europesays.com\/no\/wp-json\/wp\/v2\/media?parent=78270"}],"wp:term":[{"taxonomy":"category","embeddable":true,"href":"https:\/\/www.europesays.com\/no\/wp-json\/wp\/v2\/categories?post=78270"},{"taxonomy":"post_tag","embeddable":true,"href":"https:\/\/www.europesays.com\/no\/wp-json\/wp\/v2\/tags?post=78270"}],"curies":[{"name":"wp","href":"https:\/\/api.w.org\/{rel}","templated":true}]}}