{"id":78275,"date":"2025-11-04T16:00:08","date_gmt":"2025-11-04T16:00:08","guid":{"rendered":"https:\/\/www.europesays.com\/no\/78275\/"},"modified":"2025-11-04T16:00:08","modified_gmt":"2025-11-04T16:00:08","slug":"rykte-the-super-mario-galaxy-movie-trailer-vises-for-wicked-for-good","status":"publish","type":"post","link":"https:\/\/www.europesays.com\/no\/78275\/","title":{"rendered":"Rykte: The Super Mario Galaxy Movie trailer vises f\u00f8r Wicked: For Good"},"content":{"rendered":"<p>Nintendo og Illumination har ikke delt mye offisiell informasjon om The Super Mario Bros. Movie oppf\u00f8lgeren, The Super Mario Galaxy Movie, ettersom det var f\u00f8rst i september at vi virkelig fikk <a href=\"https:\/\/www.gamereactor.no\/super-mario-galaxy-movie-bekreftet-som-apning-for-nintendos-september-direct-1862553\/\" target=\"_blank\" title=\"Super Mario Galaxy Movie bekreftet som \u00e5pning for Nintendos september Direct\" rel=\"nofollow noopener\">m\u00f8te filmen og l\u00e6re om den.<\/a> Men med premieren s\u00e5 lite som fem m\u00e5neder unna og satt til 3. april 2026, ser det ut til at vi snart f\u00e5r se mer om prosjektet.<\/p>\n<p>Insider MyTimeToShineHello har tatt til sosiale medier for \u00e5 rapportere at The Super Mario Galaxy Movie trailer vil bli vist i forkant av Wicked: For Good. De fortsetter med \u00e5 legge til at dette betyr at vi kan forvente at traileren vises p\u00e5 nettet f\u00f8r 21. november, noe som betyr at den sannsynligvis bare er noen uker unna p\u00e5 det meste.<\/p>\n<p>De fortsetter med \u00e5 legge til at traileren ogs\u00e5 kan vises foran Zootropolis 2 senere i november, men at kinopremieren vil v\u00e6re foran Wicked: For Good n\u00e5r den har premiere den 21. november.<\/p>\n<blockquote class=\"twitter-tweet\" data-theme=\"dark\"><p><a href=\"https:\/\/twitter.com\/MyTimeToShineH\/status\/1985029599063843018?ref_src=twsrc%5Etfw\" rel=\"nofollow noopener\" target=\"_blank\"><\/p><\/blockquote>\n<p>For mer informasjon p\u00e5 The Super Mario Galaxy Movie, sjekk ut de <a href=\"https:\/\/www.gamereactor.no\/mulig-handling-og-nye-karakterer-som-dukker-opp-i-the-super-mario-galaxy-movie-lekket-1869263\/\" target=\"_blank\" title=\"Mulig handling og nye karakterer i The Super Mario Galaxy Movie avsl\u00f8rt\" rel=\"nofollow noopener\">mulige handlingspunktene og nye karakterene<\/a> som nylig ble lekket.<\/p>\n<p><img loading=\"lazy\" decoding=\"async\" id=\"img-1905933-3913933\" data-fullsize=\"\/media\/39\/_3913933b.jpg\" data-lazy=\"\" src=\"https:\/\/www.gamereactor.nohttps:\/\/www.gamereactor.no\/media\/39\/_3913933_650x.jpg\" width=\"650\" onclick=\"if (!window.__cfRLUnblockHandlers) return false; gallery_openmodal('1905933','3913933',false,'36a213dec58f9ae20b81cd14d3358981');\" height=\"337\" alt=\"The Super Mario Galaxy Movie\" class=\"rwd_col_content lazy\" data-cf-modified-1799360e90641de8b7f8ff00-=\"\"\/><script async src=\"https:\/\/platform.twitter.com\/widgets.js\" charset=\"utf-8\"><\/script><\/p>\n","protected":false},"excerpt":{"rendered":"Nintendo og Illumination har ikke delt mye offisiell informasjon om The Super Mario Bros. Movie oppf\u00f8lgeren, The Super&hellip;\n","protected":false},"author":2,"featured_media":78276,"comment_status":"","ping_status":"","sticky":false,"template":"","format":"standard","meta":{"footnotes":""},"categories":[57],"tags":[30,28,29,65,63,64,66,70,69,67,68],"class_list":{"0":"post-78275","1":"post","2":"type-post","3":"status-publish","4":"format-standard","5":"has-post-thumbnail","7":"category-vitenskap-og-teknologi","8":"tag-no","9":"tag-norge","10":"tag-norway","11":"tag-science","12":"tag-science-and-technology","13":"tag-scienceandtechnology","14":"tag-technology","15":"tag-teknologi","16":"tag-vitenskap","17":"tag-vitenskap-og-teknologi","18":"tag-vitenskapteknologi"},"share_on_mastodon":{"url":"https:\/\/pubeurope.com\/@no\/115492265931202760","error":""},"_links":{"self":[{"href":"https:\/\/www.europesays.com\/no\/wp-json\/wp\/v2\/posts\/78275","targetHints":{"allow":["GET"]}}],"collection":[{"href":"https:\/\/www.europesays.com\/no\/wp-json\/wp\/v2\/posts"}],"about":[{"href":"https:\/\/www.europesays.com\/no\/wp-json\/wp\/v2\/types\/post"}],"author":[{"embeddable":true,"href":"https:\/\/www.europesays.com\/no\/wp-json\/wp\/v2\/users\/2"}],"replies":[{"embeddable":true,"href":"https:\/\/www.europesays.com\/no\/wp-json\/wp\/v2\/comments?post=78275"}],"version-history":[{"count":0,"href":"https:\/\/www.europesays.com\/no\/wp-json\/wp\/v2\/posts\/78275\/revisions"}],"wp:featuredmedia":[{"embeddable":true,"href":"https:\/\/www.europesays.com\/no\/wp-json\/wp\/v2\/media\/78276"}],"wp:attachment":[{"href":"https:\/\/www.europesays.com\/no\/wp-json\/wp\/v2\/media?parent=78275"}],"wp:term":[{"taxonomy":"category","embeddable":true,"href":"https:\/\/www.europesays.com\/no\/wp-json\/wp\/v2\/categories?post=78275"},{"taxonomy":"post_tag","embeddable":true,"href":"https:\/\/www.europesays.com\/no\/wp-json\/wp\/v2\/tags?post=78275"}],"curies":[{"name":"wp","href":"https:\/\/api.w.org\/{rel}","templated":true}]}}