{"id":78300,"date":"2025-11-04T16:29:18","date_gmt":"2025-11-04T16:29:18","guid":{"rendered":"https:\/\/www.europesays.com\/no\/78300\/"},"modified":"2025-11-04T16:29:18","modified_gmt":"2025-11-04T16:29:18","slug":"alarmerende-utvikling","status":"publish","type":"post","link":"https:\/\/www.europesays.com\/no\/78300\/","title":{"rendered":"Alarmerende utvikling"},"content":{"rendered":"<p class=\"kicker \" style=\"\">USA:\u00a0<\/p>\n<p>  Det er forstemmende hvis Donald Trumps angrep p\u00e5 journalistikken n\u00e5 har n\u00e5dd Norge.\u00a0<\/p>\n<p>\n    DALENDE PRESSEFRIHET: Donald Trump er \u00e5rsaken til at USA n\u00e5 er p\u00e5 57. plass p\u00e5 den s\u00e5kalte pressefrihetsindeksten. Han har gjentatte ganger g\u00e5tt til angrep p\u00e5 pressen, g\u00e5tt til sak mot nyhetsorganisasjoner og forvist av journalister fra Det hvite hus. Foto: ANDREW CABALLERO-REYNOLDS \/ AFP\/NTB\n  <\/p>\n<p>Den norske journalisten Amund Trellevik var invitert til USA av amerikansk UD. I to uker skulle han, sammen med andre europeiske journalister, reise landet rundt for \u00e5 l\u00e6re om det amerikanske samfunnet og det amerikanske medielandskapet. Seminaret han skulle delta p\u00e5 er oppkalt etter den amerikanske journalistlegenden Edward R. Murrow, kjent blant annet for sin kritikk av McCarthyismen. Men da Trellevik skulle skaffe seg visum, st\u00f8tte han p\u00e5 problemer, skriver han i et <a href=\"https:\/\/www.aftenposten.no\/meninger\/debatt\/i\/EydPGa\/hva-en-avlyst-reise-forteller-om-dagens-usa\" rel=\"nofollow noopener\" target=\"_blank\">leserinnlegg i Aftenposten.\u00a0<\/a><\/p>\n<p>P\u00e5 visumkontoret f\u00e5r han bare ett eneste sp\u00f8rsm\u00e5l, forteller han:\u00a0\u00a0\u00abHva arbeider du som?\u00bb. Deretter blir han bedt om \u00e5 \u00e5pne opp alle sosiale medier-kontoer for at de skal kunne sjekke dem: Facebook, Snapchat, Instagram, Linkedin, X.\u00a0<\/p>\n<p>    <a itemprop=\"url\" href=\"https:\/\/www.dagbladet.no\/meninger\/scener-fra-et-skandale-ekteskap\/83788534\" rel=\"nofollow noopener\" target=\"_blank\"><\/p>\n<p>      <img loading=\"lazy\" decoding=\"async\" src=\"https:\/\/www.europesays.com\/no\/wp-content\/uploads\/2025\/11\/82434021.webp\" width=\"980\" height=\"441\" title=\"Scener fra et skandale-ekteskap\" alt=\"\" class=\"lazyload\" style=\"--aspect-ratio-image: 2.22; \"\/><\/p>\n<p>        Scener fra et skandale-ekteskap<\/p>\n<p>    <\/a><\/p>\n<p>Da Trellevik fikk passet tilbake, var det uten visum. Han var rett og slett blitt nektet innreise til USA. Han vet fortsatt ikke hvorfor, selv etter \u00e5 ha etterlyst svar over lengre tid.\u00a0<\/p>\n<p>Vi vet ikke hvorfor Trellevik ikke fikk adgang til USA. Det kan ha v\u00e6rt andre \u00e5rsaker enn at han er journalist. Visum-nekten er likevel et symptom p\u00e5 en alarmerende utvikling: Det er blitt sv\u00e6rt mye vanskeligere, b\u00e5de for amerikanske og internasjonale reportere, \u00e5 dekke USA journalistisk.\u00a0<\/p>\n<p>    <a itemprop=\"url\" href=\"https:\/\/www.dagbladet.no\/meninger\/boller-mot-banditter\/83772071\" rel=\"nofollow noopener\" target=\"_blank\"><\/p>\n<p>      <img loading=\"lazy\" decoding=\"async\" src=\"https:\/\/www.europesays.com\/no\/wp-content\/uploads\/2025\/11\/83528468.webp\" width=\"980\" height=\"441\" title=\"B\u00f8ller mot banditter\" alt=\"\" class=\"lazyload\" style=\"--aspect-ratio-image: 2.22; \"\/><\/p>\n<p>        B\u00f8ller mot banditter<\/p>\n<p>    <\/a><\/p>\n<p>Det er d\u00e5rlige tider for pressefriheten i verden. Ogs\u00e5 i USA, selv om landet har ytrings- og pressefriheten nedfelt i <a href=\"https:\/\/constitution.congress.gov\/constitution\/amendment-1\/\" rel=\"nofollow noopener\" target=\"_blank\">grunnloven<\/a>. I den <a href=\"https:\/\/www.vg.no\/nyheter\/i\/pPj0Mw\/pressefriheten-i-verden-stuper-norge-paa-topp\" rel=\"nofollow noopener\" target=\"_blank\">\u00e5rlige pressefrihetsindeksen<\/a> Reportere uten grenser (RSF) publiserte i sommer, kom USA p\u00e5 en skremmende 57. plass, forbig\u00e5tt av land som Sierra Leone og Liberia. \u00abDonald Trumps andre periode som president har ledet til en alarmerende forverring av pressefriheten, betegnende for et skifte i autorit\u00e6r retning\u00bb, <a href=\"https:\/\/www.vg.no\/nyheter\/i\/pPj0Mw\/pressefriheten-i-verden-stuper-norge-paa-topp\" rel=\"nofollow noopener\" target=\"_blank\">skriver organisasjonen.<\/a> RSF trekker blant annet fram hans gjentatte angrep p\u00e5 pressen, s\u00f8ksm\u00e5l mot nyhetsorganisasjoner og forvisning av journalister fra Det hvite hus.<\/p>\n<p>    <a itemprop=\"url\" href=\"https:\/\/www.dagbladet.no\/meninger\/prinsen-av-queens\/83788798\" rel=\"nofollow noopener\" target=\"_blank\"><\/p>\n<p>      <img loading=\"lazy\" decoding=\"async\" src=\"https:\/\/www.europesays.com\/no\/wp-content\/uploads\/2025\/11\/83789099.webp\" width=\"980\" height=\"441\" title=\"Prinsen av Queens\" alt=\"\" class=\"lazyload\" style=\"--aspect-ratio-image: 2.22; \"\/><\/p>\n<p>        Prinsen av Queens<\/p>\n<p>    <\/a><\/p>\n<p>For norske journalister har prosessen for \u00e5 f\u00e5 presse-visum blitt mer komplisert enn f\u00f8r.\u00a0<a href=\"https:\/\/www.nrk.no\/nordland\/profilert-redaktor-er-blitt-advart-mot-a-reise-til-usa_-__kjenner-pa-ei-sorg-1.17464475\" rel=\"nofollow noopener\" target=\"_blank\">Norsk redakt\u00f8rforening melder<\/a> om at de blir kontaktet av redakt\u00f8rer og journalister som er bekymret for \u00e5 ikke slippe inn i USA fordi \u00abde har ment mye i b\u00e5de egne medier og sosiale medier\u00bb.\u00a0<\/p>\n<p>Selv de som har f\u00e5tt godkjent visum, kan sendes tilbake. Den australske skribenten<a href=\"https:\/\/www.newyorker.com\/news\/the-lede\/how-my-reporting-on-the-columbia-protests-led-to-my-deportation\" rel=\"nofollow noopener\" target=\"_blank\">\u00a0Alistair Kitchen<\/a>\u00a0ble stoppet p\u00e5 vei inn i USA, avh\u00f8rt i 12 timer og deretter deportert tilbake til Australia. Begrunnelsen for innreisenekten skal ha v\u00e6rt at han hadde skrevet om Israel-protestene ved Columbia-universitetet, mener han. Amerikanske grensemyndigheter hevder p\u00e5 sin side at han ble deportert fordi de fant bevis p\u00e5 <a href=\"https:\/\/www.theguardian.com\/australia-news\/2025\/jun\/15\/australian-deported-from-us-says-he-was-targeted-due-to-writing-on-pro-palestine-student-protests\" rel=\"nofollow noopener\" target=\"_blank\">narkotikabruk <\/a>p\u00e5 telefonen hans.\u00a0<\/p>\n<p>    <a itemprop=\"url\" href=\"https:\/\/www.dagbladet.no\/meninger\/skandalen-kan-skje-igjen\/83786377\" rel=\"nofollow noopener\" target=\"_blank\"><\/p>\n<p>      <img loading=\"lazy\" decoding=\"async\" src=\"https:\/\/www.europesays.com\/no\/wp-content\/uploads\/2025\/11\/75282174.webp\" width=\"980\" height=\"441\" title=\"Skandalen kan skje igjen\" alt=\"\" class=\"lazyload\" style=\"--aspect-ratio-image: 2.22; \"\/><\/p>\n<p>        Skandalen kan skje igjen<\/p>\n<p>    <\/a><\/p>\n<p> \u00abJeg er aldri blitt arrestert, har ikke brukt narkotika eller v\u00e6rt involvert i kriminell aktivitet\u00bb, skriver Amund Trellevik i Aftenposten. Han kan bare spekulerere hvorfor han ikke slapp inn i USA. \u00abKan det v\u00e6re en facebookpost fra januar 2021 som reiste det r\u00f8de flagget p\u00e5 et visumkontor i Washington DC, der jeg viste til hvordan stormingen av Kongressen ble dekket i russiske medier?\u00bb.\u00a0<\/p>\n<p>Hvis s\u00e5 er tilfelle, er det sv\u00e6rt, sv\u00e6rt bekymringsverdig.\u00a0<\/p>\n","protected":false},"excerpt":{"rendered":"USA:\u00a0 Det er forstemmende hvis Donald Trumps angrep p\u00e5 journalistikken n\u00e5 har n\u00e5dd Norge.\u00a0 DALENDE PRESSEFRIHET: Donald Trump&hellip;\n","protected":false},"author":2,"featured_media":78301,"comment_status":"","ping_status":"","sticky":false,"template":"","format":"standard","meta":{"footnotes":""},"categories":[12],"tags":[20,21,55,24,25,15,266,22,23,156,13,30,28,29,14,16,9007,26,27,42,43,44,45],"class_list":{"0":"post-78300","1":"post","2":"type-post","3":"status-publish","4":"format-standard","5":"has-post-thumbnail","7":"category-verden","8":"tag-breaking-news","9":"tag-breakingnews","10":"tag-donald-trump","11":"tag-featured-news","12":"tag-featurednews","13":"tag-headlines","14":"tag-kommentar","15":"tag-latest-news","16":"tag-latestnews","17":"tag-meninger","18":"tag-news","19":"tag-no","20":"tag-norge","21":"tag-norway","22":"tag-nyheter","23":"tag-overskrifter","24":"tag-pressefrihet","25":"tag-top-stories","26":"tag-topstories","27":"tag-verden","28":"tag-world","29":"tag-world-news","30":"tag-worldnews"},"share_on_mastodon":{"url":"https:\/\/pubeurope.com\/@no\/115492380059336436","error":""},"_links":{"self":[{"href":"https:\/\/www.europesays.com\/no\/wp-json\/wp\/v2\/posts\/78300","targetHints":{"allow":["GET"]}}],"collection":[{"href":"https:\/\/www.europesays.com\/no\/wp-json\/wp\/v2\/posts"}],"about":[{"href":"https:\/\/www.europesays.com\/no\/wp-json\/wp\/v2\/types\/post"}],"author":[{"embeddable":true,"href":"https:\/\/www.europesays.com\/no\/wp-json\/wp\/v2\/users\/2"}],"replies":[{"embeddable":true,"href":"https:\/\/www.europesays.com\/no\/wp-json\/wp\/v2\/comments?post=78300"}],"version-history":[{"count":0,"href":"https:\/\/www.europesays.com\/no\/wp-json\/wp\/v2\/posts\/78300\/revisions"}],"wp:featuredmedia":[{"embeddable":true,"href":"https:\/\/www.europesays.com\/no\/wp-json\/wp\/v2\/media\/78301"}],"wp:attachment":[{"href":"https:\/\/www.europesays.com\/no\/wp-json\/wp\/v2\/media?parent=78300"}],"wp:term":[{"taxonomy":"category","embeddable":true,"href":"https:\/\/www.europesays.com\/no\/wp-json\/wp\/v2\/categories?post=78300"},{"taxonomy":"post_tag","embeddable":true,"href":"https:\/\/www.europesays.com\/no\/wp-json\/wp\/v2\/tags?post=78300"}],"curies":[{"name":"wp","href":"https:\/\/api.w.org\/{rel}","templated":true}]}}