{"id":78306,"date":"2025-11-04T16:32:47","date_gmt":"2025-11-04T16:32:47","guid":{"rendered":"https:\/\/www.europesays.com\/no\/78306\/"},"modified":"2025-11-04T16:32:47","modified_gmt":"2025-11-04T16:32:47","slug":"sport-johaug-johaug-apner-opp-om-slitsom-graviditet-foler-meg-som-en-80-ar-gammel-dame","status":"publish","type":"post","link":"https:\/\/www.europesays.com\/no\/78306\/","title":{"rendered":"Sport, Johaug | Johaug \u00e5pner opp om slitsom graviditet: \u2013 F\u00f8ler meg som en 80 \u00e5r gammel dame"},"content":{"rendered":"\n<p>Therese Johaug blir snart mor for andre gang. Det tidligere langrennsesset forteller i et NRK-intervju at hun ikke liker \u00e5 g\u00e5 gravid.<\/p>\n<p>I januar kommer barn nummer to for Johaug og ektemannen Nils Jakob Hoff. <\/p>\n<p> \u2013 Jeg vet jo at n\u00e5r desember kommer, s\u00e5 g\u00e5r det fort, men for meg er det lenge, sier Johaug til <a href=\"https:\/\/www.nrk.no\/sport\/therese-johaug-opnar-opp-om-graviditeten_-_-eg-likar-det-ikkje-1.17629512\" rel=\"nofollow noopener\" target=\"_blank\">NRK<\/a> om tiden som gjenst\u00e5r av svangerskapet.<\/p>\n<p>Johaug setter ikke pris p\u00e5 tilv\u00e6relsen<\/p>\n<p>Hun setter ikke s\u00e6rlig pris p\u00e5 tilv\u00e6relsen fram mot f\u00f8dselen.<\/p>\n<p>\u2013 Jeg liker jo ikke dette. Jeg liker det som kommer, men jeg liker jo ikke \u00e5 g\u00e5 gravid. Man f\u00f8ler seg jo ikke som seg selv.<\/p>\n<p>Smerter i ryggen har gjort graviditeten ekstra t\u00f8ff. Kombinasjonen har f\u00f8rt til mange dager der Johaug har g\u00e5tt rundt og deppet.<\/p>\n<p>\u2013 Jeg f\u00f8ler meg som en 80 \u00e5r gammel dame. Da mister jeg det litt. Jeg blir grinete, skikkelig grinete. Jeg har ikke v\u00e6rt det beste koneemnet, sier hun.<\/p>\n<p>La opp etter forrige sesong<\/p>\n<p>Johaug la opp som langrennsl\u00f8per for andre gang etter VM-sesongen 2024\/25. Hun fikk datteren Kristin i 2023.<\/p>\n<p>(\u00a9NTB)<\/p>\n","protected":false},"excerpt":{"rendered":"Therese Johaug blir snart mor for andre gang. Det tidligere langrennsesset forteller i et NRK-intervju at hun ikke&hellip;\n","protected":false},"author":2,"featured_media":77422,"comment_status":"","ping_status":"","sticky":false,"template":"","format":"standard","meta":{"footnotes":""},"categories":[59],"tags":[36,736,10763,30,28,29,83,82,1510],"class_list":{"0":"post-78306","1":"post","2":"type-post","3":"status-publish","4":"format-standard","5":"has-post-thumbnail","7":"category-sport","8":"tag-art","9":"tag-helse","10":"tag-johaug","11":"tag-no","12":"tag-norge","13":"tag-norway","14":"tag-sport","15":"tag-sports","16":"tag-story"},"share_on_mastodon":{"url":"https:\/\/pubeurope.com\/@no\/115492395606938081","error":""},"_links":{"self":[{"href":"https:\/\/www.europesays.com\/no\/wp-json\/wp\/v2\/posts\/78306","targetHints":{"allow":["GET"]}}],"collection":[{"href":"https:\/\/www.europesays.com\/no\/wp-json\/wp\/v2\/posts"}],"about":[{"href":"https:\/\/www.europesays.com\/no\/wp-json\/wp\/v2\/types\/post"}],"author":[{"embeddable":true,"href":"https:\/\/www.europesays.com\/no\/wp-json\/wp\/v2\/users\/2"}],"replies":[{"embeddable":true,"href":"https:\/\/www.europesays.com\/no\/wp-json\/wp\/v2\/comments?post=78306"}],"version-history":[{"count":0,"href":"https:\/\/www.europesays.com\/no\/wp-json\/wp\/v2\/posts\/78306\/revisions"}],"wp:featuredmedia":[{"embeddable":true,"href":"https:\/\/www.europesays.com\/no\/wp-json\/wp\/v2\/media\/77422"}],"wp:attachment":[{"href":"https:\/\/www.europesays.com\/no\/wp-json\/wp\/v2\/media?parent=78306"}],"wp:term":[{"taxonomy":"category","embeddable":true,"href":"https:\/\/www.europesays.com\/no\/wp-json\/wp\/v2\/categories?post=78306"},{"taxonomy":"post_tag","embeddable":true,"href":"https:\/\/www.europesays.com\/no\/wp-json\/wp\/v2\/tags?post=78306"}],"curies":[{"name":"wp","href":"https:\/\/api.w.org\/{rel}","templated":true}]}}