{"id":78309,"date":"2025-11-04T16:36:11","date_gmt":"2025-11-04T16:36:11","guid":{"rendered":"https:\/\/www.europesays.com\/no\/78309\/"},"modified":"2025-11-04T16:36:11","modified_gmt":"2025-11-04T16:36:11","slug":"tragisk-angrep-av-japanske-kjempeveps-i-laos-far-og-sonn-omkom","status":"publish","type":"post","link":"https:\/\/www.europesays.com\/no\/78309\/","title":{"rendered":"Tragisk angrep av japanske kjempeveps i Laos: Far og s\u00f8nn omkom"},"content":{"rendered":"<p class=\"kicker text-red color_mobile_text-red\" style=\"\">Laos:\u00a0<\/p>\n<p>  En amerikansk far og s\u00f8nn mistet livet i Laos etter \u00e5 ha blitt angrepet av en sverm asiatiske veps, ogs\u00e5 kjent som morderveps.<\/p>\n<p>\n    ANGREPET: Daniel Owen og s\u00f8nnen Cooper ble angrepet og drept av en sverm japanske kjempeveps p\u00e5 ferie. Foto: Quality Schools International \/ Facebook\n  <\/p>\n<p>Daniel Owen (47) og s\u00f8nnen Cooper (15) var p\u00e5 ferie ved et opplevelsesresort n\u00e6r byen Luang Prabang da ulykken skjedde 15. oktober.<\/p>\n<p>De hadde tilbrakt dagen med zipline gjennom tropisk skog da de ble angrepet av insektene, japanske kjempeveps.<\/p>\n<p>Flere medier, blant andre <a href=\"https:\/\/nypost.com\/2025\/11\/03\/world-news\/private-school-director-son-stung-to-death-by-swarm-of-asian-giant-hornets-on-zip-line-vacation\/\" rel=\"nofollow noopener\" target=\"_blank\">New York Post<\/a>, har omtalt saken.\u00a0<\/p>\n<p>    <a itemprop=\"url\" href=\"https:\/\/sol.no\/nyheter\/peter-60-dode-pa-battur-familien-raser\/83642416\" rel=\"nofollow noopener\" target=\"_blank\"><\/p>\n<p>      <img loading=\"lazy\" decoding=\"async\" src=\"https:\/\/www.europesays.com\/no\/wp-content\/uploads\/2025\/11\/83642766.webp\" width=\"980\" height=\"441\" title=\"Peter (60) d\u00f8de p\u00e5 b\u00e5ttur - familien raser\" alt=\"\" class=\"lazyload\" style=\"--aspect-ratio-image: 2.22; \"\/><\/p>\n<p>        Peter (60) d\u00f8de p\u00e5 b\u00e5ttur &#8211; familien raser<\/p>\n<p>sol.no<\/p>\n<p>    <\/a><\/p>\n<p>Over hundre stikk\t<\/p>\n<p>Begge ble fraktet til et n\u00e6rliggende sykehus i alvorlig tilstand. If\u00f8lge Phanomsay Phakan, lege ved Phakan Arocavet Clinic, var de ved bevissthet ved ankomst.\u00a0<\/p>\n<p>\u2013 Kroppene deres var dekket av r\u00f8de flekker. Det var sv\u00e6rt, sv\u00e6rt smertefullt. Mange stikk, over hundre, over hele kroppen, fortalte legen til <a href=\"https:\/\/www.thetimes.com\/world\/asia\/article\/hornets-deaths-laos-daniel-owen-asian-giants-z0khnmglw\" rel=\"nofollow noopener\" target=\"_blank\">The Times<\/a>.\u00a0<\/p>\n<p>Han beskrev situasjonen som \u00absv\u00e6rt farlig\u00bb og noe han aldri tidligere hadde opplevd i l\u00f8pet av sin 20 \u00e5r lange karriere.<\/p>\n<p>&#8211; En ekstraordin\u00e6r naturhendelse\u00a0\t<\/p>\n<p>Etter d\u00f8dsfallet har hyllester str\u00f8mmet inn. Skolen der Daniel Owen var rektor, beskriver Owen som en \u00abdedikert leder som i l\u00f8pet av sine 18 \u00e5r i skolen p\u00e5virket utallige liv med varme, engasjement og lederskap\u00bb, i en hyllest p\u00e5 <a href=\"https:\/\/www.facebook.com\/photo?fbid=1235163541987714&amp;set=a.555282389975836\" rel=\"nofollow noopener\" target=\"_blank\">Facebook<\/a>.<\/p>\n<p>    <a itemprop=\"url\" href=\"https:\/\/sol.no\/nyheter\/advarer-dode-av-smorbrod\/83442402\" rel=\"nofollow noopener\" target=\"_blank\"><\/p>\n<p>      <img loading=\"lazy\" decoding=\"async\" src=\"https:\/\/www.europesays.com\/no\/wp-content\/uploads\/2025\/11\/83444932.webp\" width=\"980\" height=\"441\" title=\"Advarer: D\u00f8de av sm\u00f8rbr\u00f8d\" alt=\"\" class=\"lazyload\" style=\"--aspect-ratio-image: 2.22; \"\/><\/p>\n<p>        Advarer: D\u00f8de av sm\u00f8rbr\u00f8d<\/p>\n<p>sol.no<\/p>\n<p>    <\/a><\/p>\n<p>En talsperson for Green Jungle Park, der hendelsen fant sted, sa f\u00f8lgende i en uttalelse til pressen:\u00a0<\/p>\n<p>\u2013 Vi sender v\u00e5re dypeste kondolanser til familien og vennene til Daniel og Cooper Owen. Denne hendelsen er uten sidestykke i v\u00e5r erfaring og, s\u00e5 vidt vi vet, ogs\u00e5 i Luang Prabang. Det var en uforutsigbar og ekstraordin\u00e6r naturhendelse.<\/p>\n<p>          <img loading=\"lazy\" decoding=\"async\" src=\"https:\/\/www.europesays.com\/no\/wp-content\/uploads\/2025\/11\/83808598.webp\" width=\"980\" height=\"559\" title=\"Japansk kjempeveps, ogs\u00e5 kalt Vespa mandarinia, er kjent som \u00abmordervepsen\u00bb. Foto: Jonathan Raa\/NurPhoto\/Shutterstock \/ NTB\" alt=\"\" class=\"\" style=\"--aspect-ratio-image: 1.75; \"\/><\/p>\n<p>\n          Japansk kjempeveps, ogs\u00e5 kalt Vespa mandarinia, er kjent som \u00abmordervepsen\u00bb. Foto: Jonathan Raa\/NurPhoto\/Shutterstock \/ NTB\n      <\/p>\n<p>Morderveps\t<\/p>\n<p>Asiatiske veps, lett gjenkjennelige p\u00e5 sin st\u00f8rrelse og gule bein, er en invasiv art som truer lokale biepopulasjoner &#8211; og kan i sjeldne tilfeller v\u00e6re d\u00f8delige for mennesker.\u00a0<\/p>\n<p>    Japansk kjempeveps<\/p>\n<ul>\n<li class=\"lab-bodytext-line\">Japansk kjempeveps, ogs\u00e5 kalt Vespa mandarinia, er en av de st\u00f8rste stikkevepsartene i verden, og kan vokse til \u00e5 bli over fem centimeter lang.\u00a0<\/li>\n<li class=\"lab-bodytext-line\">Vespa mandarinia er opprinnelig fra Japan, men har spredt seg til flere land i Asia og er n\u00e5 ogs\u00e5 etablert utenfor sitt opprinnelige omr\u00e5de.<\/li>\n<li class=\"lab-bodytext-line\">\n<p>En koloni kan inneholde opptil 5000 individer, og kan vare i flere \u00e5r. Dronningene kan produsere b\u00e5de arbeidere og droner, og kan legge opptil 50 egg per dag.<\/p>\n<p>Kilde: Skadedyrguiden<\/li>\n<\/ul>\n<p>      Vis mer<br \/>\n      Vis mindre<\/p>\n<p>D\u00f8dsfall skjer som regel ved alvorlig allergisk reaksjon eller ved massivt angrep, som n\u00e5r et bol blir forstyrret.<\/p>\n<p>If\u00f8lge <a href=\"https:\/\/www.thetimes.com\/world\/asia\/article\/hornets-deaths-laos-daniel-owen-asian-giants-z0khnmglw\" rel=\"nofollow noopener\" target=\"_blank\">The Times<\/a> viste faren og s\u00f8nnen ingen tegn til anafylaktisk sjokk, men ble fraktet til provinsens hovedsykehus i Luang Prabang, hvor de senere d\u00f8de av skadene.<\/p>\n","protected":false},"excerpt":{"rendered":"Laos:\u00a0 En amerikansk far og s\u00f8nn mistet livet i Laos etter \u00e5 ha blitt angrepet av en sverm&hellip;\n","protected":false},"author":2,"featured_media":78310,"comment_status":"","ping_status":"","sticky":false,"template":"","format":"standard","meta":{"footnotes":""},"categories":[12],"tags":[20,21,576,24,25,15,22,23,724,13,30,28,29,14,16,26,27,6927,42,43,44,45],"class_list":{"0":"post-78309","1":"post","2":"type-post","3":"status-publish","4":"format-standard","5":"has-post-thumbnail","7":"category-verden","8":"tag-breaking-news","9":"tag-breakingnews","10":"tag-dodsfall","11":"tag-featured-news","12":"tag-featurednews","13":"tag-headlines","14":"tag-latest-news","15":"tag-latestnews","16":"tag-livsstil","17":"tag-news","18":"tag-no","19":"tag-norge","20":"tag-norway","21":"tag-nyheter","22":"tag-overskrifter","23":"tag-top-stories","24":"tag-topstories","25":"tag-veps","26":"tag-verden","27":"tag-world","28":"tag-world-news","29":"tag-worldnews"},"share_on_mastodon":{"url":"https:\/\/pubeurope.com\/@no\/115492407671423597","error":""},"_links":{"self":[{"href":"https:\/\/www.europesays.com\/no\/wp-json\/wp\/v2\/posts\/78309","targetHints":{"allow":["GET"]}}],"collection":[{"href":"https:\/\/www.europesays.com\/no\/wp-json\/wp\/v2\/posts"}],"about":[{"href":"https:\/\/www.europesays.com\/no\/wp-json\/wp\/v2\/types\/post"}],"author":[{"embeddable":true,"href":"https:\/\/www.europesays.com\/no\/wp-json\/wp\/v2\/users\/2"}],"replies":[{"embeddable":true,"href":"https:\/\/www.europesays.com\/no\/wp-json\/wp\/v2\/comments?post=78309"}],"version-history":[{"count":0,"href":"https:\/\/www.europesays.com\/no\/wp-json\/wp\/v2\/posts\/78309\/revisions"}],"wp:featuredmedia":[{"embeddable":true,"href":"https:\/\/www.europesays.com\/no\/wp-json\/wp\/v2\/media\/78310"}],"wp:attachment":[{"href":"https:\/\/www.europesays.com\/no\/wp-json\/wp\/v2\/media?parent=78309"}],"wp:term":[{"taxonomy":"category","embeddable":true,"href":"https:\/\/www.europesays.com\/no\/wp-json\/wp\/v2\/categories?post=78309"},{"taxonomy":"post_tag","embeddable":true,"href":"https:\/\/www.europesays.com\/no\/wp-json\/wp\/v2\/tags?post=78309"}],"curies":[{"name":"wp","href":"https:\/\/api.w.org\/{rel}","templated":true}]}}