{"id":78311,"date":"2025-11-04T16:37:09","date_gmt":"2025-11-04T16:37:09","guid":{"rendered":"https:\/\/www.europesays.com\/no\/78311\/"},"modified":"2025-11-04T16:37:09","modified_gmt":"2025-11-04T16:37:09","slug":"vogntog-veltet-pa-e6-dagbladet","status":"publish","type":"post","link":"https:\/\/www.europesays.com\/no\/78311\/","title":{"rendered":"Vogntog veltet p\u00e5 E6 &#8211; Dagbladet"},"content":{"rendered":"<ol>\n<li><a href=\"https:\/\/news.google.com\/rss\/articles\/CBMib0FVX3lxTE9NTzBsTW1oYTFwUktfWHV5QV9SWmpzYktWeWdsMWRzUUh4bnR6S25nREstTThJbjFubE52ODB4R01sZm5TaFFwMmtPRFItQk9veUhGblBielRCamR4WGFIaU1iTkdwUWQ1SXd6UmQwOA?oc=5\" target=\"_blank\" rel=\"nofollow noopener\">Vogntog veltet p\u00e5 E6<\/a>&nbsp;&nbsp;Dagbladet<\/li>\n<li><a href=\"https:\/\/news.google.com\/rss\/articles\/CBMixwFBVV95cUxPc3k2X3RMcGE2emltUGNFX3VyOUkyeFk2NjAzbWRHWFgtWmMwZ0J2NHg3aE9ZSEJQNDJUTG9Pcjhtb1dzMHVqZ2c2QW5teXlkT2NjRVVvNEx6V3lDMmlzaTUxT2FmTVNwTzNPcEtRV3h4dFRoOHBvLXRqaWR5eVBSR1o3U0NTa0h1bGszdnQ5Y2NzU3ktY2E0WldGOTJhdWFwRnREU0V4dU42U3NiRy1ES0JzSE5aQVV4em9DUkstQUE3SGplNENN?oc=5\" target=\"_blank\" rel=\"nofollow noopener\">V\u00e6pnede soldater vokter ulykkes\u00adstedet: &#8211; Luftvern\u00adutstyr i lasten<\/a>&nbsp;&nbsp;tronderbladet.no<\/li>\n<li><a href=\"https:\/\/news.google.com\/rss\/articles\/CBMiqgFBVV95cUxOMy12Y3A3X2pfSDkxUDVjMnVaOWY1UUg0VEc5c2tUZDdHMmY2bU53SDVjVy1KU0hPNk9aOXc2dVVXb1VRb09GdDdOeWR4SmJad1EzWVV4Z3F0MnphZEc1NEhqRXpTcUVlMGh2SEdzOWFpUTItd1dSRHRpRk0xaFhLT0tzUmQ2ZV9vRldfSklLc19zZFpTTmxSOFJOZFB2ODV6SGl4N204QW5zZw?oc=5\" target=\"_blank\" rel=\"nofollow noopener\">Lastebil med luftvernutstyr veltet: Bev\u00e6pna forsvar p\u00e5 plass<\/a>&nbsp;&nbsp;fosna-folket.no<\/li>\n<li><a href=\"https:\/\/news.google.com\/rss\/articles\/CBMi3AFBVV95cUxOQVU4OVBnZ1hUb29mNExyQl9pQmtaT1hiRl96STVmWFE2dzBsYWxReVUwbHJuQmppa0lYcnY3RzdUdlloaC1ERmdVdGlVcXFaOWpJck8xZ3lMdkptdzNnci1lbTJ3TTNLZm90OGt2UWY2SFd5WDYza1lwQ2luc0U0SnhjbVRVdEpTbXNWTnBfazlfSGx3TWRtc0RyeHZSZF81TmcyVTRGMnlSUGFlTEdLYWxGd3hCQ19kODJJbUhzSHNGMFgxbTVwbk1QYVgxWUszSG1YQ3dpdFlqNU5E?oc=5\" target=\"_blank\" rel=\"nofollow noopener\">Bev\u00e6pnede soldater holder vakt etter ulykke med luftvern p\u00e5 E6 i Tr\u00f8ndelag<\/a>&nbsp;&nbsp;TV2.no<\/li>\n<li><a href=\"https:\/\/news.google.com\/rss\/articles\/CBMigwFBVV95cUxOc0h4WF9id0JuLVIxRWxEdmxKeEYzUHhaQlh1YzhXSWxLMUpZSEMtakVqVXNHVHlIb0RYZDdoQ1g1QWNIYVhYTHBWVEZZUGo4ZExqeDU3cktyVFhWbktBcW1MTG1jVkRtb093emhKTzY5WHRkMzRLekY4c1VYVnBlYjN6cw?oc=5\" target=\"_blank\" rel=\"nofollow noopener\">E6 sperret: \u2013 Han s\u00e5 litt sjokkert ut<\/a>&nbsp;&nbsp;Aftenposten<\/li>\n<\/ol>\n","protected":false},"excerpt":{"rendered":"Vogntog veltet p\u00e5 E6&nbsp;&nbsp;Dagbladet V\u00e6pnede soldater vokter ulykkes\u00adstedet: &#8211; Luftvern\u00adutstyr i lasten&nbsp;&nbsp;tronderbladet.no Lastebil med luftvernutstyr veltet: Bev\u00e6pna forsvar&hellip;\n","protected":false},"author":2,"featured_media":78312,"comment_status":"","ping_status":"","sticky":false,"template":"","format":"standard","meta":{"footnotes":""},"categories":[10],"tags":[20,21,834,24,25,15,10682,2539,22,23,13,30,28,29,14,16,10764,26,27,51],"class_list":{"0":"post-78311","1":"post","2":"type-post","3":"status-publish","4":"format-standard","5":"has-post-thumbnail","7":"category-norge","8":"tag-breaking-news","9":"tag-breakingnews","10":"tag-e6","11":"tag-featured-news","12":"tag-featurednews","13":"tag-headlines","14":"tag-heimevernet","15":"tag-innenriks","16":"tag-latest-news","17":"tag-latestnews","18":"tag-news","19":"tag-no","20":"tag-norge","21":"tag-norway","22":"tag-nyheter","23":"tag-overskrifter","24":"tag-soldat","25":"tag-top-stories","26":"tag-topstories","27":"tag-ulykke"},"share_on_mastodon":{"url":"https:\/\/pubeurope.com\/@no\/115492411367508749","error":""},"_links":{"self":[{"href":"https:\/\/www.europesays.com\/no\/wp-json\/wp\/v2\/posts\/78311","targetHints":{"allow":["GET"]}}],"collection":[{"href":"https:\/\/www.europesays.com\/no\/wp-json\/wp\/v2\/posts"}],"about":[{"href":"https:\/\/www.europesays.com\/no\/wp-json\/wp\/v2\/types\/post"}],"author":[{"embeddable":true,"href":"https:\/\/www.europesays.com\/no\/wp-json\/wp\/v2\/users\/2"}],"replies":[{"embeddable":true,"href":"https:\/\/www.europesays.com\/no\/wp-json\/wp\/v2\/comments?post=78311"}],"version-history":[{"count":0,"href":"https:\/\/www.europesays.com\/no\/wp-json\/wp\/v2\/posts\/78311\/revisions"}],"wp:featuredmedia":[{"embeddable":true,"href":"https:\/\/www.europesays.com\/no\/wp-json\/wp\/v2\/media\/78312"}],"wp:attachment":[{"href":"https:\/\/www.europesays.com\/no\/wp-json\/wp\/v2\/media?parent=78311"}],"wp:term":[{"taxonomy":"category","embeddable":true,"href":"https:\/\/www.europesays.com\/no\/wp-json\/wp\/v2\/categories?post=78311"},{"taxonomy":"post_tag","embeddable":true,"href":"https:\/\/www.europesays.com\/no\/wp-json\/wp\/v2\/tags?post=78311"}],"curies":[{"name":"wp","href":"https:\/\/api.w.org\/{rel}","templated":true}]}}