{"id":78315,"date":"2025-11-04T16:48:11","date_gmt":"2025-11-04T16:48:11","guid":{"rendered":"https:\/\/www.europesays.com\/no\/78315\/"},"modified":"2025-11-04T16:48:11","modified_gmt":"2025-11-04T16:48:11","slug":"ny-dyster-fn-rapport-norge-ma-gjore-mer","status":"publish","type":"post","link":"https:\/\/www.europesays.com\/no\/78315\/","title":{"rendered":"Ny dyster FN-rapport: Norge m\u00e5 gj\u00f8re mer"},"content":{"rendered":"<p>  Med sin n\u00e5v\u00e6rende klimapolitikk styrer verdens land mot 2,8 grader global oppvarming, if\u00f8lge en ny FN-rapport. Fjor\u00e5rets utslippshopp var uvanlig kraftig.<\/p>\n<p>\n    Et oljeraffineri \u2013 HF Sinclair El Dorado \u2013 i den amerikanske delstaten Kansas. Foto: Charlie Riedel \/ AP \/ NTB\n  <\/p>\n<p>Det viser rapporten fra FNs milj\u00f8program (Unep), som ble lagt fram tirsdag i forkant av klimatoppm\u00f8tet i Brasil.<\/p>\n<p>Hvis landene fastholder sine n\u00e5v\u00e6rende klimatiltak, blir resultatet trolig 2,8 graders global oppvarming innen 2100.<\/p>\n<p>    <a itemprop=\"url\" href=\"https:\/\/sol.no\/nyheter\/siktet-for-bedrageri-av-inntil-300-mill\/83809894\" rel=\"nofollow noopener\" target=\"_blank\"><\/p>\n<p>      <img loading=\"lazy\" decoding=\"async\" src=\"https:\/\/www.europesays.com\/no\/wp-content\/uploads\/2025\/11\/83809904.webp\" width=\"980\" height=\"441\" title=\"Siktet for bedrageri av inntil 300 mill.\" alt=\"\" class=\"lazyload\" style=\"--aspect-ratio-image: 2.22; \"\/><\/p>\n<p>        Siktet for bedrageri av inntil 300 mill.<\/p>\n<p>sol.no<\/p>\n<p>    <\/a><\/p>\n<p>\nHvis landene i tillegg gjennomf\u00f8rer planlagte og lovede klimatiltak, vil oppvarmingen bli p\u00e5 2,3 til 2,5 grader over f\u00f8rindustriell tid, if\u00f8lge <a href=\"https:\/\/www.unep.org\/resources\/emissions-gap-report-2025\" target=\"_blank\" rel=\"nofollow noopener\">Emission Gap Report 2025<\/a>.<\/p>\n<p>Det er 0,3 grader lavere enn FN-anslaget som ble publisert for et \u00e5r siden. Nedgangen skyldes at store utslippsland, deriblant Kina, i \u00e5r har kunngjort nye planer om kutt. <\/p>\n<p>Umulig \u00e5 unng\u00e5\t<\/p>\n<p>Verdens land har satt som m\u00e5l \u00e5 begrense den globale oppvarmingen til 1,5 grader, men etter alt \u00e5 d\u00f8mme kommer temperaturstigningen til \u00e5 overstige dette i l\u00f8pet av det neste ti\u00e5ret, if\u00f8lge FN-ekspertene.<\/p>\n<p>De uttrykker h\u00e5p om at temperaturen kan senkes igjen, dersom den g\u00e5r over 1,5 grader.<\/p>\n<p>\u2013 Dette vil det bli vanskelig \u00e5 snu, og det vil kreve raskere og st\u00f8rre tilleggskutt av klimagassene for \u00e5 begrense overskridelsen, skriver Unep.<\/p>\n<p>    <a itemprop=\"url\" href=\"https:\/\/sol.no\/nyheter\/far-og-sonn-drept-av-morderveps\/83808206\" rel=\"nofollow noopener\" target=\"_blank\"><\/p>\n<p>      <img loading=\"lazy\" decoding=\"async\" src=\"https:\/\/www.europesays.com\/no\/wp-content\/uploads\/2025\/11\/83808600.webp\" width=\"980\" height=\"441\" title=\"Far og s\u00f8nn drept av \u00abmorderveps\u00bb\" alt=\"\" class=\"lazyload\" style=\"--aspect-ratio-image: 2.22; \"\/><\/p>\n<p>        Far og s\u00f8nn drept av \u00abmorderveps\u00bb<\/p>\n<p>sol.no<\/p>\n<p>    <\/a><\/p>\n<p>If\u00f8lge rapportens hovedforfatter, Anne Olhoff, er det mulig \u00e5 forsinke overskridelsen hvis det gjennomf\u00f8res store utslippskutt n\u00e5. Men \u00e5 hindre den helt er umulig.<\/p>\n<p>Verdens utslipp av klimagasser \u00f8ker nesten hvert eneste \u00e5r, og \u00f8kningen i fjor p\u00e5 2,3 prosent var uvanlig kraftig. Spesielt utslippene i India, Kina, Russland og Indonesia bidro til \u00f8kningen.<\/p>\n<p>\u2013 Hjerteskj\u00e6rende\t<\/p>\n<p>\u2013 Ti \u00e5r etter Parisavtalen er vi fortsatt milevis unna \u00e5 levere p\u00e5 det vi har forpliktet oss til. Det er hjerteskj\u00e6rende, sier generalsekret\u00e6r i milj\u00f8organisasjonen WWF, Karoline Andaur, i en uttalelse.<\/p>\n<p>\u2013 Vi har ikke r\u00e5d til \u00e5 vente. N\u00e5r verdens ledere m\u00f8tes i Brasil de neste ukene, m\u00e5 de vise at de forst\u00e5r alvoret og er klare til \u00e5 finne tilbake til det drivet som ga oss Parisavtalen. <\/p>\n<p>Ikke minst m\u00e5 Norge gj\u00f8re mer, mener hun.<\/p>\n<p>\u2013 Norge m\u00e5 t\u00f8rre \u00e5 ta tak i den st\u00f8rste forurenseren vi har, nemlig olje- og gassn\u00e6ringen, f\u00e5 p\u00e5 plass en utfasingsplan og si nei til all ny leting. Internasjonalt m\u00e5 vi trappe opp samarbeidet med land som vil mer, slik som sm\u00e5 \u00f8ystater, og st\u00e5 opp mot b\u00f8llete oppf\u00f8rsel fra USA, som aktivt motarbeider den globale klimadugnaden, sier Andaur. <\/p>\n<p>L\u00f8fter fra Kina\t<\/p>\n<p>Kina lovet i september at landet innen 2035 vil kutte utslippene med 7\u201310 prosent fra topp\u00e5ret for utslipp. Analytikere viser til at Kina har en tendens til \u00e5 gi forsiktige l\u00f8fter for s\u00e5 \u00e5 kutte mer enn de offisielt har kunngjort.<\/p>\n<p>    <a itemprop=\"url\" href=\"https:\/\/sol.no\/nyheter\/oljefondet-forslag-vedtatt-i-stortinget\/83809793\" rel=\"nofollow noopener\" target=\"_blank\"><\/p>\n<p>      <img loading=\"lazy\" decoding=\"async\" src=\"https:\/\/www.europesays.com\/no\/wp-content\/uploads\/2025\/11\/83809798.webp\" width=\"980\" height=\"441\" title=\"Oljefondet-forslag vedtatt i Stortinget\" alt=\"\" class=\"lazyload\" style=\"--aspect-ratio-image: 2.22; \"\/><\/p>\n<p>        Oljefondet-forslag vedtatt i Stortinget<\/p>\n<p>sol.no<\/p>\n<p>    <\/a><\/p>\n<p>Selv om verden er p\u00e5 vei mot en temperatur\u00f8kning p\u00e5 2,8 grader innen 2100 med klimatiltakene som allerede er iverksatt, s\u00e5 er det likevel gjort visse framskritt det siste ti\u00e5ret. Da Parisavtalen ble signert i 2015, var verden p\u00e5 vei mot en temperatur\u00f8kning p\u00e5 rundt 4 grader sammenlignet med f\u00f8rindustriell tid.<\/p>\n<p>I Parisavtalen satte verdens land som m\u00e5l \u00e5 stanse begrense den globale oppvarmingen til 2 grader, og aller helst stanse oppvarmingen ved 1,5 grader.<\/p>\n","protected":false},"excerpt":{"rendered":"Med sin n\u00e5v\u00e6rende klimapolitikk styrer verdens land mot 2,8 grader global oppvarming, if\u00f8lge en ny FN-rapport. Fjor\u00e5rets utslippshopp&hellip;\n","protected":false},"author":2,"featured_media":78316,"comment_status":"","ping_status":"","sticky":false,"template":"","format":"standard","meta":{"footnotes":""},"categories":[12],"tags":[20,21,24,25,332,1659,15,1514,22,23,13,30,28,29,14,16,26,27,42,43,44,45],"class_list":{"0":"post-78315","1":"post","2":"type-post","3":"status-publish","4":"format-standard","5":"has-post-thumbnail","7":"category-verden","8":"tag-breaking-news","9":"tag-breakingnews","10":"tag-featured-news","11":"tag-featurednews","12":"tag-fn","13":"tag-global-oppvarming","14":"tag-headlines","15":"tag-klima","16":"tag-latest-news","17":"tag-latestnews","18":"tag-news","19":"tag-no","20":"tag-norge","21":"tag-norway","22":"tag-nyheter","23":"tag-overskrifter","24":"tag-top-stories","25":"tag-topstories","26":"tag-verden","27":"tag-world","28":"tag-world-news","29":"tag-worldnews"},"share_on_mastodon":{"url":"https:\/\/pubeurope.com\/@no\/115492454980969262","error":""},"_links":{"self":[{"href":"https:\/\/www.europesays.com\/no\/wp-json\/wp\/v2\/posts\/78315","targetHints":{"allow":["GET"]}}],"collection":[{"href":"https:\/\/www.europesays.com\/no\/wp-json\/wp\/v2\/posts"}],"about":[{"href":"https:\/\/www.europesays.com\/no\/wp-json\/wp\/v2\/types\/post"}],"author":[{"embeddable":true,"href":"https:\/\/www.europesays.com\/no\/wp-json\/wp\/v2\/users\/2"}],"replies":[{"embeddable":true,"href":"https:\/\/www.europesays.com\/no\/wp-json\/wp\/v2\/comments?post=78315"}],"version-history":[{"count":0,"href":"https:\/\/www.europesays.com\/no\/wp-json\/wp\/v2\/posts\/78315\/revisions"}],"wp:featuredmedia":[{"embeddable":true,"href":"https:\/\/www.europesays.com\/no\/wp-json\/wp\/v2\/media\/78316"}],"wp:attachment":[{"href":"https:\/\/www.europesays.com\/no\/wp-json\/wp\/v2\/media?parent=78315"}],"wp:term":[{"taxonomy":"category","embeddable":true,"href":"https:\/\/www.europesays.com\/no\/wp-json\/wp\/v2\/categories?post=78315"},{"taxonomy":"post_tag","embeddable":true,"href":"https:\/\/www.europesays.com\/no\/wp-json\/wp\/v2\/tags?post=78315"}],"curies":[{"name":"wp","href":"https:\/\/api.w.org\/{rel}","templated":true}]}}