{"id":78394,"date":"2025-11-04T18:42:14","date_gmt":"2025-11-04T18:42:14","guid":{"rendered":"https:\/\/www.europesays.com\/no\/78394\/"},"modified":"2025-11-04T18:42:14","modified_gmt":"2025-11-04T18:42:14","slug":"videoen-avslorer-mannen-utrolig-skremmende","status":"publish","type":"post","link":"https:\/\/www.europesays.com\/no\/78394\/","title":{"rendered":"Videoen avsl\u00f8rer mannen: &#8211; Utrolig skremmende"},"content":{"rendered":"<p>Det siste halv\u00e5ret har\u00a0Birgit Kvarsnes-Olsen og d\u00f8trene p\u00e5 15 og 18 \u00e5r opplevd flere ubehagelige hendelser i eget hjem i Kristiansand sentrum.\u00a0<\/p>\n<p>De skal gjentatte ganger ha opplevd at en ukjent mann har tatt seg inn i leiligheten deres gjennom balkongen.<\/p>\n<p>Derfor bestemte tobarnsmora seg for \u00e5 sette opp et overv\u00e5kningskamera, og i helga fanget de det hele p\u00e5 film.\u00a0<\/p>\n<p>          <img loading=\"lazy\" decoding=\"async\" src=\"https:\/\/www.europesays.com\/no\/wp-content\/uploads\/2025\/11\/83810408.webp\" width=\"980\" height=\"559\" title=\"P\u00c5 FILM: Den ene dattera publiserte deler av opptaket p\u00e5 Tiktok i h\u00e5p om at noen hadde mer informasjon om saken. Skjermdump: Privat\" alt=\"\" class=\"\" style=\"--aspect-ratio-image: 1.75; \"\/><\/p>\n<p>\n          P\u00c5 FILM: Den ene dattera publiserte deler av opptaket p\u00e5 Tiktok i h\u00e5p om at noen hadde mer informasjon om saken. Skjermdump: Privat\n      <\/p>\n<p>I videoen kunne de se hvordan den fremmede mannen, tilsynelatende med et stort skjerf rundt hodet, klatret over gjerdet og fors\u00f8kte \u00e5 \u00e5pne den l\u00e5ste d\u00f8ra.\u00a0<\/p>\n<p class=\"font-weight-normal m-font-weight-normal\" data-lab-font_weight=\"font-weight-normal\">Klokka n\u00e6rmet seg 04 p\u00e5 natta, og mannen s\u00e5 b\u00e5de inn i leiligheten og p\u00e5 utsikten f\u00f8r han omsider klatret ned igjen.\u00a0<\/p>\n<p class=\"font-weight-bold m-font-weight-bold\" data-lab-font_weight=\"font-weight-bold\">&#8211; Det er utrolig skremmende, sier\u00a0Kvarsnes-Olsen til Dagbladet.<\/p>\n<p>          <img loading=\"lazy\" decoding=\"async\" src=\"https:\/\/www.europesays.com\/no\/wp-content\/uploads\/2025\/11\/83809484.webp\" width=\"686\" height=\"392\" title=\"\u00d8NSKER HJELP: Birgit Kvarsnes-Olsen sier at opplevelsen var skremmende. Foto: Privat\" alt=\"\" class=\"\" style=\"--aspect-ratio-image: 1.75; \"\/><\/p>\n<p>\n          \u00d8NSKER HJELP: Birgit Kvarsnes-Olsen sier at opplevelsen var skremmende. Foto: Privat\n      <\/p>\n<p>&#8211; F\u00e5r ikke hjelp\t<\/p>\n<p>Kvarsnes-Olsen har anmeldt hendelsene og levert inn videomaterialet til politiet, men f\u00f8ler ikke at de tar henne p\u00e5 alvor.<\/p>\n<p>Derfor har dattera p\u00e5 15 \u00e5r delt videoen p\u00e5 Tiktok, i h\u00e5p om at det hele skal komme til en ende.\u00a0<\/p>\n<p class=\"font-weight-bold m-font-weight-bold\" data-lab-font_weight=\"font-weight-bold\">I skrivende stund har den n\u00e6rmere 240 000 visninger.<\/p>\n<p>&#8211; Vi deler dette fordi vi ikke f\u00f8ler at politiet hjelper oss, sier Kvarsnes-Olsen.<\/p>\n<p>N\u00e5 h\u00e5per hun at den store oppmerksomheten rundt saken kan bidra til at politiet tar grep.\u00a0<\/p>\n<p>    <a itemprop=\"url\" href=\"https:\/\/www.dagbladet.no\/nyheter\/det-var-helt-sprott\/83805493\" rel=\"nofollow noopener\" target=\"_blank\"><\/p>\n<p>      <img loading=\"lazy\" decoding=\"async\" src=\"https:\/\/www.europesays.com\/no\/wp-content\/uploads\/2025\/11\/1762281731_718_83805750.webp\" width=\"980\" height=\"441\" title=\"- Det var helt spr\u00f8tt\" alt=\"\" class=\"lazyload\" style=\"--aspect-ratio-image: 2.22; \"\/><\/p>\n<p>        &#8211; Det var helt spr\u00f8tt<\/p>\n<p>    <\/a><\/p>\n<p class=\"font-weight-bold m-font-weight-bold\" data-lab-font_weight=\"font-weight-bold\">If\u00f8lge henne selv har ikke politiet kommet hjem til dem for \u00e5 gj\u00f8re unders\u00f8kelser.\u00a0<\/p>\n<p>&#8211; Politiet blir en falsk trygghet for jentene. Det gj\u00f8r at vi f\u00f8ler oss utrygge.\u00a0<\/p>\n<p class=\"italic m-italic font-weight-bold m-font-weight-bold\" data-lab-italic=\"italic\" data-lab-font_weight=\"font-weight-bold\">Politiet synes det er leit at familien sitter igjen med et slikt inntrykk. Les hele svaret nederst i saken.\u00a0<\/p>\n<p>&#8211; Satt p\u00e5 sengekanten\t<\/p>\n<p>Siden familien p\u00e5 tre bor i en boligblokk i det de anser som et trygt omr\u00e5de, har de ikke alltid v\u00e6rt like n\u00f8ye med \u00e5 l\u00e5se balkongd\u00f8ra.\u00a0<\/p>\n<p>I sommer skal de ha begynt \u00e5 legge merke til at d\u00f8ra kunne st\u00e5 \u00e5pen om morgenene, men de kom stadig til ro med at de trolig hadde glemt \u00e5 lukke den selv.\u00a0<\/p>\n<p>    <a itemprop=\"url\" href=\"https:\/\/www.dagbladet.no\/nyheter\/jeg-vil-ikke-bli-drapsmann\/83795210\" rel=\"nofollow noopener\" target=\"_blank\"><\/p>\n<p>      <img loading=\"lazy\" decoding=\"async\" src=\"https:\/\/www.europesays.com\/no\/wp-content\/uploads\/2025\/11\/1762281732_179_83798344.webp\" width=\"980\" height=\"441\" title=\"- Jeg vil ikke bli drapsmann\" alt=\"\" class=\"lazyload\" style=\"--aspect-ratio-image: 2.22; \"\/><\/p>\n<p>        &#8211; Jeg vil ikke bli drapsmann<\/p>\n<p>    <\/a><\/p>\n<p>I august skal de ha oppdaget et avtrykk fra et ansikt p\u00e5 vinduet ut mot balkongen.\u00a0<\/p>\n<p>To m\u00e5neder seinere, i oktober, skjedde hendelsen som til n\u00e5 har skremt dem mest.\u00a0<\/p>\n<p>Dattera p\u00e5 15 skal ha v\u00e5knet til at en ukjent mann satt p\u00e5 sengekanten hennes.\u00a0<\/p>\n<p>&#8211; Hun var ganske forvirra &#8211; klokka var 04.\u00a0<\/p>\n<p>Kritiserer politiet\t<\/p>\n<p>Kvarsnes-Olsen opps\u00f8kte politistasjonen i Kristiansand den 15. oktober, siden hun da var sikker p\u00e5 at mannen hadde tatt seg inn i leiligheten flere ganger.\u00a0<\/p>\n<p>Hun sier at de har b\u00e5de videobevis og fingeravtrykk i leiligheten, men opplever likevel ikke \u00e5 bli tatt seri\u00f8st.\u00a0<\/p>\n<p>&#8211; Jeg skal fortsette \u00e5 sende inn bevis, sier\u00a0Kvarsnes-Olsen.\u00a0<\/p>\n<p>N\u00e5 tar hun grep selv. I tillegg til overv\u00e5kningskameraet, skal faren hennes sette opp piggtr\u00e5d rundt balkongen.\u00a0<\/p>\n<p>    <a itemprop=\"url\" href=\"https:\/\/www.dagbladet.no\/nyheter\/sjokkerte-meg\/83784221\" rel=\"nofollow noopener\" target=\"_blank\"><\/p>\n<p>      <img loading=\"lazy\" decoding=\"async\" src=\"https:\/\/www.europesays.com\/no\/wp-content\/uploads\/2025\/11\/1762281733_971_83788793.webp\" width=\"980\" height=\"441\" title=\"- Sjokkerte meg\" alt=\"\" class=\"lazyload\" style=\"--aspect-ratio-image: 2.22; \"\/><\/p>\n<p>        &#8211; Sjokkerte meg<\/p>\n<p>    <\/a><\/p>\n<p>Kvarsnes-Olsen er usikker p\u00e5 hva som er hensikten til mannen. De skal ikke ha opplevd at ting har forsvunnet fra hjemmet.\u00a0<\/p>\n<p>I videoklippet kan du se at familien har latt stuelyset st\u00e5 p\u00e5 den aktuelle natta.\u00a0<\/p>\n<p>&#8211; N\u00e5r man f\u00f8rst klatrer opp til en leilighet, ville jeg ha valgt en som var m\u00f8rk p\u00e5 innsiden. Han virker ikke redd, sier hun.\u00a0<\/p>\n<p>&#8211; Vil etterforske\t<\/p>\n<p>Politiet bekrefter overfor Dagbladet at de har mottatt anmeldelsen og sett en video som viser hendelsen.<\/p>\n<p>If\u00f8lge jourhavende jurist ved Felles straffesaksinntak i Agder politidistrikt, Ole-Martin Paulsen, skal saken etterforskes videre for \u00e5 finne ut hvem som opps\u00f8kte adressen og hvorfor.<\/p>\n<p>&#8211; Politiet mottok 3. november en anmeldelse om hensynsl\u00f8s adferd, der politiet ogs\u00e5 har mottatt en video av hendelsen. Saken er vurdert, og dette er en sak som politiet vil etterforske med m\u00e5l om \u00e5 finne ut hvem som har opps\u00f8kt adressen og bakgrunnen for dette, sier Paulsen.<\/p>\n<p>    <a itemprop=\"url\" href=\"https:\/\/www.dagbladet.no\/nyheter\/forlatt-av-cruiseskip-funnet-dod\/83782752\" rel=\"nofollow noopener\" target=\"_blank\"><\/p>\n<p>      <img loading=\"lazy\" decoding=\"async\" src=\"https:\/\/www.europesays.com\/no\/wp-content\/uploads\/2025\/11\/83782847.webp\" width=\"980\" height=\"441\" title=\"Forlatt av cruiseskip: Funnet d\u00f8d\" alt=\"\" class=\"lazyload\" style=\"--aspect-ratio-image: 2.22; \"\/><\/p>\n<p>        Forlatt av cruiseskip: Funnet d\u00f8d<\/p>\n<p>    <\/a><\/p>\n<p>Han opplyser videre at politiet s\u00e5 langt ikke kjenner til andre lignende hendelser i omr\u00e5det. Samtidig oppfordrer han folk til \u00e5 ta kontakt dersom uvedkommende fors\u00f8ker \u00e5 ta seg inn i private hjem.<\/p>\n<p>Den forn\u00e6rmede familien m\u00f8tte opp ved Kristiansand politistasjon i midten av oktober.<\/p>\n<p>&#8211; Det er leit \u00e5 h\u00f8re at familien har en opplevelse av manglende oppf\u00f8lging og tilstedev\u00e6relse, sier Paulsen.<\/p>\n<p>Han legger til at hva som har skjedd i den f\u00f8rste kontakten med politiet, vil bli en del av den videre oppf\u00f8lgingen av saken.<\/p>\n","protected":false},"excerpt":{"rendered":"Det siste halv\u00e5ret har\u00a0Birgit Kvarsnes-Olsen og d\u00f8trene p\u00e5 15 og 18 \u00e5r opplevd flere ubehagelige hendelser i eget&hellip;\n","protected":false},"author":2,"featured_media":78395,"comment_status":"","ping_status":"","sticky":false,"template":"","format":"standard","meta":{"footnotes":""},"categories":[10],"tags":[20,21,24,25,15,2539,22,23,13,30,28,29,14,16,4005,26,27],"class_list":{"0":"post-78394","1":"post","2":"type-post","3":"status-publish","4":"format-standard","5":"has-post-thumbnail","7":"category-norge","8":"tag-breaking-news","9":"tag-breakingnews","10":"tag-featured-news","11":"tag-featurednews","12":"tag-headlines","13":"tag-innenriks","14":"tag-latest-news","15":"tag-latestnews","16":"tag-news","17":"tag-no","18":"tag-norge","19":"tag-norway","20":"tag-nyheter","21":"tag-overskrifter","22":"tag-some","23":"tag-top-stories","24":"tag-topstories"},"share_on_mastodon":{"url":"https:\/\/pubeurope.com\/@no\/115492902997758022","error":""},"_links":{"self":[{"href":"https:\/\/www.europesays.com\/no\/wp-json\/wp\/v2\/posts\/78394","targetHints":{"allow":["GET"]}}],"collection":[{"href":"https:\/\/www.europesays.com\/no\/wp-json\/wp\/v2\/posts"}],"about":[{"href":"https:\/\/www.europesays.com\/no\/wp-json\/wp\/v2\/types\/post"}],"author":[{"embeddable":true,"href":"https:\/\/www.europesays.com\/no\/wp-json\/wp\/v2\/users\/2"}],"replies":[{"embeddable":true,"href":"https:\/\/www.europesays.com\/no\/wp-json\/wp\/v2\/comments?post=78394"}],"version-history":[{"count":0,"href":"https:\/\/www.europesays.com\/no\/wp-json\/wp\/v2\/posts\/78394\/revisions"}],"wp:featuredmedia":[{"embeddable":true,"href":"https:\/\/www.europesays.com\/no\/wp-json\/wp\/v2\/media\/78395"}],"wp:attachment":[{"href":"https:\/\/www.europesays.com\/no\/wp-json\/wp\/v2\/media?parent=78394"}],"wp:term":[{"taxonomy":"category","embeddable":true,"href":"https:\/\/www.europesays.com\/no\/wp-json\/wp\/v2\/categories?post=78394"},{"taxonomy":"post_tag","embeddable":true,"href":"https:\/\/www.europesays.com\/no\/wp-json\/wp\/v2\/tags?post=78394"}],"curies":[{"name":"wp","href":"https:\/\/api.w.org\/{rel}","templated":true}]}}