{"id":78398,"date":"2025-11-04T18:47:21","date_gmt":"2025-11-04T18:47:21","guid":{"rendered":"https:\/\/www.europesays.com\/no\/78398\/"},"modified":"2025-11-04T18:47:21","modified_gmt":"2025-11-04T18:47:21","slug":"karin-glenmark-dod-karin-glenmark-er-dod","status":"publish","type":"post","link":"https:\/\/www.europesays.com\/no\/78398\/","title":{"rendered":"Karin Glenmark, D\u00f8d | Karin Glenmark er d\u00f8d"},"content":{"rendered":"\n<p>Bak seg hadde Glenmark en mer enn 50 \u00e5r lang musikkarriere der hun blant annet medvirket i det svenske Eurovision-uttaket, Melodifestivalen, fem ganger.<\/p>\n<p>Hun var b\u00e5de soloartist, sang i gruppen Glenmarks og sammen med broren Anders i s\u00f8skenduoen de kalte Gemini.<\/p>\n<p> Likevel forbindes hun aller mest med <a href=\"https:\/\/www.youtube.com\/watch?v=L2f6vjDPl5w&amp;list=OLAK5uy_mjUNThbKV93TaZoicuQn0NbKoGRsP-2U0&amp;index=2\" rel=\"nofollow noopener\" target=\"_blank\">tittelsangen <\/a> til 1987-filmen \u00abMio min Mio\u00bb, en svensk-norsk-sovjetisk innspilling basert p\u00e5 Astrid Lindgrens bok. L\u00e5ten var skrevet av Bj\u00f6rn Ulvaeus og Benny Andersson, og Karin Glenmark fremf\u00f8rte den med Gemini.<\/p>\n<p>Hennes egen siste soloplate ble utgitt i 1996.<\/p>\n<p>(\u00a9NTB)<\/p>\n","protected":false},"excerpt":{"rendered":"Bak seg hadde Glenmark en mer enn 50 \u00e5r lang musikkarriere der hun blant annet medvirket i det&hellip;\n","protected":false},"author":2,"featured_media":3844,"comment_status":"","ping_status":"","sticky":false,"template":"","format":"standard","meta":{"footnotes":""},"categories":[58],"tags":[71,30,28,29,72],"class_list":{"0":"post-78398","1":"post","2":"type-post","3":"status-publish","4":"format-standard","5":"has-post-thumbnail","7":"category-underholdning","8":"tag-entertainment","9":"tag-no","10":"tag-norge","11":"tag-norway","12":"tag-underholdning"},"share_on_mastodon":{"url":"https:\/\/pubeurope.com\/@no\/115492922494665738","error":""},"_links":{"self":[{"href":"https:\/\/www.europesays.com\/no\/wp-json\/wp\/v2\/posts\/78398","targetHints":{"allow":["GET"]}}],"collection":[{"href":"https:\/\/www.europesays.com\/no\/wp-json\/wp\/v2\/posts"}],"about":[{"href":"https:\/\/www.europesays.com\/no\/wp-json\/wp\/v2\/types\/post"}],"author":[{"embeddable":true,"href":"https:\/\/www.europesays.com\/no\/wp-json\/wp\/v2\/users\/2"}],"replies":[{"embeddable":true,"href":"https:\/\/www.europesays.com\/no\/wp-json\/wp\/v2\/comments?post=78398"}],"version-history":[{"count":0,"href":"https:\/\/www.europesays.com\/no\/wp-json\/wp\/v2\/posts\/78398\/revisions"}],"wp:featuredmedia":[{"embeddable":true,"href":"https:\/\/www.europesays.com\/no\/wp-json\/wp\/v2\/media\/3844"}],"wp:attachment":[{"href":"https:\/\/www.europesays.com\/no\/wp-json\/wp\/v2\/media?parent=78398"}],"wp:term":[{"taxonomy":"category","embeddable":true,"href":"https:\/\/www.europesays.com\/no\/wp-json\/wp\/v2\/categories?post=78398"},{"taxonomy":"post_tag","embeddable":true,"href":"https:\/\/www.europesays.com\/no\/wp-json\/wp\/v2\/tags?post=78398"}],"curies":[{"name":"wp","href":"https:\/\/api.w.org\/{rel}","templated":true}]}}