{"id":78399,"date":"2025-11-04T18:50:10","date_gmt":"2025-11-04T18:50:10","guid":{"rendered":"https:\/\/www.europesays.com\/no\/78399\/"},"modified":"2025-11-04T18:50:10","modified_gmt":"2025-11-04T18:50:10","slug":"minst-46-dode-etter-store-oversvommelser-i-fillipinene","status":"publish","type":"post","link":"https:\/\/www.europesays.com\/no\/78399\/","title":{"rendered":"Minst 46 d\u00f8de etter store oversv\u00f8mmelser i Fillipinene"},"content":{"rendered":"\n<p class=\"_lead_o9xde_2 _lead_xtcu6_50 layout-component text-serif-m layout-normal text-serif-l layout-component layout-wide layout-padded _wide_17hqh_1 layout-padded\">Store oversv\u00f8mmelser har f\u00f8rt til evakueringer og omfattende skader i sentrale regioner i landet.<\/p>\n<p><img alt=\"Store skader etter tyfonen Kalmaegi i Talisay City i Cebu-provinsen. Foto: JUANITO ESPINOSA \/ EPA \/ NTB\" class=\"_image_qp4xg_65 layout-component layout-wide\" data-fullscreen- data-track-element-type=\"Article image fullscreen\" data-track-name=\"ImageFullscreen\" fetchpriority=\"high\" decoding=\"sync\" loading=\"eager\" height=\"2560\" itemprop=\"image\"  src=\"https:\/\/www.europesays.com\/no\/wp-content\/uploads\/2025\/11\/e19d84b5-5dee-417d-960d-250520507f38\"  style=\"object-position:0% 0%\" width=\"3840\"\/>Store skader etter tyfonen Kalmaegi i Talisay City i Cebu-provinsen. Foto: JUANITO ESPINOSA \/ EPA \/ NTB<\/p>\n<ul aria-hidden=\"true\" class=\"_images_18f0k_111\">\n<li><a class=\"_link_18f0k_116\" href=\"https:\/\/www.vg.no\/forfatter\/nora-holm-aftret\" style=\"z-index:1\" title=\"Nora Holm Aftret\" rel=\"nofollow noopener\" target=\"_blank\"><img alt=\"Bilde av Nora Holm Aftret\" class=\"_image_18f0k_93\" fetchpriority=\"low\" loading=\"lazy\" decoding=\"async\" itemprop=\"image\"  src=\"https:\/\/www.europesays.com\/no\/wp-content\/uploads\/2025\/11\/f305139e-f923-41c4-8052-e05527fc0152\"  width=\"480\"\/><\/a><\/li>\n<\/ul>\n<p> Oppdatert tirsdag 4. november kl. 19:28     <\/p>\n<p class=\"_paragraph_o9xde_4 _paragraph_xtcu6_10 layout-component text-serif-m layout-normal text-serif-m layout-padded\"><a href=\"https:\/\/www.vg.no\/nyheter\/i\/Ey0Wyo\/minst-to-doede-etter-tyfon-paa-filippinene\" data-track-element-type=\"Link\" data-track-id=\"link:Ey0Wyo\" class=\"_link_o9xde_39\" rel=\"nofollow noopener\" target=\"_blank\">Tyfonen Kalmaegi <\/a>traff \u00f8ygrupper \u00f8ygrupper Tyfonen traff \u00f8ygruppene Visayas og deler av \u00f8ygruppene Luzon og Mindanao, if\u00f8lge Al Jazeera. i sentrale <a href=\"https:\/\/www.vg.no\/tag\/filippinene?utm_source=vg-article&amp;utm_medium=auto-tagger&amp;utm_campaign=QMpx0Q\" class=\"_link_o9xde_39\" rel=\"nofollow noopener\" target=\"_blank\">Filippinene<\/a> like f\u00f8r natt til tirsdag. <\/p>\n<p class=\"_paragraph_o9xde_4 _paragraph_xtcu6_10 layout-component text-serif-m layout-normal text-serif-m layout-padded\">46 personer har mistet livet, opplyste Reuters tirsdag ettermiddag.<\/p>\n<p class=\"_paragraph_o9xde_4 _paragraph_xtcu6_10 layout-component text-serif-m layout-normal text-serif-m layout-padded\">Det inkluderer seks personer som d\u00f8de da et milit\u00e6rhelikopter som skulle frakte n\u00f8dhjelp til rammede provinser, krasjet. <\/p>\n<p class=\"_paragraph_o9xde_4 _paragraph_xtcu6_10 layout-component text-serif-m layout-normal text-serif-m layout-padded\">Det filippinske mediebyr\u00e5et <a href=\"https:\/\/www.abs-cbn.com\/news\/regions\/2025\/11\/4\/at-least-5-dead-thousands-stranded-in-central-philippines-due-to-tino-1535\" class=\"_link_o9xde_39\" rel=\"nofollow noopener\" target=\"_blank\">ABS-CBN<\/a> melder at d\u00f8dstallet ligger p\u00e5 48 personer.<\/p>\n<p><img alt=\"Innbyggere i Cebu-provinsen evakuerer fra hjemmene sine som f\u00f8lge av tyfonen Kalmaegi.   Foto: ALAN TANGCAWAN \/ AFP \/ NTB\" class=\"_image_qp4xg_65 layout-component layout-normal\" data-fullscreen- data-track-element-type=\"Article image fullscreen\" data-track-name=\"ImageFullscreen\" decoding=\"async\" loading=\"lazy\" height=\"3264\" itemprop=\"image\"  src=\"https:\/\/www.europesays.com\/no\/wp-content\/uploads\/2025\/11\/18e92251-bae2-4fc4-b6b0-d13e6eddbf82\"  style=\"object-position:0% 0%\" width=\"4896\"\/>Innbyggere i Cebu-provinsen evakuerer fra hjemmene sine som f\u00f8lge av tyfonen Kalmaegi.   Foto: ALAN TANGCAWAN \/ AFP \/ NTB<img alt=\"Tyfonen, som lokalt kalles Tino, har skapt store \u00f8deleggelser sentralt p\u00e5 Filippinene.  Foto: ALAN TANGCAWAN \/ AFP \/ NTB\" class=\"_image_qp4xg_65 layout-component layout-normal\" data-fullscreen- data-track-element-type=\"Article image fullscreen\" data-track-name=\"ImageFullscreen\" decoding=\"async\" loading=\"lazy\" height=\"3264\" itemprop=\"image\"  src=\"https:\/\/www.europesays.com\/no\/wp-content\/uploads\/2025\/11\/372c3254-0bbf-407b-9385-f10430f5e230\"  style=\"object-position:0% 0%\" width=\"4896\"\/>Tyfonen, som lokalt kalles Tino, har skapt store \u00f8deleggelser sentralt p\u00e5 Filippinene.  Foto: ALAN TANGCAWAN \/ AFP \/ NTB 183 millimeter regn<\/p>\n<p class=\"_paragraph_o9xde_4 _paragraph_xtcu6_10 layout-component text-serif-m layout-normal text-serif-m layout-padded\">Hundretusenvis er evakuert og folk s\u00f8kte tilflukt p\u00e5 hustak og opp\u00e5 biler i oversv\u00f8mte gater, if\u00f8lge <a href=\"https:\/\/www.aljazeera.com\/news\/2025\/11\/4\/two-dead-as-typhoon-kalmaegi-brings-massive-flooding-in-central\" class=\"_link_o9xde_39\" rel=\"nofollow noopener\" target=\"_blank\">Al Jazeera<\/a>. <\/p>\n<p class=\"_paragraph_o9xde_4 _paragraph_xtcu6_10 layout-component text-serif-m layout-normal text-serif-m layout-padded\">Det lokale nyhetsnettstedet <a href=\"https:\/\/newsinfo.inquirer.net\/2134261\/typhoon-tino-flooding-kills-26-strands-thousands-in-philippines\" class=\"_link_o9xde_39\" rel=\"nofollow noopener\" target=\"_blank\">Inquirer <\/a>skriver at \u00f8deleggelsene er store i flere byer p\u00e5 \u00f8ya Cebu, og at det i l\u00f8pet av de siste 24 timene f\u00f8r Kalmaegi gjorde sitt inntog, kom hele 183 millimeter med regn i Cebu by.<\/p>\n<p class=\"_paragraph_o9xde_4 _paragraph_xtcu6_10 layout-component text-serif-m layout-normal text-serif-m layout-padded\">I videoer verifisert av AFP, kan man se biler, lastebiler og store varecontainere flyte nedover gj\u00f8rmete vannmasser i gatene. <\/p>\n<p class=\"_root_1xq52_1\" lang=\"en\" dir=\"auto\">VIDEO: \ud83c\uddf5\ud83c\udded At least 40 killed, hundreds of thousands displaced by typhoon flooding in Philippines<\/p>\n<p>Entire towns on the island of Cebu have been inundated by rains driven by Typhoon Kalmaegi, while cars, trucks and even shipping containers could be seen being swept along <\/p>\n<p class=\"_paragraph_o9xde_4 _paragraph_xtcu6_10 layout-component text-serif-m layout-normal text-serif-m layout-padded\">Den filippinske v\u00e6rmeldertjenesten PAGASA opplyser tirsdag ettermiddag at tyfonen, som lokalt omtales som Tino, n\u00e5 er noe i svekket i styrke og at den er p\u00e5 vei mot nordre del av \u00f8ya Palawan.<\/p>\n<p class=\"_root_1xq52_1\" lang=\"en\" dir=\"auto\">TROPICAL CYCLONE BULLETIN NR. 18<br \/>\nTyphoon <a href=\"https:\/\/x.com\/hashtag\/TinoPH\" class=\"_root_eihfa_1\" target=\"_blank\" rel=\"noopener noreferrer nofollow\">#TinoPH<\/a> (KALMAEGI)<br \/>\nIssued at 11:00 PM, 04 November 2025<br \/>\nValid for broadcast until the next bulletin at 2:00 AM tomorrow.<\/p>\n<p>\u201cTINO\u201d SLIGHTLY WEAKENS AS IT APPROACHES NORTHERN PALAWAN.<\/p>\n<p>Link: <a href=\"http:\/\/tinyurl.com\/TCB-TinoPH\" class=\"_root_eihfa_1\" target=\"_blank\" rel=\"noopener noreferrer nofollow\">tinyurl.com\/TCB-TinoPH<\/a><\/p>\n<p class=\"_paragraph_o9xde_4 _paragraph_xtcu6_10 layout-component text-serif-m layout-normal text-serif-m layout-padded\">Men tyfonen bringer fremdeles med seg mye vind, kraftige regnbyger og oversv\u00f8mmelser ved kysten, opplyser den lokale nyhetskanalen <a href=\"https:\/\/ibctv13.com\/marcos-orders-swift-aid-response-for-typhoon-tino-victims\/\" class=\"_link_o9xde_39\" rel=\"nofollow noopener\" target=\"_blank\">IBC<\/a>.<\/p>\n<p><img alt=\"Store oversv\u00f8mmelser i Cebu City p\u00e5 Filippinene.  Foto: Jacqueline Hernandez \/ AP \/ NTB\" class=\"_image_qp4xg_65 layout-component layout-normal\" data-fullscreen- data-track-element-type=\"Article image fullscreen\" data-track-name=\"ImageFullscreen\" decoding=\"async\" loading=\"lazy\" height=\"1152\" itemprop=\"image\"  src=\"https:\/\/www.europesays.com\/no\/wp-content\/uploads\/2025\/11\/e019d59e-b012-4f30-9c80-b3bbb3d18b6a\"  style=\"object-position:0% 0%\" width=\"1728\"\/>Store oversv\u00f8mmelser i Cebu City p\u00e5 Filippinene.  Foto: Jacqueline Hernandez \/ AP \/ NTB<img alt=\"Biler i oversv\u00f8mmede gater i Cebu, Filippinene.  Foto: Jacqueline Hernandez \/ AP \/ NTB\" class=\"_image_qp4xg_65 layout-component layout-normal\" data-fullscreen- data-track-element-type=\"Article image fullscreen\" data-track-name=\"ImageFullscreen\" decoding=\"async\" loading=\"lazy\" height=\"1152\" itemprop=\"image\"  src=\"https:\/\/www.europesays.com\/no\/wp-content\/uploads\/2025\/11\/693db70a-226c-44fb-8ddc-4f9490d9f903\"  style=\"object-position:0% 0%\" width=\"2048\"\/>Biler i oversv\u00f8mmede gater i Cebu, Filippinene.  Foto: Jacqueline Hernandez \/ AP \/ NTB 20 tyfoner og stormer hvert \u00e5r<\/p>\n<p class=\"_paragraph_o9xde_4 _paragraph_xtcu6_10 layout-component text-serif-m layout-normal text-serif-m layout-padded\">\u00d8ystaten Filippinene rammes av i gjennomsnitt 20 stormer og tyfoner hvert \u00e5r, opplyser Inquirer.<\/p>\n<p class=\"_paragraph_o9xde_4 _paragraph_xtcu6_10 layout-component text-serif-m layout-normal text-serif-m layout-padded\">Det p\u00e5virker flere omr\u00e5der der millioner lever i fattigdom.<\/p>\n<p class=\"_paragraph_o9xde_4 _paragraph_xtcu6_10 layout-component text-serif-m layout-normal text-serif-m layout-padded\">I september f\u00f8rte<a href=\"https:\/\/www.vg.no\/nyheter\/i\/alg8A7\/den-kraftige-tyfonen-ragasa-har-foert-til-store-skader-i-filippinene-taiwan-og-kina\" data-track-element-type=\"Link\" data-track-id=\"link:alg8A7\" class=\"_link_o9xde_39\" rel=\"nofollow noopener\" target=\"_blank\"> tyfonen Ragasa<\/a> til store skader i Filippinene, Taiwan og Kina.<\/p>\n<p class=\"_paragraph_o9xde_4 _paragraph_xtcu6_10 layout-component text-serif-m layout-normal text-serif-m layout-padded\">Minst tre til fem stormer kan forventes innen utgangen av desember, forteller v\u00e6rspesialist Charmagne Varilla til AFP. <\/p>\n<p class=\"_paragraph_o9xde_4 _paragraph_xtcu6_10 layout-component text-serif-m layout-normal text-serif-m layout-padded\">President Ferdinand R. Marcos Jr i Filippinene <a href=\"https:\/\/ibctv13.com\/marcos-orders-swift-aid-response-for-typhoon-tino-victims\/\" class=\"_link_o9xde_39\" rel=\"nofollow noopener\" target=\"_blank\">uttalte tirsdag at myndighetene m\u00e5 opprettholde n\u00f8dhjelpsarbeidet<\/a> og fremskynde gjenoppbygningen av lokalsamfunn rammet av Kalmaegi.<\/p>\n","protected":false},"excerpt":{"rendered":"Store oversv\u00f8mmelser har f\u00f8rt til evakueringer og omfattende skader i sentrale regioner i landet. Store skader etter tyfonen&hellip;\n","protected":false},"author":2,"featured_media":78400,"comment_status":"","ping_status":"","sticky":false,"template":"","format":"standard","meta":{"footnotes":""},"categories":[12],"tags":[20,21,24,25,6678,15,22,23,13,30,28,29,14,16,1191,26,27,3152,553,42,43,44,45],"class_list":{"0":"post-78399","1":"post","2":"type-post","3":"status-publish","4":"format-standard","5":"has-post-thumbnail","7":"category-verden","8":"tag-breaking-news","9":"tag-breakingnews","10":"tag-featured-news","11":"tag-featurednews","12":"tag-filippinene","13":"tag-headlines","14":"tag-latest-news","15":"tag-latestnews","16":"tag-news","17":"tag-no","18":"tag-norge","19":"tag-norway","20":"tag-nyheter","21":"tag-overskrifter","22":"tag-oversvommelse","23":"tag-top-stories","24":"tag-topstories","25":"tag-tyfon","26":"tag-vaer","27":"tag-verden","28":"tag-world","29":"tag-world-news","30":"tag-worldnews"},"share_on_mastodon":{"url":"https:\/\/pubeurope.com\/@no\/115492934569790803","error":""},"_links":{"self":[{"href":"https:\/\/www.europesays.com\/no\/wp-json\/wp\/v2\/posts\/78399","targetHints":{"allow":["GET"]}}],"collection":[{"href":"https:\/\/www.europesays.com\/no\/wp-json\/wp\/v2\/posts"}],"about":[{"href":"https:\/\/www.europesays.com\/no\/wp-json\/wp\/v2\/types\/post"}],"author":[{"embeddable":true,"href":"https:\/\/www.europesays.com\/no\/wp-json\/wp\/v2\/users\/2"}],"replies":[{"embeddable":true,"href":"https:\/\/www.europesays.com\/no\/wp-json\/wp\/v2\/comments?post=78399"}],"version-history":[{"count":0,"href":"https:\/\/www.europesays.com\/no\/wp-json\/wp\/v2\/posts\/78399\/revisions"}],"wp:featuredmedia":[{"embeddable":true,"href":"https:\/\/www.europesays.com\/no\/wp-json\/wp\/v2\/media\/78400"}],"wp:attachment":[{"href":"https:\/\/www.europesays.com\/no\/wp-json\/wp\/v2\/media?parent=78399"}],"wp:term":[{"taxonomy":"category","embeddable":true,"href":"https:\/\/www.europesays.com\/no\/wp-json\/wp\/v2\/categories?post=78399"},{"taxonomy":"post_tag","embeddable":true,"href":"https:\/\/www.europesays.com\/no\/wp-json\/wp\/v2\/tags?post=78399"}],"curies":[{"name":"wp","href":"https:\/\/api.w.org\/{rel}","templated":true}]}}