{"id":78517,"date":"2025-11-04T21:19:10","date_gmt":"2025-11-04T21:19:10","guid":{"rendered":"https:\/\/www.europesays.com\/no\/78517\/"},"modified":"2025-11-04T21:19:10","modified_gmt":"2025-11-04T21:19:10","slug":"det-er-noe-storre-pa-gang","status":"publish","type":"post","link":"https:\/\/www.europesays.com\/no\/78517\/","title":{"rendered":"\u2013 Det er noe st\u00f8rre p\u00e5 gang"},"content":{"rendered":"\n<ul class=\"_list_o9xde_3 _list_64s2r_85 _unordered_o9xde_106 text-sans-m\">\n<li class=\"_item_o9xde_30\">Belgia stengte luftrommet etter droneobservasjoner ved Brussel og Li\u00e8ge lufthavn, tirsdag kveld.<\/li>\n<li class=\"_item_o9xde_30\">Flytrafikken ble gjenopptatt en kort periode, f\u00f8r det ble stengt igjen rett f\u00f8r klokken 22.00.<\/li>\n<li class=\"_item_o9xde_30\">Droner ble ogs\u00e5 sett n\u00e6r milit\u00e6rbasen Kleine-Brogel.<\/li>\n<li class=\"_item_o9xde_30\">Forsvarsminister Theo Francken bekrefter tiltak etter dronehendelsene.<\/li>\n<\/ul>\n<p>Vis mer <\/p>\n<p class=\"_paragraph_o9xde_4 _paragraph_xtcu6_10 layout-component text-serif-m layout-normal text-serif-m layout-padded\">Tirsdag kveld ble Brussel hovedflyplass, Zaventem, midlertidig stengt etter at en drone ble observert i omr\u00e5det. Flere fly m\u00e5tte vente i luften, og politiet har iverksatt etterforskning.<\/p>\n<p class=\"_paragraph_o9xde_4 _paragraph_xtcu6_10 layout-component text-serif-m layout-normal text-serif-m layout-padded\"><strong class=\"_strong_o9xde_25\">Den belgiske lufttrafikktjenesten Skeyes meldte tirsdag kveld at hele luftrommet over Belgia er stengt som f\u00f8lge av situasjonen. Luftrommet ble senere \u00e5pnet igjen. <\/strong><\/p>\n<ul class=\"_list_o9xde_3 _list_xtcu6_9 _unordered_o9xde_106 layout-component text-serif-m layout-normal text-serif-m layout-padded\">\n<li class=\"_item_o9xde_30\">Klokken 21.50 melder belgiske medier, <a href=\"https:\/\/www.hln.be\/nieuws\/vliegverkeer-op-brussels-airport-weer-stilgelegd-na-dronemelding-ook-opnieuw-drones-gespot-boven-kleine-brogel-en-florennes~a33d096f7\/\" class=\"_link_o9xde_39\" rel=\"nofollow noopener\" target=\"_blank\">HLN <\/a>og <a href=\"https:\/\/www.demorgen.be\/snelnieuws\/live-luchtverkeer-op-brussels-airport-hervat-na-dronemelding-francken-er-is-precies-iets-groter-aan-de-hand~b6b1f6fa\/\" class=\"_link_o9xde_39\" rel=\"nofollow noopener\" target=\"_blank\">De Morgen<\/a>, igjen at flytrafikken er stoppet opp p\u00e5 Brussel lufthavn.<\/li>\n<li class=\"_item_o9xde_30\">Det etter at nok en drone skal v\u00e6re observert. Det er Skeyes, flytrafikkmyndighetene i Belgia, som bekrefter dette overfor HLN.<\/li>\n<li class=\"_item_o9xde_30\">Det har ogs\u00e5 v\u00e6rt nye observasjoner av droner over milit\u00e6rbasen Kleine-Brogel og den milit\u00e6re luftbasen Florennes, skriver HLN.<\/li>\n<\/ul>\n<p> Flere rapporteringer om droner<\/p>\n<p class=\"_paragraph_o9xde_4 _paragraph_xtcu6_10 layout-component text-serif-m layout-normal text-serif-m layout-padded\">Som f\u00f8lge av observasjonene, ble det kaos og flere omdirigerte flyginger tirsdag kveld: Et fly fra Berlin ble sendt til K\u00f6ln, et fra London til Oostende, et fra Wien til Charleroi, og et fra M\u00e1laga til Lille, skriver <a href=\"https:\/\/www.hln.be\/nieuws\/luchtruim-brussels-airport-weer-vrij-na-dronemelding-ook-opnieuw-drones-gespot-boven-kleine-brogel-en-florennes~a33d096f7\/\" class=\"_link_o9xde_39\" rel=\"nofollow noopener\" target=\"_blank\">HLN<\/a>. <\/p>\n<p class=\"_paragraph_o9xde_4 _paragraph_xtcu6_10 layout-component text-serif-m layout-normal text-serif-m layout-padded\">Ogs\u00e5 flyplassen i Li\u00e8ge ble stengt etter en lignende droneobservasjon, melder nyhetsbyr\u00e5et Reuters. <\/p>\n<p class=\"_paragraph_o9xde_4 _paragraph_xtcu6_10 layout-component text-serif-m layout-normal text-serif-m layout-padded\"><strong class=\"_strong_o9xde_25\">Flytrafikken ble gjenopptatt ved b\u00e5de Brussel og Li\u00e8ge tirsdag kveld. Brussel lufthavn bekreftet klokken 21.24 at luftrommet var fritt for droner.<\/strong><\/p>\n<p class=\"_paragraph_o9xde_4 _paragraph_xtcu6_10 layout-component text-serif-m layout-normal text-serif-m layout-padded\">De siste dagene har det blitt rapportert om droneaktivitet n\u00e6r den milit\u00e6re flybasen Kleine-Brogel i Limburg-provinsen. Mindre enn et d\u00f8gn senere kom det inn en ny melding om droner i de samme omr\u00e5dene<\/p>\n<p><img alt=\"Folk ser p\u00e5 ankomsttavlen med meldinger om kansellerte og forsinkede flyvninger p\u00e5 Zaventem flyplass utenfor Brussel, etter at en rapportert droneobservasjon f\u00f8rte til kanselleringer.   Foto: EMILE WINDAL \/ AFP \/ NTB\" class=\"_image_qp4xg_65 layout-component layout-normal\" data-fullscreen- data-track-element-type=\"Article image fullscreen\" data-track-name=\"ImageFullscreen\" decoding=\"async\" loading=\"lazy\" height=\"3710\" itemprop=\"image\"  src=\"https:\/\/www.europesays.com\/no\/wp-content\/uploads\/2025\/11\/5ade1401-4fc3-4ce3-95f2-98e264b07bee\"  style=\"object-position:0% 0%\" width=\"5565\"\/>Folk ser p\u00e5 ankomsttavlen med meldinger om kansellerte og forsinkede flyvninger p\u00e5 Zaventem flyplass utenfor Brussel, etter at en rapportert droneobservasjon f\u00f8rte til kanselleringer.   Foto: EMILE WINDAL \/ AFP \/ NTB\u2013 Det er jo litt skummelt<\/p>\n<p class=\"_paragraph_o9xde_4 _paragraph_xtcu6_10 layout-component text-serif-m layout-normal text-serif-m layout-padded\">VG snakker med Helene Tr\u00e5savik fra Egersund, som skal reise til Ghent p\u00e5 jobbreise. Byen ligger en time med tog utenfor Brussel.<\/p>\n<p class=\"_paragraph_o9xde_4 _paragraph_xtcu6_10 layout-component text-serif-m layout-normal text-serif-m layout-padded\">\u2013 Vi kom inn mot Brussel og begynner \u00e5 merke at flyet sirkulerer i luftrommet i en god periode f\u00f8r vi fikk beskjed fra kapteinen at dette dro ut fordi vi ikke fikk lande grunnet droner. Beskjeden fikk vi mens vi var i luften, forteller Tr\u00e5savik til VG.<\/p>\n<p class=\"_paragraph_o9xde_4 _paragraph_xtcu6_10 layout-component text-serif-m layout-normal text-serif-m layout-padded\">Etter beskjeden sirkulerte flyet i cirka 10\u201315 minutter til, f\u00f8r det ble avgjort at det ikke fikk lande og m\u00e5tte dra til Charleroi, en annen flyplass utenfor Brussel.<\/p>\n<p class=\"_paragraph_o9xde_4 _paragraph_xtcu6_10 layout-component text-serif-m layout-normal text-serif-m layout-padded\">\u2013 Det er jo litt skummelt n\u00e5r det er snakk om droner, men det var en rolig situasjon.<\/p>\n<p class=\"_paragraph_o9xde_4 _paragraph_xtcu6_10 layout-component text-serif-m layout-normal text-serif-m layout-padded\">Hun observerte at flere fly sirkulerte rundt samtidig som hennes fly.<\/p>\n<p class=\"_paragraph_o9xde_4 _paragraph_xtcu6_10 layout-component text-serif-m layout-normal text-serif-m layout-padded\">N\u00e5 m\u00e5 Tr\u00e5savik ta en buss til Brussel, f\u00f8r hun tar et tog videre til Ghent.<\/p>\n<p class=\"_paragraph_o9xde_4 _paragraph_xtcu6_10 layout-component text-serif-m layout-normal text-serif-m layout-padded\">\u2013 Jeg vet ikke om jeg kommer frem i kveld, kanskje jeg m\u00e5 sjekke inn p\u00e5 et hotell.<\/p>\n<p class=\"_paragraph_o9xde_4 _paragraph_xtcu6_10 layout-component text-serif-m layout-normal text-serif-m layout-padded\">De nye observasjonene blir alts\u00e5 den tredje observasjonen av droner siden l\u00f8rdag.<\/p>\n<p class=\"_paragraph_o9xde_4 _paragraph_xtcu6_10 layout-component text-serif-m layout-normal text-serif-m layout-padded\">\u00abDet er strengt forbudt \u00e5 fly droner over milit\u00e6re omr\u00e5der. Forsvaret m\u00e5 gj\u00f8re alt som st\u00e5r i dets makt for \u00e5 skyte dem ned\u00bb, uttalte forsvarsminister Theo Francken l\u00f8rdag ettermiddag p\u00e5 X. <\/p>\n<p class=\"_root_1xq52_1\" lang=\"nl\" dir=\"auto\">Afgelopen nacht drie meldingen van drones boven Kleine Brogel, groter type op grotere hoogte. Geen gewone overvlucht maar duidelijke opdracht met Kleine Brogel als onderwerp. <\/p>\n<p>Dronegunjammer afgevuurd, bleek niet effectief (afstand? radiofrequentie?). Politieheli en -combi\u2019s<\/p>\n<p class=\"_paragraph_o9xde_4 _paragraph_xtcu6_10 layout-component text-serif-m layout-normal text-serif-m layout-padded\">Innbyggere i byen Peer, som ligger i n\u00e6rheten av milit\u00e6rbasen Kleine-Brogel, rapporterte \u00e5 ha sett opptil seks droner. Politiet bekreftet to separate droneobservasjoner over basen, if\u00f8lge avisen HLN. <\/p>\n<p class=\"_paragraph_o9xde_4 _paragraph_xtcu6_10 layout-component text-serif-m layout-normal text-serif-m layout-padded\">B\u00e5de <a href=\"https:\/\/www.hln.be\/peer\/alweer-drones-boven-limburgse-luchtmachtbasis-kleine-brogel-buurtbewoners-melden-tot-zes-toestellen-politie-stellen-er-twee-vast~a6b1f6fa\/?fbclid=IwY2xjawN3MptleHRuA2FlbQIxMQBicmlkETFrTlphclVJUFFCSDExd2pUAR6nD05-xDgft3IRc6ugREVjEKLGcuHTd9Q0qmtlIHx3IyLV-1ef_FLP08ssMA_aem_8E3aMfC24GsGqnao78G7Gw&amp;slug_rd=1\" class=\"_link_o9xde_39\" rel=\"nofollow noopener\" target=\"_blank\">HLN <\/a>og <a href=\"https:\/\/www.dhnet.be\/actu\/belgique\/2025\/11\/04\/que-se-passe-t-il-ce-mardi-soir-a-brussels-airport-laeroport-est-ferme-suite-a-un-signalement-de-drone-QK3HUMTN5JH6BOWFJZUYFDHTZU\/\" class=\"_link_o9xde_39\" rel=\"nofollow noopener\" target=\"_blank\">DH Net<\/a> skriver at Peers ordf\u00f8rer, Steven Mathe\u00ef (CD &amp; V), har bekreftet hendelsene.<\/p>\n<p>  \u2013 Dette er ikke noe nytt<\/p>\n<p class=\"_paragraph_o9xde_4 _paragraph_xtcu6_10 layout-component text-serif-m layout-normal text-serif-m layout-padded\">Tidligere tirsdag kveld var forsvarsminister Theo Francken i Belgia gjest p\u00e5 det belgiske aktualitetsprogrammet \u00abDe Tafel van Tine\u00bb, skriver belgiske <a href=\"https:\/\/www.demorgen.be\/snelnieuws\/live-vliegverkeer-op-brussels-airport-stilgelegd-na-dronemelding-ook-luchthaven-luik-gesloten~b6b1f6fa\/\" class=\"_link_o9xde_39\" rel=\"nofollow noopener\" target=\"_blank\">De Morgen<\/a>.<\/p>\n<p class=\"_paragraph_o9xde_4 _paragraph_xtcu6_10 layout-component text-serif-m layout-normal text-serif-m layout-padded\">Han ble kalt bort fra studio etter dronehendelsen p\u00e5 Brussel lufthavn.<\/p>\n<p><img alt=\"Reisende venter i en tom avgangshall p\u00e5 Zaventem mens flytrafikken er innstilt tirsdag kveld.  Foto: EMILE WINDAL \/ AFP \/ NTB\" class=\"_image_qp4xg_65 layout-component layout-normal\" data-fullscreen- data-track-element-type=\"Article image fullscreen\" data-track-name=\"ImageFullscreen\" decoding=\"async\" loading=\"lazy\" height=\"4024\" itemprop=\"image\"  src=\"https:\/\/www.europesays.com\/no\/wp-content\/uploads\/2025\/11\/25a52156-35d8-46b8-8890-6e30e67b1877\"  style=\"object-position:31.944444444444443% 63.85437375745527%\" width=\"6048\"\/>Reisende venter i en tom avgangshall p\u00e5 Zaventem mens flytrafikken er innstilt tirsdag kveld.  Foto: EMILE WINDAL \/ AFP \/ NTB<\/p>\n<p class=\"_paragraph_o9xde_4 _paragraph_xtcu6_10 layout-component text-serif-m layout-normal text-serif-m layout-padded\">Det er standard prosedyre at luftrommet stenges n\u00e5r politiet observerer en drone, da det kan sette sivil luftfart i fare, uttalte Francken senere, som en respons p\u00e5 hendelsen.<\/p>\n<p class=\"_paragraph_o9xde_4 _paragraph_xtcu6_10 layout-component text-serif-m layout-normal text-serif-m layout-padded\">\u2013 Dette er ikke noe nytt. Vi har sett det p\u00e5 mange europeiske flyplasser. Det er standardprosedyre, for hvis en drone havner i en motor, kan det bli en forferdelig katastrofe, sa han.<\/p>\n<p class=\"_paragraph_o9xde_4 _paragraph_xtcu6_10 layout-component text-serif-m layout-normal text-serif-m layout-padded\"><strong class=\"_strong_o9xde_25\">Francken omtalte det hele som et \u00abf\u00f8re-var-prinsipp\u00bb.<\/strong><\/p>\n<p><img alt=\"Forsvarsminister Theo Francken.  Foto: Tom Little \/ Reuters \/ NTB\" class=\"_image_qp4xg_65 layout-component layout-normal\" data-fullscreen- data-track-element-type=\"Article image fullscreen\" data-track-name=\"ImageFullscreen\" decoding=\"async\" loading=\"lazy\" height=\"4805\" itemprop=\"image\"  src=\"https:\/\/www.europesays.com\/no\/wp-content\/uploads\/2025\/11\/d619e6d1-8b14-42ec-a8a2-9716a907ec38\"  style=\"object-position:0% 0%\" width=\"7007\"\/>Forsvarsminister Theo Francken.  Foto: Tom Little \/ Reuters \/ NTB<\/p>\n<p class=\"_paragraph_o9xde_4 _paragraph_xtcu6_10 layout-component text-serif-m layout-normal text-serif-m layout-padded\">Han sa ogs\u00e5 at det er observert droner p\u00e5 flere flyplasser i kveld, deriblant ved milit\u00e6rbasen Kleine-Brogel og den milit\u00e6re luftbasen Florennes. <\/p>\n<p class=\"_paragraph_o9xde_4 _paragraph_xtcu6_10 layout-component text-serif-m layout-normal text-serif-m layout-padded\"><strong class=\"_strong_o9xde_25\">\u2013 Det er noe st\u00f8rre p\u00e5 gang, sier forsvarsministeren.<\/strong><\/p>\n<p class=\"_paragraph_o9xde_4 _paragraph_xtcu6_10 layout-component text-serif-m layout-normal text-serif-m layout-padded\">Francken indikerte s\u00e5 at han ville forlate sendingen. Han opplyste ogs\u00e5 \u00e5 ha ringt statsminister Bart De Wever, skriver De Morgen. <\/p>\n<p>Aktiver kart<\/p>\n<p class=\"_paragraph_o9xde_4 _paragraph_xtcu6_10 layout-component text-serif-m layout-normal text-serif-m layout-padded\">Gjentatte krenkelser av luftrommet over den strategisk viktige flybasen skaper uro. Borgermester Steven Mathe\u00ef har tidligere uttrykt bekymring over den ustabile geopolitiske situasjonen og etterlyst \u00f8kt \u00e5rv\u00e5kenhet.<\/p>\n<p> Uttalelse om EU-utvidelse<\/p>\n<p class=\"_paragraph_o9xde_4 _paragraph_xtcu6_10 layout-component text-serif-m layout-normal text-serif-m layout-padded\">Observasjonene av droner skjer samme dag som <a href=\"https:\/\/ec.europa.eu\/commission\/presscorner\/detail\/en\/ip_25_2584\" class=\"_link_o9xde_39\" rel=\"nofollow noopener\" target=\"_blank\">EU-kommisjonen med hovedbase i Brussel kom med ny status<\/a> p\u00e5 at Ukraina og flere andre \u00f8steuropeiske land n\u00e6rmer seg medlemskap i <a href=\"https:\/\/www.vg.no\/tag\/eu?utm_source=vg-article&amp;utm_medium=auto-tagger&amp;utm_campaign=3ML6LP\" class=\"_link_o9xde_39\" rel=\"nofollow noopener\" target=\"_blank\">EU<\/a>. <\/p>\n<p class=\"_paragraph_o9xde_4 _paragraph_xtcu6_10 layout-component text-serif-m layout-normal text-serif-m layout-padded\">Ursula von der Leyen, president i Europakommisjonen sier EU mer enn noensinne er forpliktet til \u00e5 gj\u00f8re EU-utvidelsen til en realitet.<\/p>\n<p class=\"_paragraph_o9xde_4 _paragraph_xtcu6_10 layout-component text-serif-m layout-normal text-serif-m layout-padded\">\u2013 Fordi en st\u00f8rre union betyr et sterkere og mer innflytelsesrikt Europa p\u00e5 den globale scenen, sa presidenten i Europakommisjonen.<\/p>\n<p class=\"_paragraph_o9xde_4 _paragraph_xtcu6_10 layout-component text-serif-m layout-normal text-serif-m layout-padded\">Brussel-baserte EU er den st\u00f8rste investoren i Ukrainas forsvarsindustri. EU og medlemsstatene har mobilisert 63,2 milliarder euro i milit\u00e6r st\u00f8tte til Ukraina, if\u00f8lge EU-kommisjonen.<\/p>\n<p class=\"_paragraph_o9xde_4 _paragraph_xtcu6_10 layout-component text-serif-m layout-normal text-serif-m layout-padded\">Det er ikke p\u00e5vist noen sammenheng mellom droneobservasjonene og dagens statusmelding om at Ukraina og andre \u00f8st-europeiske nasjoner n\u00e6rmer seg EU-medlemskap.<\/p>\n<p>    <img decoding=\"async\" alt=\"Tips oss illustrasjon\" src=\"https:\/\/www.europesays.com\/no\/wp-content\/uploads\/2025\/10\/pssst-small.webp.webp\"\/>    <\/p>\n<p class=\"title-serif-s\">Har du tips?<\/p>\n<p class=\"text-sans-m\">Send oss informasjon, bilder eller video.<\/p>\n<p>  <a href=\"https:\/\/www.vg.no\/tips-oss\" rel=\"nofollow noopener\" target=\"_blank\"> Tips oss <\/a>      <\/p>\n","protected":false},"excerpt":{"rendered":"Belgia stengte luftrommet etter droneobservasjoner ved Brussel og Li\u00e8ge lufthavn, tirsdag kveld. Flytrafikken ble gjenopptatt en kort periode,&hellip;\n","protected":false},"author":2,"featured_media":78518,"comment_status":"","ping_status":"","sticky":false,"template":"","format":"standard","meta":{"footnotes":""},"categories":[5],"tags":[31,20,21,6847,279,24,25,6693,15,19,22,23,17,18,13,30,28,29,14,16,26,27],"class_list":{"0":"post-78517","1":"post","2":"type-post","3":"status-publish","4":"format-standard","5":"has-post-thumbnail","7":"category-overskrifter","8":"tag-breaking","9":"tag-breaking-news","10":"tag-breakingnews","11":"tag-droneobservasjoner","12":"tag-eu","13":"tag-featured-news","14":"tag-featurednews","15":"tag-flytrafikk","16":"tag-headlines","17":"tag-hovedoppslag","18":"tag-latest-news","19":"tag-latestnews","20":"tag-main-news","21":"tag-mainnews","22":"tag-news","23":"tag-no","24":"tag-norge","25":"tag-norway","26":"tag-nyheter","27":"tag-overskrifter","28":"tag-top-stories","29":"tag-topstories"},"share_on_mastodon":{"url":"https:\/\/pubeurope.com\/@no\/115493520421774615","error":""},"_links":{"self":[{"href":"https:\/\/www.europesays.com\/no\/wp-json\/wp\/v2\/posts\/78517","targetHints":{"allow":["GET"]}}],"collection":[{"href":"https:\/\/www.europesays.com\/no\/wp-json\/wp\/v2\/posts"}],"about":[{"href":"https:\/\/www.europesays.com\/no\/wp-json\/wp\/v2\/types\/post"}],"author":[{"embeddable":true,"href":"https:\/\/www.europesays.com\/no\/wp-json\/wp\/v2\/users\/2"}],"replies":[{"embeddable":true,"href":"https:\/\/www.europesays.com\/no\/wp-json\/wp\/v2\/comments?post=78517"}],"version-history":[{"count":0,"href":"https:\/\/www.europesays.com\/no\/wp-json\/wp\/v2\/posts\/78517\/revisions"}],"wp:featuredmedia":[{"embeddable":true,"href":"https:\/\/www.europesays.com\/no\/wp-json\/wp\/v2\/media\/78518"}],"wp:attachment":[{"href":"https:\/\/www.europesays.com\/no\/wp-json\/wp\/v2\/media?parent=78517"}],"wp:term":[{"taxonomy":"category","embeddable":true,"href":"https:\/\/www.europesays.com\/no\/wp-json\/wp\/v2\/categories?post=78517"},{"taxonomy":"post_tag","embeddable":true,"href":"https:\/\/www.europesays.com\/no\/wp-json\/wp\/v2\/tags?post=78517"}],"curies":[{"name":"wp","href":"https:\/\/api.w.org\/{rel}","templated":true}]}}