{"id":78543,"date":"2025-11-04T22:34:10","date_gmt":"2025-11-04T22:34:10","guid":{"rendered":"https:\/\/www.europesays.com\/no\/78543\/"},"modified":"2025-11-04T22:34:10","modified_gmt":"2025-11-04T22:34:10","slug":"anthony-hopkins-og-toni-collette-skal-spille-i-ny-film-om-norsk-gamer","status":"publish","type":"post","link":"https:\/\/www.europesays.com\/no\/78543\/","title":{"rendered":"Anthony Hopkins og Toni Collette skal spille i ny film om norsk gamer"},"content":{"rendered":"\n<p class=\"_lead_o9xde_2 _lead_xtcu6_50 layout-component text-serif-m layout-normal text-serif-l layout-component layout-wide layout-padded _wide_17hqh_1 layout-padded\">Det er et stjernespekket rollegalleri i den nye filmen om Mats Steen, som d\u00f8de 25 \u00e5r gammel av en muskelsykdom. <\/p>\n<p><img alt=\"FILMSTJERNE: Skuespiller Anthony Hopkins er godt kjent for publikum. N\u00e5  blir han \u00e5 se i ny film om norske Mats Steen. Foto: PATRICK T. FALLON \/ AFP \/ NTB\" class=\"_image_qp4xg_65 layout-component layout-wide\" data-fullscreen- data-track-element-type=\"Article image fullscreen\" data-track-name=\"ImageFullscreen\" fetchpriority=\"high\" decoding=\"sync\" loading=\"eager\" height=\"3367\" itemprop=\"image\"  src=\"https:\/\/www.europesays.com\/no\/wp-content\/uploads\/2025\/11\/059c8319-c650-473a-8e27-c1a5d6acdec6\"  style=\"object-position:0% 0%\" width=\"5051\"\/>FILMSTJERNE: Skuespiller Anthony Hopkins er godt kjent for publikum. N\u00e5  blir han \u00e5 se i ny film om norske Mats Steen. Foto: PATRICK T. FALLON \/ AFP \/ NTB<\/p>\n<ul aria-hidden=\"true\" class=\"_images_18f0k_111\">\n<li><a class=\"_link_18f0k_116\" href=\"https:\/\/www.vg.no\/forfatter\/nora-holm-aftret\" style=\"z-index:1\" title=\"Nora Holm Aftret\" rel=\"nofollow noopener\" target=\"_blank\"><img alt=\"Bilde av Nora Holm Aftret\" class=\"_image_18f0k_93\" fetchpriority=\"low\" loading=\"lazy\" decoding=\"async\" itemprop=\"image\"  src=\"https:\/\/www.europesays.com\/no\/wp-content\/uploads\/2025\/11\/1762295648_984_f305139e-f923-41c4-8052-e05527fc0152\"  width=\"480\"\/><\/a><\/li>\n<\/ul>\n<p> Oppdatert tirsdag 4. november kl. 23:33     <\/p>\n<p class=\"_paragraph_o9xde_4 _paragraph_xtcu6_10 layout-component text-serif-m layout-normal text-serif-m layout-padded\">Stjerneskuespillere som Anthony Hopkins, Toni Collette og Stephen Graham skal spille i den kommende filmen \u00abIbelin\u00bb, som handler om den norske gameren Mats Steen.<\/p>\n<p class=\"_paragraph_o9xde_4 _paragraph_xtcu6_10 layout-component text-serif-m layout-normal text-serif-m layout-padded\">Steen ble f\u00f8dt med Duchennes muskeldystrofi, en sykdom som gradvis tok kontrollen over lemmene hans. Han d\u00f8de i 2014, bare 25 \u00e5r gammel.<\/p>\n<p class=\"_paragraph_o9xde_4 _paragraph_xtcu6_10 layout-component text-serif-m layout-normal text-serif-m layout-padded\"><strong class=\"_strong_o9xde_25\">Historien om Steen ble f\u00f8rst fortalt av<a href=\"https:\/\/www.nrk.no\/dokumentar\/xl\/forst-da-mats-var-dod_-forsto-foreldrene-verdien-av-gamingen-hans-1.14197198\" class=\"_link_o9xde_39\" rel=\"nofollow noopener\" target=\"_blank\"> NRK <\/a>i 2019.  Den ble statskanalens mest leste nettsak.<\/strong><\/p>\n<p class=\"_paragraph_o9xde_4 _paragraph_xtcu6_10 layout-component text-serif-m layout-normal text-serif-m layout-padded\">Bak skjermen levde han med en degenerativ muskelsykdom som sakte tok kroppen hans, men aldri \u00e5nden. Hjemme fryktet den kj\u00e6rlige familien at han trakk seg unna verden, men de skulle senere oppdage at det motsatte skjedde, skriver <a href=\"https:\/\/deadline.com\/2025\/11\/stephen-graham-toni-collette-anthony-hopkins-ibelin-steen-1236606633\/\" class=\"_link_o9xde_39\" rel=\"nofollow noopener\" target=\"_blank\">Deadline<\/a>.<\/p>\n<p><img alt=\"FORELDRENE: Robert og Trude Steen er foreldrene til Mats Steen, og har delt historien hans med omverdenen. Her er de to foran filmplakaten til dokumentaren \u00abIbelin\u00bb fra 2024.  Foto: Terje Pedersen \/ NTB\" class=\"_image_qp4xg_65 layout-component layout-normal\" data-fullscreen- data-track-element-type=\"Article image fullscreen\" data-track-name=\"ImageFullscreen\" decoding=\"async\" loading=\"lazy\" height=\"3383\" itemprop=\"image\"  src=\"https:\/\/www.europesays.com\/no\/wp-content\/uploads\/2025\/11\/64d3e3a0-b826-4b9c-a622-4d025ea551ae\"  style=\"object-position:0% 0%\" width=\"5074\"\/>FORELDRENE: Robert og Trude Steen er foreldrene til Mats Steen, og har delt historien hans med omverdenen. Her er de to foran filmplakaten til dokumentaren \u00abIbelin\u00bb fra 2024.  Foto: Terje Pedersen \/ NTB<\/p>\n<p class=\"_paragraph_o9xde_4 _paragraph_xtcu6_10 layout-component text-serif-m layout-normal text-serif-m layout-padded\">Gjennom spillverdenen knyttet Steen kontakt med omverdenen, hvor han ble beundret av tusenvis for sin humor, vennlighet og mot. <\/p>\n<p class=\"_paragraph_o9xde_4 _paragraph_xtcu6_10 layout-component text-serif-m layout-normal text-serif-m layout-padded\">Filmen har f\u00e5tt navnet sitt fra Steens heroiske alter ego \u00abIbelin\u00bb i det popul\u00e6re online-spillet World of Warcraft.<\/p>\n<p><img alt=\"Regiss\u00f8r Morten Tyldum.  Foto: Doug Peters \/ Pa Photos \/ NTB\" class=\"_image_qp4xg_65 layout-component layout-normal\" data-fullscreen- data-track-element-type=\"Article image fullscreen\" data-track-name=\"ImageFullscreen\" decoding=\"async\" loading=\"lazy\" height=\"4824\" itemprop=\"image\"  src=\"https:\/\/www.europesays.com\/no\/wp-content\/uploads\/2025\/11\/509e9a3a-dbeb-4307-8ff0-752987ecb622\"  style=\"object-position:0% 0%\" width=\"3375\"\/>Regiss\u00f8r Morten Tyldum.  Foto: Doug Peters \/ Pa Photos \/ NTB<\/p>\n<p class=\"_paragraph_o9xde_4 _paragraph_xtcu6_10 layout-component text-serif-m layout-normal text-serif-m layout-padded\">Morten Tyldum, som tidligere er blitt nominert til Oscar for beste regi for \u00abThe Imitation Game\u00bb, skal regissere filmen. <\/p>\n<p class=\"_paragraph_o9xde_4 _paragraph_xtcu6_10 layout-component text-serif-m layout-normal text-serif-m layout-padded\">Tirsdag kveld har Tyldum lagt ut et innlegg p\u00e5 <a href=\"https:\/\/www.instagram.com\/p\/DQpSKmkiEWi\/\" class=\"_link_o9xde_39\" rel=\"nofollow noopener\" target=\"_blank\">Instagram<\/a>, der han viser til et medieoppslag om filmen fra <a href=\"https:\/\/www.hollywoodreporter.com\/movies\/movie-news\/hopkins-collette-charlie-plummer-join-morten-tyldums-ibelin-1236417563\/\" class=\"_link_o9xde_39\" rel=\"nofollow noopener\" target=\"_blank\">The Hollywood Reporter<\/a>. <\/p>\n<p class=\"_paragraph_o9xde_4 _paragraph_xtcu6_10 layout-component text-serif-m layout-normal text-serif-m layout-padded\"><strong class=\"_strong_o9xde_25\">\u2013 And so it begins&#8230; skriver Tyldum til innlegget. <\/strong><\/p>\n<p> Basert p\u00e5 bloggen til Steen<\/p>\n<p class=\"_paragraph_o9xde_4 _paragraph_xtcu6_10 layout-component text-serif-m layout-normal text-serif-m layout-padded\">Manuset er basert p\u00e5 bloggen \u00abMusings of Life\u00bb som Steen skrev frem til kort f\u00f8r sin d\u00f8d, skriver Deadline. <\/p>\n<p class=\"_paragraph_o9xde_4 _paragraph_xtcu6_10 layout-component text-serif-m layout-normal text-serif-m layout-padded\">Ogs\u00e5 Charlie Plummer, Isabela Merced og Maisy Stella er med i rollelisten.<\/p>\n<p class=\"_paragraph_o9xde_4 _paragraph_xtcu6_10 layout-component text-serif-m layout-normal text-serif-m layout-padded\"><strong class=\"_strong_o9xde_25\">Innspillingen skal starte i Europa v\u00e5ren eller sommeren 2026.<\/strong><\/p>\n<p><img alt=\"ALTER EGO: \u00abIbelin\u00bb var navnet p\u00e5 Steens fiktive rollekarakter i det popul\u00e6re nettspillet \u00abWorld of Warcraft\u00bb.  Foto: Medieoperat\u00f8rene \/ Euforia \/ handout \/ NTB\" class=\"_image_qp4xg_65 layout-component layout-normal\" data-fullscreen- data-track-element-type=\"Article image fullscreen\" data-track-name=\"ImageFullscreen\" decoding=\"async\" loading=\"lazy\" height=\"1384\" itemprop=\"image\"  src=\"https:\/\/www.europesays.com\/no\/wp-content\/uploads\/2025\/11\/f42dd833-6327-4b67-9ef6-90651bc94a20\"  style=\"object-position:0% 0%\" width=\"2560\"\/>ALTER EGO: \u00abIbelin\u00bb var navnet p\u00e5 Steens fiktive rollekarakter i det popul\u00e6re nettspillet \u00abWorld of Warcraft\u00bb.  Foto: Medieoperat\u00f8rene \/ Euforia \/ handout \/ NTB<\/p>\n<p class=\"_paragraph_o9xde_4 _paragraph_xtcu6_10 layout-component text-serif-m layout-normal text-serif-m layout-padded\">Det er ikke f\u00f8rste gang historien om \u00abIbelin\u00bb og Mats Steen blir filmatisert. <\/p>\n<p class=\"_paragraph_o9xde_4 _paragraph_xtcu6_10 layout-component text-serif-m layout-normal text-serif-m layout-padded\">I 2024 kom dokumentaren \u00abIbelin\u00bb p\u00e5 Netflix.<\/p>\n<p class=\"_paragraph_o9xde_4 _paragraph_xtcu6_10 layout-component text-serif-m layout-normal text-serif-m layout-padded\">Filmen ble hyllet internasjonalt, vant flere priser, og ble nominert til Emmy. <\/p>\n<p class=\"_paragraph_o9xde_4 _paragraph_xtcu6_10 layout-component text-serif-m layout-normal text-serif-m layout-padded\">Det er den norske filmskaperen Benjamin Ree som st\u00e5r bak filmen.<\/p>\n<p class=\"_paragraph_o9xde_4 _paragraph_xtcu6_10 layout-component text-serif-m layout-normal text-serif-m layout-padded\">For ordens skyld: Ree jobber i VGTV, som har medfinansiert dokumentaren. <\/p>\n<p><img alt=\"PRISVINNER: Benjamin Ree  vant \u00abthe European Young Audience Award\u00bb p\u00e5 den 37ende European Film Awards i Sveits i 2024.  Foto: MICHAEL BUHOLZER \/ EPA \/ NTB\" class=\"_image_qp4xg_65 layout-component layout-normal\" data-fullscreen- data-track-element-type=\"Article image fullscreen\" data-track-name=\"ImageFullscreen\" decoding=\"async\" loading=\"lazy\" height=\"3008\" itemprop=\"image\"  src=\"https:\/\/www.europesays.com\/no\/wp-content\/uploads\/2025\/11\/f5dac854-bda7-4cd0-970d-b770ffa82a65\"  style=\"object-position:0% 0%\" width=\"4512\"\/>PRISVINNER: Benjamin Ree  vant \u00abthe European Young Audience Award\u00bb p\u00e5 den 37ende European Film Awards i Sveits i 2024.  Foto: MICHAEL BUHOLZER \/ EPA \/ NTB    <script async src=\"\/\/www.instagram.com\/embed.js\"><\/script><\/p>\n","protected":false},"excerpt":{"rendered":"Det er et stjernespekket rollegalleri i den nye filmen om Mats Steen, som d\u00f8de 25 \u00e5r gammel av&hellip;\n","protected":false},"author":2,"featured_media":78544,"comment_status":"","ping_status":"","sticky":false,"template":"","format":"standard","meta":{"footnotes":""},"categories":[58],"tags":[71,30,28,29,72,46],"class_list":{"0":"post-78543","1":"post","2":"type-post","3":"status-publish","4":"format-standard","5":"has-post-thumbnail","7":"category-underholdning","8":"tag-entertainment","9":"tag-no","10":"tag-norge","11":"tag-norway","12":"tag-underholdning","13":"tag-vgai"},"share_on_mastodon":{"url":"https:\/\/pubeurope.com\/@no\/115493815181836550","error":""},"_links":{"self":[{"href":"https:\/\/www.europesays.com\/no\/wp-json\/wp\/v2\/posts\/78543","targetHints":{"allow":["GET"]}}],"collection":[{"href":"https:\/\/www.europesays.com\/no\/wp-json\/wp\/v2\/posts"}],"about":[{"href":"https:\/\/www.europesays.com\/no\/wp-json\/wp\/v2\/types\/post"}],"author":[{"embeddable":true,"href":"https:\/\/www.europesays.com\/no\/wp-json\/wp\/v2\/users\/2"}],"replies":[{"embeddable":true,"href":"https:\/\/www.europesays.com\/no\/wp-json\/wp\/v2\/comments?post=78543"}],"version-history":[{"count":0,"href":"https:\/\/www.europesays.com\/no\/wp-json\/wp\/v2\/posts\/78543\/revisions"}],"wp:featuredmedia":[{"embeddable":true,"href":"https:\/\/www.europesays.com\/no\/wp-json\/wp\/v2\/media\/78544"}],"wp:attachment":[{"href":"https:\/\/www.europesays.com\/no\/wp-json\/wp\/v2\/media?parent=78543"}],"wp:term":[{"taxonomy":"category","embeddable":true,"href":"https:\/\/www.europesays.com\/no\/wp-json\/wp\/v2\/categories?post=78543"},{"taxonomy":"post_tag","embeddable":true,"href":"https:\/\/www.europesays.com\/no\/wp-json\/wp\/v2\/tags?post=78543"}],"curies":[{"name":"wp","href":"https:\/\/api.w.org\/{rel}","templated":true}]}}