{"id":78551,"date":"2025-11-04T22:44:09","date_gmt":"2025-11-04T22:44:09","guid":{"rendered":"https:\/\/www.europesays.com\/no\/78551\/"},"modified":"2025-11-04T22:44:09","modified_gmt":"2025-11-04T22:44:09","slug":"mamdani-er-en-katastrofe","status":"publish","type":"post","link":"https:\/\/www.europesays.com\/no\/78551\/","title":{"rendered":"\u2013 Mamdani er en katastrofe"},"content":{"rendered":"\n<p class=\"_paragraph_o9xde_4 _paragraph_64s2r_81 text-sans-m\">Tirsdag<a href=\"https:\/\/www.vg.no\/nyheter\/i\/Pp63yX\/skjebnedag-i-kampen-mot-trump-betyr-mest-for-demokratene\" data-track-element-type=\"Link\" data-track-id=\"link:Pp63yX\" class=\"_link_o9xde_39\" rel=\"nofollow noopener\" target=\"_blank\"> holdes fire valg i USA <\/a>der Demokratene har mulighet til \u00e5 komme seg opp i knest\u00e5ende, etter \u00e5 ha ligget nede for telling siden Donald Trumps valgseier for ett \u00e5r siden.<\/p>\n<p class=\"_paragraph_o9xde_4 _paragraph_64s2r_81 text-sans-m\"><strong class=\"_strong_o9xde_25\">Alle de fire valgene kan f\u00e5 stor p\u00e5virkning, men aller mest oppmerksomhet f\u00e5r borgermestervalget i New York.<\/strong><\/p>\n<p class=\"_paragraph_o9xde_4 _paragraph_64s2r_81 text-sans-m\">Guvern\u00f8rvalgene i New Jersey og Virginia vil m\u00e5le Trumps innflytelse. I California skal det stemmes over endringer i valgdistrikter som kan p\u00e5virke mellomvalget i 2026.<\/p>\n<p class=\"_paragraph_o9xde_4 _paragraph_64s2r_81 text-sans-m\">Les mer om de fire valgene her: <a href=\"https:\/\/www.vg.no\/nyheter\/i\/Pp63yX\/skjebnedag-i-kampen-mot-trump-betyr-mest-for-demokratene\" data-track-element-type=\"Link\" data-track-id=\"link:Pp63yX\" class=\"_link_o9xde_39\" rel=\"nofollow noopener\" target=\"_blank\">Skjebnedag i kampen mot Trump: \u2013\u2060 Betyr mest for Demokratene<\/a><\/p>\n<p>Vis mer <\/p>\n<p class=\"_paragraph_o9xde_4 _paragraph_xtcu6_10 layout-component text-serif-m layout-normal text-serif-m layout-padded _medium_xtcu6_25\">VG har reist fra fattige Harlem til styrtrike Upper East Side for \u00e5 ta tempen p\u00e5 valget i New York, som har tiltrukket seg oppmerksomhet fra hele verden.<\/p>\n<p class=\"_paragraph_o9xde_4 _paragraph_xtcu6_10 layout-component text-serif-m layout-normal text-serif-m layout-padded\">Velgerne vi treffer gir et inntrykk av at New York er en splittet by, slik <a href=\"https:\/\/www.vg.no\/tag\/usa?utm_source=vg-article&amp;utm_medium=auto-tagger&amp;utm_campaign=5EmGJe\" class=\"_link_o9xde_39\" rel=\"nofollow noopener\" target=\"_blank\">USA<\/a> er blitt et splittet land.<\/p>\n<p class=\"_paragraph_o9xde_4 _paragraph_xtcu6_10 layout-component text-serif-m layout-normal text-serif-m layout-padded\">Det st\u00e5r mellom den \u00abdemokratiske sosialisten\u00bb Zohran Mamdani, og den tidligere guvern\u00f8ren Andrew Cuomo. <\/p>\n<p class=\"_paragraph_o9xde_4 _paragraph_xtcu6_10 layout-component text-serif-m layout-normal text-serif-m layout-padded\"><strong class=\"_strong_o9xde_25\">Mamdani leder fortsatt klart p\u00e5 <a href=\"https:\/\/www.nytimes.com\/interactive\/polls\/nyc-mayoral-election-polls-2025.html\" class=\"_link_o9xde_39\" rel=\"nofollow noopener\" target=\"_blank\">meningsm\u00e5lingene<\/a>, men Cuomo har kuttet forspranget fra 10 til 5 prosentpoeng.<\/strong><\/p>\n<p class=\"_paragraph_o9xde_4 _paragraph_xtcu6_10 layout-component text-serif-m layout-normal text-serif-m layout-padded\">Trump er tydelig i sitt syn: Presidenten <a href=\"https:\/\/www.vg.no\/nyheter\/i\/8qeAo1\/new-york-kampen-som-trigger-trump?utm_source=sdrn%3Avg%3Aarticle%3APp63yX&amp;utm_medium=Link&amp;utm_content=link%3A8qeAo1\" data-track-element-type=\"Link\" data-track-id=\"link:8qeAo1\" class=\"_link_o9xde_39\" rel=\"nofollow noopener\" target=\"_blank\">truer New York med \u00f8konomiske kutt<\/a>, dersom Mamdani vinner. <\/p>\n<p class=\"_paragraph_o9xde_4 _paragraph_xtcu6_10 layout-component text-serif-m layout-normal layout-padded\"><strong class=\"_strong_o9xde_25\">Les ogs\u00e5:<\/strong> <a href=\"https:\/\/www.vg.no\/i\/kwqa7Q\" data-track-element-type=\"Link\" data-track-id=\"link:kwqa7Q\" class=\"_link_o9xde_39\" rel=\"nofollow noopener\" target=\"_blank\">Zohran Mamdani til VG: \u2013 Inspirert av Finland<\/a><\/p>\n<p class=\"font-weight-semi-bold color-accent label-medium _label_16v91_20\">FAKTA<\/p>\n<p> Dette er kandidatene<\/p>\n<ul class=\"_list_o9xde_3 _list_xtcu6_9 _list_16v91_9 _unordered_o9xde_106 layout-component text-serif-m layout-normal text-sans-m layout-padded\">\n<li class=\"_item_o9xde_30\">Zohran Mamdani (34) fremstiller seg selv som en \u00abdemokratisk sosialist\u00bb, som har lavere boligpriser, billigere barnehager og gratis bussreiser som sine viktigste enkeltsaker.<\/li>\n<li class=\"_item_o9xde_30\">Han er b\u00e5de hyllet og kritisert for sin kraftige Israel-kritikk, og kan bli New Yorks f\u00f8rste muslimske borgermester.<\/li>\n<li class=\"_item_o9xde_30\">Mamdani er fra ytre venstre i Det demokratiske partiet, og<a href=\"https:\/\/www.vg.no\/nyheter\/i\/4B5eOE\/mamdani-til-vg-derfor-er-trump-rasende-paa-meg\" data-track-element-type=\"Link\" data-track-id=\"link:4B5eOE\" class=\"_link_o9xde_39\" rel=\"nofollow noopener\" target=\"_blank\"> beskrives som en ekstremist av Trump<\/a>.<\/li>\n<li class=\"_item_o9xde_30\">Andrew Cuomo (67) stiller som uavhengig, men var tidligere guvern\u00f8r for Demokratene i New York delstat, og gikk av i 2021 etter<a href=\"https:\/\/www.vg.no\/nyheter\/i\/a7GvBd\/andrew-cuomo-gaar-av-etter-anklager-om-seksuell-trakassering\" data-track-element-type=\"Link\" data-track-id=\"link:a7GvBd\" class=\"_link_o9xde_39\" rel=\"nofollow noopener\" target=\"_blank\"> anklager om seksuell trakassering<\/a>.<\/li>\n<li class=\"_item_o9xde_30\">Cuomo sees p\u00e5 som mer n\u00e6ringsvennlig, og beskrives som en moderat Demokrat. <\/li>\n<li class=\"_item_o9xde_30\">Cuomo har f\u00e5tt Trumps st\u00f8tte i valget. Presidenten ber republikanere droppe den republikanske kandidaten Curtis Sliwa, og stemme p\u00e5 Cuomo \u00abfor \u00e5 redde New York fra kommunisme\u00bb.<\/li>\n<\/ul>\n<p>Vis mer    \u2013 Vi m\u00e5 ta truslene p\u00e5 alvor<\/p>\n<p class=\"_paragraph_o9xde_4 _paragraph_xtcu6_10 layout-component text-serif-m layout-normal text-serif-m layout-padded\">Ved Upper East Side kommer en velkledd eldre herre ut av valglokalet.<\/p>\n<p class=\"_paragraph_o9xde_4 _paragraph_xtcu6_10 layout-component text-serif-m layout-normal text-serif-m layout-padded\">Uten et fnugg av tvil forklarer Dannel Maguire (80) hvorfor han stemte p\u00e5 Andrew Cuomo:<\/p>\n<p class=\"_paragraph_o9xde_4 _paragraph_xtcu6_10 layout-component text-serif-m layout-normal text-serif-m layout-padded\"><strong class=\"_strong_o9xde_25\">\u2013 Mamdani er en katastrofe. Han har sittet i bystyret uten \u00e5 gj\u00f8re noe som helst eller f\u00e5 til noe som helst. Han er s\u00e5 venstrevridd som man kan f\u00e5 blitt. New York trenger ikke en moderne Karl Marx, sier han.<\/strong><\/p>\n<p class=\"_paragraph_o9xde_4 _paragraph_xtcu6_10 layout-component text-serif-m layout-normal text-serif-m layout-padded\">\u2013 Det appellerer nok til de unge velgerne at han tilbyr billige leiligheter og gratis buss, men hvem skal betale for det? Vi m\u00e5 ta truslene om \u00f8konomiske kutt fra Trump p\u00e5 alvor, fortsetter han.<\/p>\n<p class=\"_paragraph_o9xde_4 _paragraph_xtcu6_10 layout-component text-serif-m layout-normal text-serif-m layout-padded\">Han liker ikke Andrew Cuomo heller, men stemte p\u00e5 ham siden han i praksis er det eneste alternativet, forklarer Maguire.<\/p>\n<p><img alt=\"TEAM CUOMO: Dannel Maguire  Foto: Thomas Nilsson \/ VG\" class=\"_image_qp4xg_65 layout-component layout-normal\" data-fullscreen- data-track-element-type=\"Article image fullscreen\" data-track-name=\"ImageFullscreen\" decoding=\"async\" loading=\"lazy\" height=\"3199\" itemprop=\"image\"  src=\"https:\/\/www.europesays.com\/no\/wp-content\/uploads\/2025\/11\/d23ecbd2-2d09-4431-a5ab-130932706a10\"  style=\"object-position:0% 0%\" width=\"4800\"\/>TEAM CUOMO: Dannel Maguire  Foto: Thomas Nilsson \/ VG<\/p>\n<p class=\"_paragraph_o9xde_4 _paragraph_xtcu6_10 layout-component text-serif-m layout-normal text-serif-m layout-padded\">Justin Foa (53) mener Andrew Cuomo har f\u00e5tt et ufortjent d\u00e5rlig rykte, etter at han gikk av som guvern\u00f8r i 2021 grunnet <a href=\"https:\/\/www.vg.no\/nyheter\/i\/a7GvBd\/andrew-cuomo-gaar-av-etter-anklager-om-seksuell-trakassering\" data-track-element-type=\"Link\" data-track-id=\"link:a7GvBd\" class=\"_link_o9xde_39\" rel=\"nofollow noopener\" target=\"_blank\">anklager om seksuell trakassering<\/a>.<\/p>\n<p class=\"_paragraph_o9xde_4 _paragraph_xtcu6_10 layout-component text-serif-m layout-normal text-serif-m layout-padded\">\u2013 Anklagene mot ham er ikke bevist, men det han har bevist er at han var en trygg leder med gjennomf\u00f8ringskraft. S\u00e5 jeg stemte p\u00e5 Cuomo, og anser meg selv som en moderat Demokrat, forklarer han.<\/p>\n<p class=\"_paragraph_o9xde_4 _paragraph_xtcu6_10 layout-component text-serif-m layout-normal text-serif-m layout-padded\">\u2013 Jeg st\u00f8tter sosialt progressive tiltak, men problemet til Mamdani er hvordan han skal finansiere valgl\u00f8ftene sine. Og dersom skatter driver dem som skaper verdier ut av byen, s\u00e5 blir det ogs\u00e5 svakere finansiering av de offentlige budsjettene, mener han.<\/p>\n<p class=\"_paragraph_o9xde_4 _paragraph_xtcu6_10 layout-component text-serif-m layout-normal text-serif-m layout-padded\"><strong class=\"_strong_o9xde_25\">Mamdani til VG:<a href=\"https:\/\/www.vg.no\/nyheter\/i\/4B5eOE\/mamdani-til-vg-derfor-er-trump-rasende-paa-meg?utm_source=sdrn%3Avg%3Aarticle%3APp63yX&amp;utm_medium=Link&amp;utm_content=link%3A4B5eOE\" data-track-element-type=\"Link\" data-track-id=\"link:4B5eOE\" class=\"_link_o9xde_39\" rel=\"nofollow noopener\" target=\"_blank\"> \u2013\u2060 Derfor er Trump rasende p\u00e5 meg<\/a><\/strong>.<\/p>\n<p><img alt=\"TEAM CUOMO: Justin Foa.  Foto: Thomas Nilsson \/ VG\" class=\"_image_qp4xg_65 layout-component layout-normal\" data-fullscreen- data-track-element-type=\"Article image fullscreen\" data-track-name=\"ImageFullscreen\" decoding=\"async\" loading=\"lazy\" height=\"3200\" itemprop=\"image\"  src=\"https:\/\/www.europesays.com\/no\/wp-content\/uploads\/2025\/11\/48ee2edc-03de-4738-afeb-d520aa4520b1\"  style=\"object-position:0% 0%\" width=\"4800\"\/>TEAM CUOMO: Justin Foa.  Foto: Thomas Nilsson \/ VG \u2013 Veldig langt fra en kommunist<\/p>\n<p class=\"_paragraph_o9xde_4 _paragraph_xtcu6_10 layout-component text-serif-m layout-normal text-serif-m layout-padded\">Ut fra et velgerlokale i Harlem kommer en jevn str\u00f8m av mennesker med \u00abI Voted\u00bb klistremerker.<\/p>\n<p class=\"_paragraph_o9xde_4 _paragraph_xtcu6_10 layout-component text-serif-m layout-normal text-serif-m layout-padded\">\u2013 Jeg stemte p\u00e5 Mamdani. Hele New York trenger hans politikk med billigere boliger og billigere barnepass. Det er noe som p\u00e5virker og former hele samfunnet. Kvinner kan ikke jobbe hvis man ikke f\u00e5r muligheten til barnehageplass, sier Cindy Turnbull (32), med datteren Chy (1).<\/p>\n<p class=\"_paragraph_o9xde_4 _paragraph_xtcu6_10 layout-component text-serif-m layout-normal text-serif-m layout-padded\">\u2013 Mange mener Mamdani er en radikal sosialist, Trump kaller ham en kommunist. St\u00e5r han for langt til venstre?<\/p>\n<p class=\"_paragraph_o9xde_4 _paragraph_xtcu6_10 layout-component text-serif-m layout-normal text-serif-m layout-padded\">\u2013 Jeg har studert statsvitenskap, og tenker at han er en moderat sosialist, og veldig langt fra \u00e5 v\u00e6re en kommunist. De 1 prosent aller rikeste har det godt nok, jeg er mer bekymret for fattige naboer, enn for dem.<\/p>\n<p><img alt=\"TEAM MAMDANI: Cindy Turnbull.  Foto: Thomas Nilsson \/ VG\" class=\"_image_qp4xg_65 layout-component layout-normal\" data-fullscreen- data-track-element-type=\"Article image fullscreen\" data-track-name=\"ImageFullscreen\" decoding=\"async\" loading=\"lazy\" height=\"3200\" itemprop=\"image\"  src=\"https:\/\/www.europesays.com\/no\/wp-content\/uploads\/2025\/11\/bfb99222-327a-4efb-a195-e5c7f11d3ccd\"  style=\"object-position:0% 0%\" width=\"4800\"\/>TEAM MAMDANI: Cindy Turnbull.  Foto: Thomas Nilsson \/ VG<\/p>\n<p class=\"_paragraph_o9xde_4 _paragraph_xtcu6_10 layout-component text-serif-m layout-normal text-serif-m layout-padded\">\u2013 Trump sier han vil kutte i den f\u00f8derale finansieringen til New York hvis Mamdani vinner?<\/p>\n<p class=\"_paragraph_o9xde_4 _paragraph_xtcu6_10 layout-component text-serif-m layout-normal text-serif-m layout-padded\">\u2013 Lykke til, han kan bare pr\u00f8ve. New York er den \u00f8konomiske driveren for et stort omr\u00e5de, med Wall Street og alle verdiene som skapes her. V\u00e5re skattepenger finansierer b\u00e5de oss selv og andre delstater. <\/p>\n<p class=\"_paragraph_o9xde_4 _paragraph_xtcu6_10 layout-component text-serif-m layout-normal text-serif-m layout-padded\">Zora Satchell (35) og Brittny Baxter (29) jobber frivillig for Community Voices Heard, og st\u00f8tter Mamdani.<\/p>\n<p class=\"_paragraph_o9xde_4 _paragraph_xtcu6_10 layout-component text-serif-m layout-normal text-serif-m layout-padded\">\u2013 V\u00e5rt fokus er \u00e5 hjelpe svarte kvinner ut i arbeid og inn i gode og trygge hjem, s\u00e5 Mamdani er v\u00e5r mann, forklarer de. <\/p>\n<p><img alt=\"TEAM MAMDANI: Brittny Baxter og Zora Satchell.  Foto: Thomas Nilsson \/ VG\" class=\"_image_qp4xg_65 layout-component layout-normal\" data-fullscreen- data-track-element-type=\"Article image fullscreen\" data-track-name=\"ImageFullscreen\" decoding=\"async\" loading=\"lazy\" height=\"3200\" itemprop=\"image\"  src=\"https:\/\/www.europesays.com\/no\/wp-content\/uploads\/2025\/11\/21d5bc05-dc13-4334-b2dc-53f06bb0a759\"  style=\"object-position:0% 0%\" width=\"4800\"\/>TEAM MAMDANI: Brittny Baxter og Zora Satchell.  Foto: Thomas Nilsson \/ VG<\/p>\n<p class=\"_paragraph_o9xde_4 _paragraph_xtcu6_10 layout-component text-serif-m layout-normal text-serif-m layout-padded\">Albert Mathaus (33) jobber som eiendomsmegler, men er ikke redd for at Mamdani skal rasere boligmarkedet.<\/p>\n<p class=\"_paragraph_o9xde_4 _paragraph_xtcu6_10 layout-component text-serif-m layout-normal text-serif-m layout-padded\">\u2013 Jeg ser hvor hardt og skjevfordelt boligmarkedet er, s\u00e6rlig for lavinntektsfamilier som ikke f\u00e5r foten innafor, sier han.<\/p>\n<p class=\"_paragraph_o9xde_4 _paragraph_xtcu6_10 layout-component text-serif-m layout-normal text-serif-m layout-padded\">\u2013 Men vil ikke Mamdani v\u00e6re \u00abbad for business\u00bb?<\/p>\n<p class=\"_paragraph_o9xde_4 _paragraph_xtcu6_10 layout-component text-serif-m layout-normal text-serif-m layout-padded\">\u2013 Nei, at han er en kommunist er bare en overdrivelse. Det er uheldig for boligmarkedet at boligeiere kan stenge folk ute fra markedet ved \u00e5 stille usannsynlige inntektskrav, sier han.<\/p>\n<p><img alt=\"TEAM MAMDANI: Albert Mathaus.  Foto: Thomas Nilsson \/ VG\" class=\"_image_qp4xg_65 layout-component layout-normal\" data-fullscreen- data-track-element-type=\"Article image fullscreen\" data-track-name=\"ImageFullscreen\" decoding=\"async\" loading=\"lazy\" height=\"3200\" itemprop=\"image\"  src=\"https:\/\/www.europesays.com\/no\/wp-content\/uploads\/2025\/11\/539597bd-a788-4e53-add0-0abca2f803af\"  style=\"object-position:0% 0%\" width=\"4800\"\/>TEAM MAMDANI: Albert Mathaus.  Foto: Thomas Nilsson \/ VG<\/p>\n<p class=\"_paragraph_o9xde_4 _paragraph_xtcu6_10 layout-component text-serif-m layout-normal text-serif-m layout-padded\">Men ikke alle vi treffer i Harlem har stemt p\u00e5 Mamdani. Sm\u00e5barnsmoren Monique, som ikke vil stille med fullt navn og bilde, forklarer at hun stemte p\u00e5 Cuomo.<\/p>\n<p class=\"_paragraph_o9xde_4 _paragraph_xtcu6_10 layout-component text-serif-m layout-normal text-serif-m layout-padded\">\u2013 Mamdani har gode l\u00f8fter for boliger og barnepass, men det er noe som er enda viktigere: Trygge gater. Cuomo vil styrke politiet, og det er noe vi virkelig trenger her, sier hun.<\/p>\n<p><img alt=\"TEAM CUOMO: Victor Padilla.  Foto: Thomas Nilsson \/ VG\" class=\"_image_qp4xg_65 layout-component layout-normal\" data-fullscreen- data-track-element-type=\"Article image fullscreen\" data-track-name=\"ImageFullscreen\" decoding=\"async\" loading=\"lazy\" height=\"3199\" itemprop=\"image\"  src=\"https:\/\/www.europesays.com\/no\/wp-content\/uploads\/2025\/11\/643b7a33-7139-4d57-b8d1-82940b847fd8\"  style=\"object-position:0% 0%\" width=\"4800\"\/>TEAM CUOMO: Victor Padilla.  Foto: Thomas Nilsson \/ VG<\/p>\n<p class=\"_paragraph_o9xde_4 _paragraph_xtcu6_10 layout-component text-serif-m layout-normal text-serif-m layout-padded\">Victor Padilla (53) er ogs\u00e5 Cuomo-st\u00f8ttespiller, og jobber for kampanjen.<\/p>\n<p class=\"_paragraph_o9xde_4 _paragraph_xtcu6_10 layout-component text-serif-m layout-normal text-serif-m layout-padded\">\u2013 Noen her er litt fiendtlige mot meg, og roper \u00abMamdani, Mamdani\u00bb, men inntrykket mitt er at det mer 50\/50 enn meningsm\u00e5lingene tyder p\u00e5, sier han.<\/p>\n<p class=\"_paragraph_o9xde_4 _paragraph_xtcu6_10 layout-component text-serif-m layout-normal text-serif-m layout-padded\">\u2013 Jeg st\u00f8tter Cuomo av \u00e9n grunn: Jeg vil ha mer politi og strengere tiltak mot unge gjengkriminelle. Mamdani vil ikke ta tak i de problemene, mener Padilla.<\/p>\n<p class=\"_paragraph_o9xde_4 _paragraph_xtcu6_10 layout-component text-serif-m layout-normal text-serif-m layout-padded\">Se video: Mamdani svarer VG, trykk p\u00e5 symbolet for lyd:<\/p>\n<p>Les ogs\u00e5<\/p>\n","protected":false},"excerpt":{"rendered":"Tirsdag holdes fire valg i USA der Demokratene har mulighet til \u00e5 komme seg opp i knest\u00e5ende, etter&hellip;\n","protected":false},"author":2,"featured_media":78552,"comment_status":"","ping_status":"","sticky":false,"template":"","format":"standard","meta":{"footnotes":""},"categories":[12],"tags":[20,21,24,25,15,22,23,13,30,28,29,14,16,26,27,50,42,43,44,45],"class_list":{"0":"post-78551","1":"post","2":"type-post","3":"status-publish","4":"format-standard","5":"has-post-thumbnail","7":"category-verden","8":"tag-breaking-news","9":"tag-breakingnews","10":"tag-featured-news","11":"tag-featurednews","12":"tag-headlines","13":"tag-latest-news","14":"tag-latestnews","15":"tag-news","16":"tag-no","17":"tag-norge","18":"tag-norway","19":"tag-nyheter","20":"tag-overskrifter","21":"tag-top-stories","22":"tag-topstories","23":"tag-usa","24":"tag-verden","25":"tag-world","26":"tag-world-news","27":"tag-worldnews"},"share_on_mastodon":{"url":"https:\/\/pubeurope.com\/@no\/115493854623914916","error":""},"_links":{"self":[{"href":"https:\/\/www.europesays.com\/no\/wp-json\/wp\/v2\/posts\/78551","targetHints":{"allow":["GET"]}}],"collection":[{"href":"https:\/\/www.europesays.com\/no\/wp-json\/wp\/v2\/posts"}],"about":[{"href":"https:\/\/www.europesays.com\/no\/wp-json\/wp\/v2\/types\/post"}],"author":[{"embeddable":true,"href":"https:\/\/www.europesays.com\/no\/wp-json\/wp\/v2\/users\/2"}],"replies":[{"embeddable":true,"href":"https:\/\/www.europesays.com\/no\/wp-json\/wp\/v2\/comments?post=78551"}],"version-history":[{"count":0,"href":"https:\/\/www.europesays.com\/no\/wp-json\/wp\/v2\/posts\/78551\/revisions"}],"wp:featuredmedia":[{"embeddable":true,"href":"https:\/\/www.europesays.com\/no\/wp-json\/wp\/v2\/media\/78552"}],"wp:attachment":[{"href":"https:\/\/www.europesays.com\/no\/wp-json\/wp\/v2\/media?parent=78551"}],"wp:term":[{"taxonomy":"category","embeddable":true,"href":"https:\/\/www.europesays.com\/no\/wp-json\/wp\/v2\/categories?post=78551"},{"taxonomy":"post_tag","embeddable":true,"href":"https:\/\/www.europesays.com\/no\/wp-json\/wp\/v2\/tags?post=78551"}],"curies":[{"name":"wp","href":"https:\/\/api.w.org\/{rel}","templated":true}]}}