{"id":78553,"date":"2025-11-04T22:46:09","date_gmt":"2025-11-04T22:46:09","guid":{"rendered":"https:\/\/www.europesays.com\/no\/78553\/"},"modified":"2025-11-04T22:46:09","modified_gmt":"2025-11-04T22:46:09","slug":"jeg-har-aldri-onsket-a-forby-abort","status":"publish","type":"post","link":"https:\/\/www.europesays.com\/no\/78553\/","title":{"rendered":"Jeg har aldri \u00f8nsket \u00e5 forby abort"},"content":{"rendered":"\n<p class=\"_prefix_nfjwc_1 layout-padded\">Meninger<br \/>Unge meninger<\/p>\n<p class=\"_lead_o9xde_2 _lead_xtcu6_50 layout-component text-serif-m layout-normal text-serif-l _lead_1eue0_21 layout-component layout-normal layout-padded layout-padded\">VG-kommentator Shazia Majid tar feil om meg, og om abortdebatten. <\/p>\n<p><strong>Ingrid Olina Hovland<\/strong><\/p>\n<p class=\"_description_1pdwo_10 text-sans-s\">KrFU-leder <\/p>\n<p><img alt=\"KrFU-leder Ingrid Olina Hovland.  Foto: Thomas Fure \/ NTB\" class=\"_image_qp4xg_65 layout-component layout-wide\" data-fullscreen- data-track-element-type=\"Article image fullscreen\" data-track-name=\"ImageFullscreen\" fetchpriority=\"high\" decoding=\"sync\" loading=\"eager\" height=\"3489\" itemprop=\"image\"  src=\"https:\/\/www.europesays.com\/no\/wp-content\/uploads\/2025\/11\/799ccc48-ed4e-40f0-a18a-a10dc8d74329\"  style=\"object-position:0% 0%\" width=\"3343\"\/>KrFU-leder Ingrid Olina Hovland.  Foto: Thomas Fure \/ NTBTirsdag 4. november kl. 21:35     <\/p>\n<p class=\"_paragraph_o9xde_4 _paragraph_xtcu6_10 layout-component text-serif-m layout-normal text-serif-m layout-padded\">VG-kommentator Shazia Majid mener reaksjonene p\u00e5 mine uttalelser om abort representerer et <a href=\"https:\/\/www.vg.no\/nyheter\/i\/alXMxO\/shazia-majid-om-ingrid-olina-hovland-og-utalelsene-om-abort-etter-voldtekt\" data-track-element-type=\"Link\" data-track-id=\"link:alXMxO\" class=\"_link_o9xde_39\" rel=\"nofollow noopener\" target=\"_blank\">\u00absunt raseri\u00bb<\/a>. <\/p>\n<p class=\"_paragraph_o9xde_4 _paragraph_xtcu6_10 layout-component text-serif-m layout-normal text-serif-m layout-padded\">Selv skriver hun en kommentar s\u00e5 preget av feilslutninger og stempling, at det dessverre minner mer om et blindt raseri.<\/p>\n<p class=\"_paragraph_o9xde_4 _paragraph_xtcu6_10 layout-component text-serif-m layout-normal text-serif-m layout-padded\">Bakgrunnen er at jeg har sagt at jeg h\u00e5per at jeg velger \u00e5 beholde barnet, dersom jeg blir gravid etter noe s\u00e5 grusomt som en voldtekt. <\/p>\n<p class=\"_paragraph_o9xde_4 _paragraph_xtcu6_10 layout-component text-serif-m layout-normal text-serif-m layout-padded\">Det er et personlig standpunkt som bygger p\u00e5 en etisk vurdering om at ethvert barn er verdifullt uansett hvordan det blir til. <\/p>\n<p class=\"_paragraph_o9xde_4 _paragraph_xtcu6_10 layout-component text-serif-m layout-normal text-serif-m layout-padded\">En vurdering som jeg, naturlig nok, h\u00e5per at ogs\u00e5 andre deler. <\/p>\n<p class=\"_paragraph_o9xde_4 _paragraph_xtcu6_10 layout-component text-serif-m layout-normal text-serif-m layout-padded\">Men som jeg har presisert utallige ganger, s\u00e5 har jeg ikke kommet med noe politisk forslag, eller med et \u00f8nske om et lovforbud. <\/p>\n<p class=\"_paragraph_o9xde_4 _paragraph_xtcu6_10 layout-component text-serif-m layout-normal text-serif-m layout-padded\">Verken KrF, KrFU eller jeg selv \u00f8nsker \u00e5 innf\u00f8re noe totalforbud mot abort, eller politisk p\u00e5legge noen \u00e5 b\u00e6re fram et barn i en slik situasjon.<\/p>\n<p class=\"_paragraph_o9xde_4 _paragraph_xtcu6_10 layout-component text-serif-m layout-normal text-serif-m layout-padded\">\u00abT\u00e5ler vi ikke et slikt utsagn om abort og menneskesyn, er noe blitt fullstendig galt i v\u00e5r samfunnsdebatt\u00bb <a href=\"https:\/\/www.fvn.no\/mening\/debattinnlegg\/i\/yELddJ\/hun-har-ikke-sagt-at-abort-etter-voldtekt-boer-forbys\" class=\"_link_o9xde_39\" rel=\"nofollow noopener\" target=\"_blank\">skrev<\/a> nylig professor ved UiA Paul Leer Salvesen til Fedrelandsvennen. <\/p>\n<p class=\"_paragraph_o9xde_4 _paragraph_xtcu6_10 layout-component text-serif-m layout-normal text-serif-m layout-padded\">Jeg kunne ikke v\u00e6rt mer enig.<\/p>\n<p class=\"_paragraph_o9xde_4 _paragraph_xtcu6_10 layout-component text-serif-m layout-normal text-serif-m layout-padded\"><strong class=\"_strong_o9xde_25\">Majid i VG ser annerledes p\u00e5 det: <\/strong><\/p>\n<p class=\"_paragraph_o9xde_4 _paragraph_xtcu6_10 layout-component text-serif-m layout-normal text-serif-m layout-padded\">\u00abDersom flertallet ikke reagerer kraftig p\u00e5 slike meninger, har vi f\u00e5tt et bakstreversk, forkvaklet og kvinnefiendtlig samfunn\u00bb, skriver hun.<\/p>\n<p class=\"_paragraph_o9xde_4 _paragraph_xtcu6_10 layout-component text-serif-m layout-normal text-serif-m layout-padded\">Vi har f\u00e5tt et \u00absamfunn som har glemt menneskerettighetene\u00bb. Ja til og med et \u00abreligi\u00f8st fanatisk samfunn\u00bb (..)<\/p>\n<p class=\"_paragraph_o9xde_4 _paragraph_xtcu6_10 layout-component text-serif-m layout-normal text-serif-m layout-padded\">Seri\u00f8st? Dette vitner bare om Majids manglende toleranse for ulike syn.<\/p>\n<p class=\"_paragraph_o9xde_4 _paragraph_xtcu6_10 layout-component text-serif-m layout-normal text-serif-m layout-padded\">Deretter kommer Majid med en utlegging om Islam, Koranen og det Britiske Fatwa r\u00e5det, som representerer et syn som visstnok er \u00e5 foretrekke framfor et verdikonservativt syn i slike saker. <\/p>\n<p class=\"_paragraph_o9xde_4 _paragraph_xtcu6_10 layout-component text-serif-m layout-normal text-serif-m layout-padded\">Majid m\u00e5 gjerne mene det, men jeg tror likevel flertallet her i landet vil foretrekke \u00e5 leve i en kulturkrets formet av et kristent menneske- og kvinnesyn, framfor et land med islamske lover. <\/p>\n<p class=\"_paragraph_o9xde_4 _paragraph_xtcu6_10 layout-component text-serif-m layout-normal text-serif-m layout-padded\">Det er bare \u00e5 ta en titt p\u00e5 flere land i midt\u00f8sten.<\/p>\n<p class=\"_paragraph_o9xde_4 _paragraph_xtcu6_10 layout-component text-serif-m layout-normal text-serif-m layout-padded\">Videre skriver Majid at abort kun er et moralsk, ikke et politisk sp\u00f8rsm\u00e5l. <\/p>\n<p class=\"_paragraph_o9xde_4 _paragraph_xtcu6_10 layout-component text-serif-m layout-normal text-serif-m layout-padded\">Da forst\u00e5r jeg ikke hvorfor vi diskuterer abortgrenser i Stortinget, eller hvorfor flere politiske partier fortsatt snakker om en ytterligere utvidelse abortloven. <\/p>\n<p class=\"_paragraph_o9xde_4 _paragraph_xtcu6_10 layout-component text-serif-m layout-normal text-serif-m layout-padded\">Det mest ytterligg\u00e5ende standpunktet for tiden er for eksempel SVs politiske standpunkt om \u00e5 tillate abort, helt fram til f\u00f8dsel. <\/p>\n<p class=\"_paragraph_o9xde_4 _paragraph_xtcu6_10 layout-component text-serif-m layout-normal text-serif-m layout-padded\">Det er det f\u00e5 kommentatorer som reagerer p\u00e5.<\/p>\n<p class=\"_paragraph_o9xde_4 _paragraph_xtcu6_10 layout-component text-serif-m layout-normal text-serif-m layout-padded\">Abort handler b\u00e5de om liv, etikk og politikk. Vi kan ikke late som noe annet.<\/p>\n<p class=\"_paragraph_o9xde_4 _paragraph_xtcu6_10 layout-component text-serif-m layout-normal text-serif-m layout-padded\">En ting er jeg derimot helt enig med Majid om: <\/p>\n<p class=\"_paragraph_o9xde_4 _paragraph_xtcu6_10 layout-component text-serif-m layout-normal text-serif-m layout-padded\">Voldtekt er et brutalt og \u00f8deleggende overgrep. Kvinner som blir gravide etter en slik ugjerning fortjener all v\u00e5r st\u00f8tte, omtanke og respekt \u2013 uansett hvilket valg de tar.<\/p>\n<p>   Dette er en kronikk. Kronikken gir uttrykk for skribentens holdning. Du kan sende inn kronikker og debattinnlegg til <a class=\"_link_jv5ak_10\" href=\"https:\/\/www.vg.no\/nyheter\/i\/B07lBl\/mailto:debatt@vg.no\" rel=\"nofollow noopener\" target=\"_blank\">debatt@vg.no<\/a>. Unge meninger-prosjektet er finansiert med st\u00f8tte av Stiftelsen Tinius. <a class=\"_link_jv5ak_10\" href=\"https:\/\/www.vg.no\/informasjon\/redaksjonelle-avgjorelser\/240\" rel=\"nofollow noopener\" target=\"_blank\">Les mer<\/a>. <\/p>\n","protected":false},"excerpt":{"rendered":"MeningerUnge meninger VG-kommentator Shazia Majid tar feil om meg, og om abortdebatten. Ingrid Olina Hovland KrFU-leder KrFU-leder Ingrid&hellip;\n","protected":false},"author":2,"featured_media":78554,"comment_status":"","ping_status":"","sticky":false,"template":"","format":"standard","meta":{"footnotes":""},"categories":[5],"tags":[10032,20,21,24,25,15,19,22,23,17,18,13,30,28,29,14,16,26,27,103],"class_list":{"0":"post-78553","1":"post","2":"type-post","3":"status-publish","4":"format-standard","5":"has-post-thumbnail","7":"category-overskrifter","8":"tag-abort","9":"tag-breaking-news","10":"tag-breakingnews","11":"tag-featured-news","12":"tag-featurednews","13":"tag-headlines","14":"tag-hovedoppslag","15":"tag-latest-news","16":"tag-latestnews","17":"tag-main-news","18":"tag-mainnews","19":"tag-news","20":"tag-no","21":"tag-norge","22":"tag-norway","23":"tag-nyheter","24":"tag-overskrifter","25":"tag-top-stories","26":"tag-topstories","27":"tag-vgmeninger"},"share_on_mastodon":{"url":"https:\/\/pubeurope.com\/@no\/115493862733114414","error":""},"_links":{"self":[{"href":"https:\/\/www.europesays.com\/no\/wp-json\/wp\/v2\/posts\/78553","targetHints":{"allow":["GET"]}}],"collection":[{"href":"https:\/\/www.europesays.com\/no\/wp-json\/wp\/v2\/posts"}],"about":[{"href":"https:\/\/www.europesays.com\/no\/wp-json\/wp\/v2\/types\/post"}],"author":[{"embeddable":true,"href":"https:\/\/www.europesays.com\/no\/wp-json\/wp\/v2\/users\/2"}],"replies":[{"embeddable":true,"href":"https:\/\/www.europesays.com\/no\/wp-json\/wp\/v2\/comments?post=78553"}],"version-history":[{"count":0,"href":"https:\/\/www.europesays.com\/no\/wp-json\/wp\/v2\/posts\/78553\/revisions"}],"wp:featuredmedia":[{"embeddable":true,"href":"https:\/\/www.europesays.com\/no\/wp-json\/wp\/v2\/media\/78554"}],"wp:attachment":[{"href":"https:\/\/www.europesays.com\/no\/wp-json\/wp\/v2\/media?parent=78553"}],"wp:term":[{"taxonomy":"category","embeddable":true,"href":"https:\/\/www.europesays.com\/no\/wp-json\/wp\/v2\/categories?post=78553"},{"taxonomy":"post_tag","embeddable":true,"href":"https:\/\/www.europesays.com\/no\/wp-json\/wp\/v2\/tags?post=78553"}],"curies":[{"name":"wp","href":"https:\/\/api.w.org\/{rel}","templated":true}]}}