{"id":78589,"date":"2025-11-04T23:57:11","date_gmt":"2025-11-04T23:57:11","guid":{"rendered":"https:\/\/www.europesays.com\/no\/78589\/"},"modified":"2025-11-04T23:57:11","modified_gmt":"2025-11-04T23:57:11","slug":"fire-dager-fra-helvete","status":"publish","type":"post","link":"https:\/\/www.europesays.com\/no\/78589\/","title":{"rendered":"Fire dager fra helvete"},"content":{"rendered":"<p class=\"kicker bg-black color_mobile_bg-black text-yellow color_mobile_text-yellow align-center mobile_text_align_align-center hasTextPadding mobile-hasTextPadding\" style=\"\">Bod\u00f8\/Glimt i Champions League<\/p>\n<p>  P\u00e5 dr\u00f8ye fire skjebnesvangre d\u00f8gn kan alt ha r\u00f8ket for Bod\u00f8\/Glimts 2025-sesongen. Kjetil Knutsen avfeier teori etter tapet for Monaco.\u00a0<\/p>\n<p>\n    NY KALDDUSJ: Kjetil Knutsen i regnet p\u00e5 Aspmyra under tapet mot Monaco. Foto: Fredrik Varfjell \/ NTB\n  <\/p>\n<p>BOD\u00d8 (Dagbladet): Tapet mot V\u00e5lerenga i helga gj\u00f8r at Viking har en h\u00e5nd p\u00e5 gullet med tre kamper igjen i Eliteserien.\u00a0<\/p>\n<p>Hjemmekampen mot Monaco var sett p\u00e5 som en av kampene Bod\u00f8\/Glimt m\u00e5tte vinne for \u00e5 ta seg inn blant de 24 beste og videre fra seriespillet i Champions League, men slik gikk det ikke.\u00a0<\/p>\n<p>    <a itemprop=\"url\" href=\"https:\/\/www.dagbladet.no\/sport\/ble-tatt-voldsomt\/83803022\" rel=\"nofollow noopener\" target=\"_blank\"><\/p>\n<p>      <img loading=\"lazy\" decoding=\"async\" src=\"https:\/\/www.europesays.com\/no\/wp-content\/uploads\/2025\/11\/1762300630_452_83803055.webp\" width=\"980\" height=\"441\" title=\"- Ble tatt voldsomt\" alt=\"\" class=\"lazyload\" style=\"--aspect-ratio-image: 2.22; \"\/><\/p>\n<p>        &#8211; Ble tatt voldsomt<\/p>\n<p>    <\/a><\/p>\n<p>Glimt-spillerne ble liggende igjen knuste p\u00e5 kunstgresset. Etterp\u00e5 ble Kjetil Knutsen spurt om det n\u00e5 blir aktuelt \u00e5 nedprioritere Champions League i jakten p\u00e5 et nytt gull i Norge. Som ogs\u00e5 gir direktebillett til neste \u00e5rs Champions League-turnering for Glimt.<\/p>\n<p> &#8211; Overhodet ikke. Det ville v\u00e6rt helt ufattelig \u00e5 nedprioritere Champions League, var det klare svaret fra Glimt-treneren da klokken tikket mot midnatt i Bod\u00f8 og en m\u00f8r Knutsen omsider kunne avslutte den skuffende kvelden.<\/p>\n<p>De gule spilte bra, men misset enorme sjanser og tapte i piskregnet p\u00e5 Aspmyra.\u00a0<\/p>\n<p>    <a itemprop=\"url\" href=\"https:\/\/www.dagbladet.no\/sport\/mystisk-russer-til-norge\/83803478\" rel=\"nofollow noopener\" target=\"_blank\"><\/p>\n<p>      <img loading=\"lazy\" decoding=\"async\" src=\"https:\/\/www.europesays.com\/no\/wp-content\/uploads\/2025\/11\/1762300630_604_83803508.webp\" width=\"980\" height=\"441\" title=\"Mystisk russer til Norge\" alt=\"\" class=\"lazyload\" style=\"--aspect-ratio-image: 2.22; \"\/><\/p>\n<p>        Mystisk russer til Norge<\/p>\n<p>    <\/a><\/p>\n<p>Det var en skuffet Kjetil Knutsen som m\u00f8tte TV 2 etter kamp.\u00a0<\/p>\n<p>&#8211; Jeg synes vi gj\u00f8r mye bra. Det er mye kvalitet i v\u00e5rt offensive<br \/>\nspill, helt til vi kommer inn p\u00e5 siste fjerdedel. Der mangler vi litt. Da blir<br \/>\ndet litt for pent og pyntelig, selv om det er mange fine angrep. Jeg savner rotasjon i boks. Vi blir for stillest\u00e5ende, sier Glimt-treneren.\u00a0<\/p>\n<p> Monaco tok ledelsen da Florian Balogun l\u00f8p fra Brede Moe og banket ballen i m\u00e5l fra skr\u00e5tt hold. I tillegg til Moe stilte ogs\u00e5 TV 2s eksperter sp\u00f8rsm\u00e5l ved keeperspillet. <\/p>\n<p>&#8211; Vi har ikke sikringsspillet p\u00e5 plass og oppfatter situasjonen for<br \/>\nsent. Dette er ikke godt nok. Du kan ikke spille Champions League og forsvare<br \/>\ndeg s\u00e5nn, sier Knutsen til TV 2.\u00a0<\/p>\n<p>N\u00e5 m\u00e5 man bare ikke sl\u00e5 Juventus hjemme i november. Men trolig ogs\u00e5 ha med seg resultater mot storlagene Manchester City, Borussia Dortmund og Atletico Madrid.<\/p>\n<p>Moe hadde flere t\u00f8ffe dueller med Balogun, og m\u00e5tte tidvis spille p\u00e5 kanten av regelverket. Ved pause ble han byttet ut for Jostein Gundersen.<\/p>\n<p>          <img loading=\"lazy\" decoding=\"async\" src=\"https:\/\/www.europesays.com\/no\/wp-content\/uploads\/2025\/11\/83810952.webp\" width=\"686\" height=\"460\" title=\"T\u00d8FFE DUELLER: Monacos Florian Balogun og Brede Moe fikk tilsnakk av dommer etter bruduljer p\u00e5 banen. Foto: Mats Torbergsen \/ NTB\" alt=\"\" class=\"\" style=\"--aspect-ratio-image: 1.49; \"\/><\/p>\n<p>\n          T\u00d8FFE DUELLER: Monacos Florian Balogun og Brede Moe fikk tilsnakk av dommer etter bruduljer p\u00e5 banen. Foto: Mats Torbergsen \/ NTB\n      <\/p>\n<p>Etter hvilen l\u00f8ftet Glimt seg. De spilte tidvis fantastisk fotball, men mulighetene ble brent. Spydspiss Kasper H\u00f8gh hadde flere store.<\/p>\n<p>&#8211; N\u00e5 f\u00f8ler jeg med ham, kommenterte Simen Stams\u00f8 M\u00f8ller p\u00e5 TV 2 etter en av de forspilte sjansene.<\/p>\n<p>P\u00e5 slutten ble ogs\u00e5 innbytter Gundersen utvist etter en stygg takling hvor han satset alt, men bommet p\u00e5 ball og traff mann.\u00a0<\/p>\n<p>&#8211; Man har et naivt h\u00e5p om at det ikke skal skje noe, men jeg s\u00e5 at jeg var i tr\u00f8bbel, sier Gundersen til samlet presse etter kampen.<\/p>\n<p>        R\u00d8DT KORT: Jostein Gundersen m\u00f8tte pressen etter hjemmetapet mot Monaco. Video: Dagbladet<\/p>\n<p>&#8211; Jeg kjente jeg traff han godt, det gjorde jeg. Jeg skal ikke st\u00e5 her og si at det var sinnssykt at det ble r\u00f8dt. Jeg var akkurat et millisekund for sein og da traff jeg han og ikke ballen. Det er ikke s\u00e5nn jeg \u00f8nsker \u00e5 bidra, fortsetter han.\u00a0<\/p>\n<p>Til Dagbladet sier han at de mangler litt kvalitet i begge boksene.\u00a0<\/p>\n<p>&#8211; Det er mye kvalitet. Det er i begge boksene det avgj\u00f8res. Vi er kanskje best i banespillet i alle kampene, men det er der det avgj\u00f8res. Det er ingenting \u00e5 grave seg ned over. Vi spiller i Champions League og vi skal fortsette \u00e5 kj\u00f8re p\u00e5, sier Gundersen til Dagbladet. <\/p>\n","protected":false},"excerpt":{"rendered":"Bod\u00f8\/Glimt i Champions League P\u00e5 dr\u00f8ye fire skjebnesvangre d\u00f8gn kan alt ha r\u00f8ket for Bod\u00f8\/Glimts 2025-sesongen. Kjetil Knutsen&hellip;\n","protected":false},"author":2,"featured_media":78590,"comment_status":"","ping_status":"","sticky":false,"template":"","format":"standard","meta":{"footnotes":""},"categories":[5],"tags":[517,20,21,706,24,25,92,15,19,22,23,17,18,13,30,28,29,14,16,83,26,27],"class_list":{"0":"post-78589","1":"post","2":"type-post","3":"status-publish","4":"format-standard","5":"has-post-thumbnail","7":"category-overskrifter","8":"tag-bodo-glimt","9":"tag-breaking-news","10":"tag-breakingnews","11":"tag-champions-league","12":"tag-featured-news","13":"tag-featurednews","14":"tag-fotball","15":"tag-headlines","16":"tag-hovedoppslag","17":"tag-latest-news","18":"tag-latestnews","19":"tag-main-news","20":"tag-mainnews","21":"tag-news","22":"tag-no","23":"tag-norge","24":"tag-norway","25":"tag-nyheter","26":"tag-overskrifter","27":"tag-sport","28":"tag-top-stories","29":"tag-topstories"},"share_on_mastodon":{"url":"https:\/\/pubeurope.com\/@no\/115494141709832889","error":""},"_links":{"self":[{"href":"https:\/\/www.europesays.com\/no\/wp-json\/wp\/v2\/posts\/78589","targetHints":{"allow":["GET"]}}],"collection":[{"href":"https:\/\/www.europesays.com\/no\/wp-json\/wp\/v2\/posts"}],"about":[{"href":"https:\/\/www.europesays.com\/no\/wp-json\/wp\/v2\/types\/post"}],"author":[{"embeddable":true,"href":"https:\/\/www.europesays.com\/no\/wp-json\/wp\/v2\/users\/2"}],"replies":[{"embeddable":true,"href":"https:\/\/www.europesays.com\/no\/wp-json\/wp\/v2\/comments?post=78589"}],"version-history":[{"count":0,"href":"https:\/\/www.europesays.com\/no\/wp-json\/wp\/v2\/posts\/78589\/revisions"}],"wp:featuredmedia":[{"embeddable":true,"href":"https:\/\/www.europesays.com\/no\/wp-json\/wp\/v2\/media\/78590"}],"wp:attachment":[{"href":"https:\/\/www.europesays.com\/no\/wp-json\/wp\/v2\/media?parent=78589"}],"wp:term":[{"taxonomy":"category","embeddable":true,"href":"https:\/\/www.europesays.com\/no\/wp-json\/wp\/v2\/categories?post=78589"},{"taxonomy":"post_tag","embeddable":true,"href":"https:\/\/www.europesays.com\/no\/wp-json\/wp\/v2\/tags?post=78589"}],"curies":[{"name":"wp","href":"https:\/\/api.w.org\/{rel}","templated":true}]}}