{"id":78662,"date":"2025-11-05T02:37:20","date_gmt":"2025-11-05T02:37:20","guid":{"rendered":"https:\/\/www.europesays.com\/no\/78662\/"},"modified":"2025-11-05T02:37:20","modified_gmt":"2025-11-05T02:37:20","slug":"en-rettssak-med-historisk-betydning","status":"publish","type":"post","link":"https:\/\/www.europesays.com\/no\/78662\/","title":{"rendered":"En rettssak med historisk betydning"},"content":{"rendered":"<p class=\"kicker \" style=\"\">Ulf A. Andersen kommenterer:<\/p>\n<p>  Marius Borg H\u00f8iby (28) m\u00f8tte ikke personlig i Oslo tingrett da en av demokratiets mest grunnleggende prinsipper sto p\u00e5 spill \u2013 ytringsfriheten. For meg vitner det om forakt for retten.<\/p>\n<p>\n    B\u00d8R BIDRA: Sjefsredakt\u00f8r i Se og H\u00f8r, Ulf Andre Andersen, mener Marius Borg H\u00f8iby burde v\u00e6rt tilstede under dagens rettsforhandlinger. Foto: Morten Eik\/Se og H\u00f8r\n  <\/p>\n<p>\u00a0N\u00e5r retten skal behandle en sak som handler om selve fundamentet for det \u00e5pne samfunnet, er det naturlig at hovedpersonen m\u00f8ter opp. Tilstedev\u00e6relse handler ikke bare om plikt, men om respekt \u2013 for retten, for prosessen, og for offentligheten som f\u00f8lger med.<\/p>\n<p class=\"font-weight-bold m-font-weight-bold\" data-lab-font_weight=\"font-weight-bold\">At H\u00f8iby valgte \u00e5 bli borte, sender et signal om distanse \u2013 kanskje ogs\u00e5 likegyldighet. Selv om han for tiden er under behandling et sted i M\u00f8re og Romsdal, burde det ikke v\u00e6re umulig \u00e5 sette av \u00e9n dag for \u00e5 vise engasjement i en sak som b\u00e6rer hans eget navn.<\/p>\n<p>    <a itemprop=\"url\" href=\"https:\/\/www.seher.no\/kongelig\/siste-se-og-hor-avsloring-tema-i-retten\/83807122\" rel=\"nofollow noopener\" target=\"_blank\"><\/p>\n<p>      <img loading=\"lazy\" decoding=\"async\" src=\"https:\/\/www.europesays.com\/no\/wp-content\/uploads\/2025\/11\/83800896.webp\" width=\"980\" height=\"441\" title=\"SISTE: Se og H\u00f8r-avsl\u00f8ring tema i retten\" alt=\"\" class=\"lazyload\" style=\"--aspect-ratio-image: 2.22; \"\/><\/p>\n<p>        SISTE: Se og H\u00f8r-avsl\u00f8ring tema i retten<\/p>\n<p>    <\/a><\/p>\n<p>\u00a0<\/p>\n<p>Plikten til \u00e5 bidra\t<\/p>\n<p>Han b\u00f8r selv bidra til sakens opplysning. Det er sv\u00e6rt mange sp\u00f8rsm\u00e5l som kunne ha v\u00e6rt avklart dersom Marius hadde m\u00f8tt og forklart seg for retten. Ikke minst den s\u00e5kalte\u00a0\u00abs\u00f8lvt\u00f8y-episoden\u00bb, som hans advokater har brukt som et sentralt element i argumentasjonen.<\/p>\n<p>          <img loading=\"lazy\" decoding=\"async\" src=\"https:\/\/www.europesays.com\/no\/wp-content\/uploads\/2025\/11\/83807416.webp\" width=\"980\" height=\"559\" title=\"DELTOK IKKE: Marius Borg H\u00f8iby glimret med sitt frav\u00e6r under dagens rettsforhandlinger. Foto: Lise \u00c5serud \/ NTB \/ POOL\" alt=\"\" class=\"\" style=\"--aspect-ratio-image: 1.75; \"\/><\/p>\n<p>\n          DELTOK IKKE: Marius Borg H\u00f8iby glimret med sitt frav\u00e6r under dagens rettsforhandlinger. Foto: Lise \u00c5serud \/ NTB \/ POOL\n      <\/p>\n<p>Her kunne han \u2013 med egne ord \u2013 ha belyst hva som faktisk skjedde. Det ville gitt retten et tydeligere bilde, og ikke minst vist vilje til \u00e5 st\u00e5 for sin versjon. Se og H\u00f8r kunne p\u00e5 sin side ha vitnet om hvordan saken ble h\u00e5ndtert journalistisk, og dermed bidratt til \u00e5 belyse hvorvidt fremstillingen var saklig, rimelig og innenfor presseetikken.<\/p>\n<p>        PUSHET KOKAIN: I den nye boken \u00abHvite striper, sorte f\u00e5r\u00bb fremsettes flere nye p\u00e5stander i saken rundt Marius Borg H\u00f8iby. Foto: Andreas Fadum \/ Aschehoug \/ Se og H\u00f8r \/ NTB \/\/ Video: NTB \/\/ Reporter: H\u00e5vard Bj\u00f8rnerem<\/p>\n<p class=\"font-weight-bold m-font-weight-bold\" data-lab-font_weight=\"font-weight-bold\">N\u00e5r den ene parten velger stillhet, svekkes rettens mulighet til \u00e5 fatte en fullverdig vurdering. Det er ikke bare et taktisk valg \u2013 det er et demokratisk problem.<\/p>\n<p>          <img loading=\"lazy\" decoding=\"async\" src=\"https:\/\/www.europesays.com\/no\/wp-content\/uploads\/2025\/11\/82109556.webp\" width=\"980\" height=\"559\" title=\"SJEFSREDAKT\u00d8R: Ulf Andr\u00e8 Andersen er sjefsredakt\u00f8r i Se og H\u00f8r. Foto: Morten Eik\/Se og H\u00f8r\" alt=\"\" class=\"\" style=\"--aspect-ratio-image: 1.75; \"\/><\/p>\n<p>\n          SJEFSREDAKT\u00d8R: Ulf Andr\u00e8 Andersen er sjefsredakt\u00f8r i Se og H\u00f8r. Foto: Morten Eik\/Se og H\u00f8r\n      <\/p>\n<p>\u00a0<\/p>\n<p>En sak st\u00f8rre enn \u00e9n mann\t<\/p>\n<p>Denne rettssaken handler i realiteten om mer enn Marius Borg H\u00f8iby. Den handler om hvor grensene for offentlighet skal trekkes n\u00e5r det gjelder personer som lever i og rundt kongehuset. Ytringsfriheten er ikke et privilegium for mediene \u2013 det er en garanti for hele samfunnet.<\/p>\n<p>At kongehusets n\u00e6rmeste krets n\u00e5 bruker rettsapparatet til \u00e5 utfordre denne friheten, gj\u00f8r saken historisk interessant \u2013 og potensielt farlig. For hva skjer den dagen monarkiet, som skal samle folket, blir en part i kampen mot \u00e5penhet?<\/p>\n<p>          <img loading=\"lazy\" decoding=\"async\" src=\"https:\/\/www.europesays.com\/no\/wp-content\/uploads\/2025\/11\/1762310236_341_83806530.webp\" width=\"980\" height=\"559\" title=\"I RETTEN: Den nye boken om Marius Borg H\u00f8iby 'Hvite striper, sorte f\u00e5r' diskuteres i retten tirsdag.Foto: Jonas F\u00e6ste Laksekj\u00f8n \/ NTB\" alt=\"\" class=\"\" style=\"--aspect-ratio-image: 1.75; \"\/><\/p>\n<p>\n          I RETTEN: Den nye boken om Marius Borg H\u00f8iby &laquo;Hvite striper, sorte f\u00e5r&raquo; diskuteres i retten tirsdag.Foto: Jonas F\u00e6ste Laksekj\u00f8n \/ NTB\n      <\/p>\n<p>\u00a0<\/p>\n<p>Hvem betaler \u2013 og hvorfor?\t<\/p>\n<p>Forsvarerne har igjen brukt sterke ord om \u201cgr\u00e5dighet\u201d i pressen og forlagsbransjen. Det er alltid spesielt n\u00e5r en advokat anklager andre for \u00e5 v\u00e6re drevet av penger \u2013 s\u00e6rlig i en sak der ingen av dem stiller gratis, eller\u00a0pro bono, som det heter i finere kretser.<\/p>\n<p>        M\u00d8RK DAG: 32 tiltaleposter m\u00f8tte den oppm\u00f8tte pressen n\u00e5r statsadvokaten la frem tiltalen mot Marius Borg H\u00f8iby. Kongehusekspert Caroline Vagle mener dette vil p\u00e5virke kongehuset i stor grad. Foto: NTB \/ Se og H\u00f8r \/\/ Klipp: H\u00e5vard Bj\u00f8rnerem \/\/ Reporter: Caroline Vagle<\/p>\n<p class=\"font-weight-bold m-font-weight-bold\" data-lab-font_weight=\"font-weight-bold\">Det leder til et naturlig sp\u00f8rsm\u00e5l: Hvem betaler for Marius Borg H\u00f8ibys s\u00f8ksm\u00e5l? Det er ingen hemmelighet at han selv ikke eier n\u00e5la i veggen. Dermed peker pilen mot farssiden \u2013 eller, i verste fall, mot kongehuset.<\/p>\n<p>Dersom Slottet eller kongefamilien faktisk bidrar \u00f8konomisk til et s\u00f8ksm\u00e5l mot pressen, st\u00e5r vi overfor noe langt mer alvorlig enn et juridisk oppgj\u00f8r. Da handler det om maktens fors\u00f8k p\u00e5 \u00e5 p\u00e5virke den frie samfunnsdebatten. Et slikt scenario vil v\u00e6re et demokratisk paradoks \u2013 og er et brudd med Kongens rolle som Grunnlovens \u00f8verste beskytter.<\/p>\n<p class=\"italic m-italic\" data-lab-italic=\"italic\">Se og H\u00f8r p\u00e5peker at denne saken ikke er en del av straffesaken mot Marius Borg H\u00f8iby, og m\u00e5 derfor betales av egen lomme.<\/p>\n<p>          <img loading=\"lazy\" decoding=\"async\" src=\"https:\/\/www.europesays.com\/no\/wp-content\/uploads\/2025\/11\/83806566.webp\" width=\"980\" height=\"559\" title=\"FORSVARER MARIUS: Advokat Ellen Holager Anden\u00e6s og Petar Sekulic er Marius Borg H\u00f8ibys forsvarere. De har tatt boken \u00abHvite striper, sorte f\u00e5r\u00bb til retten. Foto: Jonas F\u00e6ste Laksekj\u00f8n \/ NTB\" alt=\"\" class=\"\" style=\"--aspect-ratio-image: 1.75; \"\/><\/p>\n<p>\n          FORSVARER MARIUS: Advokat Ellen Holager Anden\u00e6s og Petar Sekulic er Marius Borg H\u00f8ibys forsvarere. De har tatt boken \u00abHvite striper, sorte f\u00e5r\u00bb til retten. Foto: Jonas F\u00e6ste Laksekj\u00f8n \/ NTB\n      <\/p>\n<p>\u00a0Et sp\u00f8rsm\u00e5l om ansvar\t<\/p>\n<p>Det er vanskelig \u00e5 tro at denne saken er reist uten at kongehuset p\u00e5 et eller annet niv\u00e5 har gitt sin tilslutning. Det i seg selv er problematisk. I stedet for \u00e5 bruke retten som arena for prinsipiell \u00e5penhet, velger man en vei som lukker.<\/p>\n<p>          <img loading=\"lazy\" decoding=\"async\" src=\"https:\/\/www.europesays.com\/no\/wp-content\/uploads\/2025\/11\/83767820.webp\" width=\"980\" height=\"559\" title=\"MANGLENDE SVAR: Kronprinsesse Mette-Marit har valgt \u00e5 holde seg forbausende taus rundt tiltalen som omhandler s\u00f8nnen Marius Borg H\u00f8iby. Foto: Lise \u00c5serud \/ NTB \/ POOL\" alt=\"\" class=\"\" style=\"--aspect-ratio-image: 1.75; \"\/><\/p>\n<p>\n          MANGLENDE SVAR: Kronprinsesse Mette-Marit har valgt \u00e5 holde seg forbausende taus rundt tiltalen som omhandler s\u00f8nnen Marius Borg H\u00f8iby. Foto: Lise \u00c5serud \/ NTB \/ POOL\n      <\/p>\n<p>Kongehuset kunne \u2013 og burde \u2013 vist at de t\u00e5ler offentlighetens s\u00f8kelys. \u00c5penhet styrker tillit. Stillhet og lukkede d\u00f8rer gj\u00f8r det motsatte.<\/p>\n<p>N\u00e5r den som st\u00e5r n\u00e6r tronen lar advokater f\u00f8re en kamp mot pressen i hans navn, uten selv \u00e5 m\u00f8te opp, blir signalet uklart \u2013 og uverdig.<\/p>\n<p>        DEL 4: I et nytt lydklipp fra sjokksamtalen mellom Marius Borg H\u00f8iby (27) og to spanere fra organisert kriminalitet i politiet er kokainavhengigheten til Marius et tema.<br \/>\nSplash-foto: All Over Press<\/p>\n<p>\u00a0<\/p>\n<p>Et rettsoppgj\u00f8r med symbolverdi\t<\/p>\n<p>Saken mot pressen kan bli et vannskille. Den handler ikke bare om privatliv og vern, men om selve grensene for norsk offentlighet.<\/p>\n<p>Marius Borg H\u00f8iby kunne brukt denne dagen i retten til \u00e5 vise at han st\u00e5r for sine meninger og \u00f8nsker sannheten frem. I stedet ble frav\u00e6ret st\u00e5ende som et symbol \u2013 p\u00e5 en prinsippdebatt der den ene parten valgte \u00e5 tie.<\/p>\n<p class=\"font-weight-bold m-font-weight-bold\" data-lab-font_weight=\"font-weight-bold\">Og kanskje er det nettopp stillheten som sier mest.<\/p>\n<p class=\"font-weight-bold m-font-weight-bold italic m-italic\" data-lab-font_weight=\"font-weight-bold\" data-lab-italic=\"italic\">Les mer om rettsaken under her:<\/p>\n<p>    <a itemprop=\"url\" href=\"https:\/\/www.seher.no\/kongelig\/kilder-til-se-og-hor-anklaget-vennene-for-tyveri\/83800488\" rel=\"nofollow noopener\" target=\"_blank\"><\/p>\n<p>      <img loading=\"lazy\" decoding=\"async\" src=\"https:\/\/www.europesays.com\/no\/wp-content\/uploads\/2025\/11\/83800870.webp\" width=\"980\" height=\"441\" title=\"Kilder til Se og H\u00f8r:- Anklaget vennene for tyveri\" alt=\"\" class=\"lazyload\" style=\"--aspect-ratio-image: 2.22; \"\/><\/p>\n<p>        Kilder til Se og H\u00f8r:- Anklaget vennene for tyveri<\/p>\n<p>    <\/a><\/p>\n<p>    <a itemprop=\"url\" href=\"https:\/\/www.seher.no\/kongelig\/siste-se-og-hor-avsloring-tema-i-retten\/83807122\" rel=\"nofollow noopener\" target=\"_blank\"><\/p>\n<p>      <img loading=\"lazy\" decoding=\"async\" src=\"https:\/\/www.europesays.com\/no\/wp-content\/uploads\/2025\/11\/83800896.webp\" width=\"980\" height=\"441\" title=\"SISTE: Se og H\u00f8r-avsl\u00f8ring tema i retten\" alt=\"\" class=\"lazyload\" style=\"--aspect-ratio-image: 2.22; \"\/><\/p>\n<p>        SISTE: Se og H\u00f8r-avsl\u00f8ring tema i retten<\/p>\n<p>    <\/a><\/p>\n","protected":false},"excerpt":{"rendered":"Ulf A. Andersen kommenterer: Marius Borg H\u00f8iby (28) m\u00f8tte ikke personlig i Oslo tingrett da en av demokratiets&hellip;\n","protected":false},"author":2,"featured_media":78663,"comment_status":"","ping_status":"","sticky":false,"template":"","format":"standard","meta":{"footnotes":""},"categories":[10],"tags":[20,21,4104,24,25,15,9975,479,22,23,400,13,30,28,29,14,16,9976,26,27,4283],"class_list":{"0":"post-78662","1":"post","2":"type-post","3":"status-publish","4":"format-standard","5":"has-post-thumbnail","7":"category-norge","8":"tag-breaking-news","9":"tag-breakingnews","10":"tag-eksklusivt","11":"tag-featured-news","12":"tag-featurednews","13":"tag-headlines","14":"tag-hvite-striper","15":"tag-kjendis","16":"tag-latest-news","17":"tag-latestnews","18":"tag-marius-borg-hoiby","19":"tag-news","20":"tag-no","21":"tag-norge","22":"tag-norway","23":"tag-nyheter","24":"tag-overskrifter","25":"tag-sorte-far","26":"tag-top-stories","27":"tag-topstories","28":"tag-ulf-andre-andersen"},"share_on_mastodon":{"url":"https:\/\/pubeurope.com\/@no\/115494770796163869","error":""},"_links":{"self":[{"href":"https:\/\/www.europesays.com\/no\/wp-json\/wp\/v2\/posts\/78662","targetHints":{"allow":["GET"]}}],"collection":[{"href":"https:\/\/www.europesays.com\/no\/wp-json\/wp\/v2\/posts"}],"about":[{"href":"https:\/\/www.europesays.com\/no\/wp-json\/wp\/v2\/types\/post"}],"author":[{"embeddable":true,"href":"https:\/\/www.europesays.com\/no\/wp-json\/wp\/v2\/users\/2"}],"replies":[{"embeddable":true,"href":"https:\/\/www.europesays.com\/no\/wp-json\/wp\/v2\/comments?post=78662"}],"version-history":[{"count":0,"href":"https:\/\/www.europesays.com\/no\/wp-json\/wp\/v2\/posts\/78662\/revisions"}],"wp:featuredmedia":[{"embeddable":true,"href":"https:\/\/www.europesays.com\/no\/wp-json\/wp\/v2\/media\/78663"}],"wp:attachment":[{"href":"https:\/\/www.europesays.com\/no\/wp-json\/wp\/v2\/media?parent=78662"}],"wp:term":[{"taxonomy":"category","embeddable":true,"href":"https:\/\/www.europesays.com\/no\/wp-json\/wp\/v2\/categories?post=78662"},{"taxonomy":"post_tag","embeddable":true,"href":"https:\/\/www.europesays.com\/no\/wp-json\/wp\/v2\/tags?post=78662"}],"curies":[{"name":"wp","href":"https:\/\/api.w.org\/{rel}","templated":true}]}}