{"id":78704,"date":"2025-11-05T05:43:11","date_gmt":"2025-11-05T05:43:11","guid":{"rendered":"https:\/\/www.europesays.com\/no\/78704\/"},"modified":"2025-11-05T05:43:11","modified_gmt":"2025-11-05T05:43:11","slug":"derfor-holdt-han-babynyheten-hemmelig","status":"publish","type":"post","link":"https:\/\/www.europesays.com\/no\/78704\/","title":{"rendered":"Derfor holdt han babynyheten hemmelig"},"content":{"rendered":"<p>De sikret Norge en solid f\u00f8rsteplass hos folket i Eurovision Song Contest tilbake i 2019, med \u00abSpirit In The Sky\u00bb. Men takket v\u00e6re fagjuryen ble det til slutt en sjetteplass.\u00a0<\/p>\n<p>Siden den gang har det g\u00e5tt slag i slag for Keiino, best\u00e5ende av Alexandra Rotan, Tom Hugo Hermansen og Fred Buljo. For i tillegg til seieren i Melodi Grand Prix 2019, kan bandet skimte med to andreplasser i samme konkurranse. Henholdsvis med\u00a0\u00abMonument\u00bb i 2021 og\u00a0\u00abDamdigida\u00bb i 2024.\u00a0<\/p>\n<p>Buljo har ogs\u00e5 blitt far for f\u00f8rste gang, til Ailo. Den lille gutten kom til verden v\u00e5ren 2023. S\u00f8nnen har han med\u00a0forloveden Oddveig Marie Brenno.<\/p>\n<p>        <img class=\"image__img lazyload\" itemprop=\"image\" title=\"Foto: Frode Sunde \/ TV 2\" alt=\"FORELDRE: Paret fikk sitt f\u00f8rste barn i mai 2023. Foto: Frode Sunde \/ TV 2\" width=\"675\" height=\"426\" bad-src=\"https:\/\/www.europesays.com\/no\/wp-content\/uploads\/2025\/11\/17480910.webp\" fetchpriority=\"auto\" \/><\/p>\n<p>      FORELDRE: Paret fikk sitt f\u00f8rste barn i mai 2023.<br \/>\n         Foto: Frode Sunde \/ TV 2<\/p>\n<p>Mistet barn<\/p>\n<p>Man skulle kanskje ha trodd at Rotan og Hermansen var blant de f\u00f8rste til \u00e5 f\u00e5 vite at joikeren skulle bli far, men nei.<\/p>\n<p>Buljo ventet nemlig med \u00e5 fortelle bandkollegaene om den gledelige nyheten. Det var f\u00f8rst tett opp mot termin at han valgte \u00e5 r\u00f8pe graviditeten.<\/p>\n<p>\u2013 Det kan nesten h\u00f8res ut som en intern sp\u00f8k fra min side,<br \/>\nog det er ganske typisk for meg og min humor, men jeg hadde planlagt \u00e5 fortelle nyheten om at vi skulle f\u00e5 barn p\u00e5<br \/>\nv\u00e5r siste kveld p\u00e5 turn\u00e9 i Storbritannia.\u00a0Som en fin avslutning p\u00e5 turen, forteller Buljo overfor TV 2, f\u00f8r han fortsetter:<\/p>\n<p>    <a class=\"article__link\" data-ga-active-label=\"\" data-ga-active-label-animation=\"\" href=\"https:\/\/www.tv2.no\/underholdning\/apner-seg-kjenner-pa-et-stort-savn\/17286878\/\" rel=\"nofollow noopener\" target=\"_blank\"><\/p>\n<p>    <img class=\"image__img lazyload\" itemprop=\"image\" title=\"\" alt=\"\" width=\"978\" height=\"411\" bad-src=\"https:\/\/www.europesays.com\/no\/wp-content\/uploads\/2025\/11\/17288105.webp\" fetchpriority=\"auto\" \/><\/p>\n<p>\n            \u00c5pner seg: \u2013 Kjenner p\u00e5 et stort savn\n        <\/p>\n<p>    <\/a><\/p>\n<p class=\"bold m-bold\" data-lab-font_weight=\"bold\">\u2013 Bakteppet for at jeg ventet s\u00e5pass lenge er noe jeg ikke har fortalt til<br \/>\ns\u00e5 mange f\u00f8r, og som f\u00f8rst n\u00e5 f\u00f8les greit \u00e5 snakke om. Jeg og samboeren min<br \/>\nmistet barnet v\u00e5rt under v\u00e5rt f\u00f8rste svangerskap. Det var en veldig vanskelig<br \/>\nperiode, og en sorg jeg aldri hadde kjent p\u00e5 f\u00f8r.\u00a0<\/p>\n<p>De var derfor redde for<br \/>\nat det skulle skje igjen.<\/p>\n<p>\u2013 Vi fortalte det ikke til s\u00e5 mange. Det var nok en<br \/>\nforsvarsmekanisme hos meg, for \u00e5 sk\u00e5ne meg selv om det skulle g\u00e5 galt igjen.<\/p>\n<p>\u2013 Ikke flink til \u00e5 prate om f\u00f8lelser<\/p>\n<p>Buljo forsto f\u00f8rst i ettertid at han var inne i en depresjon.\u00a0<\/p>\n<p>\u2013\u00a0Jeg er<br \/>\nav natur ikke s\u00e5 flink til \u00e5 prate om f\u00f8lelser, og jeg brukte mye tid p\u00e5 \u00e5 v\u00e6re<br \/>\nute p\u00e5 byen, som en virkelighetsflukt for \u00e5 slippe \u00e5 kjenne p\u00e5 de vonde<br \/>\nf\u00f8lelsene og for \u00e5 komme meg gjennom perioden.\u00a0<\/p>\n<p>Det ble et vondt m\u00f8nster, forteller han \u00e6rlig videre.\u00a0<\/p>\n<p>\u2013 Heldigvis finnes det hjelp \u00e5 f\u00e5, bare man t\u00f8r \u00e5 snakke om det og \u00e5pne seg opp<br \/>\nom problemene sine.<\/p>\n<p>\u2013 Kanskje spesielt for menn kan terskelen v\u00e6re h\u00f8y for \u00e5 opps\u00f8ke hjelp for sin<br \/>\nmentale helse, det kjente jeg p\u00e5 selv f\u00f8r min f\u00f8rste time hos fagpersoner. For<br \/>\nmeg hjalp det, sammen med st\u00f8tte fra familien, Keiino og andre n\u00e6re venner som<br \/>\nviste st\u00f8tte n\u00e5r jeg hadde det d\u00e5rlig.\u00a0N\u00e5 har jeg det bedre enn noen gang.<\/p>\n<p>\u2013 En fantastisk hyggelig nyhet<\/p>\n<p>De to andre medlemmene av Keiino, er ikke overrasket over at kameraten valgte \u00e5 vente.<\/p>\n<p>\u2013\u00a0Det var en utrolig<br \/>\noverraskende, men en fantastisk hyggelig nyhet!<br \/>\nDet er veldig g\u00f8y og typisk Fred at en s\u00e5 stor nyhet kommer bardust p\u00e5 rett f\u00f8r<br \/>\ntermin. Man m\u00e5 jo bare le, forteller Rotan overfor TV 2.<\/p>\n<p>    <a class=\"article__link\" data-ga-active-label=\"\" data-ga-active-label-animation=\"\" href=\"https:\/\/www.tv2.no\/underholdning\/keiino-profil-deler-gladnyhet\/17479674\/\" rel=\"nofollow noopener\" target=\"_blank\"><\/p>\n<p>    <img class=\"image__img lazyload\" itemprop=\"image\" title=\"\" alt=\"\" width=\"978\" height=\"411\" bad-src=\"https:\/\/www.europesays.com\/no\/wp-content\/uploads\/2025\/11\/14012625.webp\" fetchpriority=\"auto\" \/><\/p>\n<p>\n            KEiiNO-profil deler gladnyhet\n        <\/p>\n<p>    <\/a><\/p>\n<p>Selv om bandets joiker forsvant ut i pappaperm, stoppet ikke arbeidet med ny musikk. Fredag ga de nemlig ut sitt andre studioalbum\u00a0\u00abChromium Heart\u00bb.<\/p>\n<p>\u2013 Det var helt naturlig at Fred skulle f\u00e5 lov til \u00e5 v\u00e6re<br \/>\npappa til skj\u00f8nneste Ailo og nyte den tiden. Tom og jeg jobbet med l\u00e5ter til albumet v\u00e5rt\u00a0da Fred hadde pappaperm, men<br \/>\nsiden vi er en s\u00e5 sammensveiset gjeng gikk det helt fint at vi ikke var<br \/>\nfulltallige p\u00e5 akkurat det, sier Rotan, f\u00f8r hun fortsetter:\u00a0<\/p>\n<p>\u2013 Det er vel det som er magien i \u00e5 jobbe i denne<br \/>\ntrioen, at ikke alt trengs \u00e5 gj\u00f8res samtidig.\u00a0<\/p>\n<p>Har en beroligende effekt<\/p>\n<p>Hermansen avsl\u00f8rer at de f\u00f8lte at det var litt\u00a0\u00abhjemme alene-fest\u00bb, mens Buljo var hjemme med den nybakte s\u00f8nnen.<\/p>\n<p>\u2013\u00a0At to av oss har et h\u00f8yere turtall en majoriteten gj\u00f8r at vi<br \/>\nf\u00e5r gjort veldig mye, og\u00a0Fred fungerer som et beroligende \u00ablodd\u00bb i gjengen. N\u00e5r<br \/>\ndet da forsvant fra v\u00e5r lille bedrift i en periode, ble det nok noe mer<br \/>\nspontanitet, p\u00e5 godt og vondt.\u00a0<\/p>\n<p>Det tok likevel ikke lang tid f\u00f8r alt var som f\u00f8r, og selve innspillingen kunne sette i gang. Bandmedlemmene forteller at om noe, s\u00e5 hadde Buljo en enda mer beroligende effekt p\u00e5 gjengen enn f\u00f8r.<\/p>\n<p>\u2013 Vi oppdaget\u00a0at Fred har en f\u00f8lsom falsett\u00a0som vi ikke<br \/>\nhadde h\u00f8rt f\u00f8r, men som passet perfekt i vokalmiksen. Kanskje det var noen<br \/>\nm\u00e5neder der power-joik var erstattet\u00a0med rolige nattasanger\u00a0som hadde gjort utslaget.<br \/>\nMagisk ble det i alle fall, mener Hermansen.<\/p>\n<p>\u00a0At Keiino n\u00e5 har f\u00e5tt et nytt medlem er fantastisk, avslutter Rotan.<\/p>\n<p>\u2013 Ailo er en<br \/>\ns\u00e5 nydelig liten gutt! Det er veldig g\u00f8y \u00e5 se en<br \/>\n\u00abmini-Fred\u00bb vokse opp, etter alle \u00e5r sammen p\u00e5 veien. Vi gleder oss til \u00e5 kunne f\u00e5 v\u00e6re \u00abekstra\u00bb onkel og tante i fremtiden.<\/p>\n","protected":false},"excerpt":{"rendered":"De sikret Norge en solid f\u00f8rsteplass hos folket i Eurovision Song Contest tilbake i 2019, med \u00abSpirit In&hellip;\n","protected":false},"author":2,"featured_media":78705,"comment_status":"","ping_status":"","sticky":false,"template":"","format":"standard","meta":{"footnotes":""},"categories":[58],"tags":[71,30,28,29,72],"class_list":{"0":"post-78704","1":"post","2":"type-post","3":"status-publish","4":"format-standard","5":"has-post-thumbnail","7":"category-underholdning","8":"tag-entertainment","9":"tag-no","10":"tag-norge","11":"tag-norway","12":"tag-underholdning"},"share_on_mastodon":{"url":"https:\/\/pubeurope.com\/@no\/115495502062592172","error":""},"_links":{"self":[{"href":"https:\/\/www.europesays.com\/no\/wp-json\/wp\/v2\/posts\/78704","targetHints":{"allow":["GET"]}}],"collection":[{"href":"https:\/\/www.europesays.com\/no\/wp-json\/wp\/v2\/posts"}],"about":[{"href":"https:\/\/www.europesays.com\/no\/wp-json\/wp\/v2\/types\/post"}],"author":[{"embeddable":true,"href":"https:\/\/www.europesays.com\/no\/wp-json\/wp\/v2\/users\/2"}],"replies":[{"embeddable":true,"href":"https:\/\/www.europesays.com\/no\/wp-json\/wp\/v2\/comments?post=78704"}],"version-history":[{"count":0,"href":"https:\/\/www.europesays.com\/no\/wp-json\/wp\/v2\/posts\/78704\/revisions"}],"wp:featuredmedia":[{"embeddable":true,"href":"https:\/\/www.europesays.com\/no\/wp-json\/wp\/v2\/media\/78705"}],"wp:attachment":[{"href":"https:\/\/www.europesays.com\/no\/wp-json\/wp\/v2\/media?parent=78704"}],"wp:term":[{"taxonomy":"category","embeddable":true,"href":"https:\/\/www.europesays.com\/no\/wp-json\/wp\/v2\/categories?post=78704"},{"taxonomy":"post_tag","embeddable":true,"href":"https:\/\/www.europesays.com\/no\/wp-json\/wp\/v2\/tags?post=78704"}],"curies":[{"name":"wp","href":"https:\/\/api.w.org\/{rel}","templated":true}]}}