{"id":78721,"date":"2025-11-05T06:12:19","date_gmt":"2025-11-05T06:12:19","guid":{"rendered":"https:\/\/www.europesays.com\/no\/78721\/"},"modified":"2025-11-05T06:12:19","modified_gmt":"2025-11-05T06:12:19","slug":"siste-vinter-uten-skredtarn-her-prosjekteringsarbeidet-godt-i-gang-altaposten-no","status":"publish","type":"post","link":"https:\/\/www.europesays.com\/no\/78721\/","title":{"rendered":"(+) Siste vinter uten skredt\u00e5rn her: \u2013 Prosjekteringsarbeidet godt i gang &#8211; altaposten.no"},"content":{"rendered":"<ol>\n<li><a href=\"https:\/\/news.google.com\/rss\/articles\/CBMirwFBVV95cUxPZlJsVXFla01wUVZQWFFIWnJudEEtdnhjdlNwT2tManBlNDN1X0ZvNWJaM0l2bm1mTFNHRF9sQ1FnR0kycFVwUUdUd2ZaSHg1V2w3QWRNTHNCVUZFVnA4MVdNaHNnMU85eDVvc0VpdVM0Rk9NVEFkNUF5V1BMeklOWkpIRXR4X2Q4T1dTUnltQWxLa0tic0ZmRGM5eTU2NExxUnZVSW40YVUzdTFaSGNR?oc=5\" target=\"_blank\" rel=\"nofollow noopener\">(+) Siste vinter uten skredt\u00e5rn her: \u2013 Prosjekteringsarbeidet godt i gang<\/a>&nbsp;&nbsp;altaposten.no<\/li>\n<li><a href=\"https:\/\/news.google.com\/rss\/articles\/CBMixAFBVV95cUxNRVJuTTA3SnhZR3NzMXlTaWNHTVdDb2Y2UmN1ZWMzalNlOC00d25nMHRHbGdScG9IeGVCaFpRclU1OElUQi1BYVJ6VUEtUTM4M1BDbVJZeEpyZUVmbHZ4c0lJd2M3amhvOTJscDNRM3E5V2NFQndNQ0llUkdRSXloVG16cFpzOWlFZEI2bGZYMHlwZnVUM1JWTFQtWG5RQUFIZW5XRFBqX3c0bzRIN1lxMDlkal91b2hnWGpwUXNzS3JEOVQw?oc=5\" target=\"_blank\" rel=\"nofollow noopener\">Fjernstyrte skredt\u00e5rn skal sikre fjelloverganger i vinter<\/a>&nbsp;&nbsp;TV2.no<\/li>\n<li><a href=\"https:\/\/news.google.com\/rss\/articles\/CBMiekFVX3lxTFBmS0xmb3BucDNmWnhRWXJDbnM3Q05zcmd2cFVMaUFXak9XN0JNXzh3cDdLV3ZTYm5FVlB2NnZaTjVMdHhWbzdsZ0NhU0t6QjQ0eGlfX3lla3I3VmdaczFILVFFQnNVZE9zcklaWGVIeDNpdDJQRHdXMnlR?oc=5\" target=\"_blank\" rel=\"nofollow noopener\">Fleire fjellovergangar skredsikra<\/a>&nbsp;&nbsp;nyss.no<\/li>\n<li><a href=\"https:\/\/news.google.com\/rss\/articles\/CBMipwFBVV95cUxPZ1kwYm1iUXpyaTlDenNRN0VadGVDY0hxUVRYdWg2YUhKeDlFa3FUNTdQLTJGYzBCUHdqS1RWSkg5T293WUlGbmhuckpoN0hnb3pyT3hxMEs3dkFRVmN3TU16QzNRbmxmRnRYLWJUNU9ld0xTZmVMNi1xMUd1NjNfS0VmVEJuWmc2TDJ2SWhzYWkwX0stZ3V2STJVVE5XUi1vVTBWMFBvOA?oc=5\" target=\"_blank\" rel=\"nofollow noopener\">\u2013 Seks skredt\u00e5rn er monterte p\u00e5 Strynefjellet. Alle i Grasdalen, seier Nj\u00e5l Farestveit i Statens vegvesen.<\/a>&nbsp;&nbsp;fjordabladet.no<\/li>\n<li><a href=\"https:\/\/news.google.com\/rss\/articles\/CBMibEFVX3lxTE4yU2pVOFcyS3VZdThpVVI3TFhFUVpRbExrZTZtN1FRVld4UzZSWXllakhIZDZEQVZ0Uk9yQlBqZXJWU1dzajA0aURiTzlFWHVQc1g5WUszb2gzSHZ4QmxXY1F2UWhuVGFFdFBOdA?oc=5\" target=\"_blank\" rel=\"nofollow noopener\">Skredt\u00e5rn p\u00e5 plass<\/a>&nbsp;&nbsp;fjuken.no<\/li>\n<\/ol>\n","protected":false},"excerpt":{"rendered":"(+) Siste vinter uten skredt\u00e5rn her: \u2013 Prosjekteringsarbeidet godt i gang&nbsp;&nbsp;altaposten.no Fjernstyrte skredt\u00e5rn skal sikre fjelloverganger i vinter&nbsp;&nbsp;TV2.no&hellip;\n","protected":false},"author":2,"featured_media":78722,"comment_status":"","ping_status":"","sticky":false,"template":"","format":"standard","meta":{"footnotes":""},"categories":[10],"tags":[215,20,21,834,24,25,15,10796,22,23,13,30,28,29,14,16,1899,26,27],"class_list":{"0":"post-78721","1":"post","2":"type-post","3":"status-publish","4":"format-standard","5":"has-post-thumbnail","7":"category-norge","8":"tag-alta","9":"tag-breaking-news","10":"tag-breakingnews","11":"tag-e6","12":"tag-featured-news","13":"tag-featurednews","14":"tag-headlines","15":"tag-langfjorden","16":"tag-latest-news","17":"tag-latestnews","18":"tag-news","19":"tag-no","20":"tag-norge","21":"tag-norway","22":"tag-nyheter","23":"tag-overskrifter","24":"tag-statens-vegvesen","25":"tag-top-stories","26":"tag-topstories"},"share_on_mastodon":{"url":"https:\/\/pubeurope.com\/@no\/115495616079443220","error":""},"_links":{"self":[{"href":"https:\/\/www.europesays.com\/no\/wp-json\/wp\/v2\/posts\/78721","targetHints":{"allow":["GET"]}}],"collection":[{"href":"https:\/\/www.europesays.com\/no\/wp-json\/wp\/v2\/posts"}],"about":[{"href":"https:\/\/www.europesays.com\/no\/wp-json\/wp\/v2\/types\/post"}],"author":[{"embeddable":true,"href":"https:\/\/www.europesays.com\/no\/wp-json\/wp\/v2\/users\/2"}],"replies":[{"embeddable":true,"href":"https:\/\/www.europesays.com\/no\/wp-json\/wp\/v2\/comments?post=78721"}],"version-history":[{"count":0,"href":"https:\/\/www.europesays.com\/no\/wp-json\/wp\/v2\/posts\/78721\/revisions"}],"wp:featuredmedia":[{"embeddable":true,"href":"https:\/\/www.europesays.com\/no\/wp-json\/wp\/v2\/media\/78722"}],"wp:attachment":[{"href":"https:\/\/www.europesays.com\/no\/wp-json\/wp\/v2\/media?parent=78721"}],"wp:term":[{"taxonomy":"category","embeddable":true,"href":"https:\/\/www.europesays.com\/no\/wp-json\/wp\/v2\/categories?post=78721"},{"taxonomy":"post_tag","embeddable":true,"href":"https:\/\/www.europesays.com\/no\/wp-json\/wp\/v2\/tags?post=78721"}],"curies":[{"name":"wp","href":"https:\/\/api.w.org\/{rel}","templated":true}]}}