{"id":78807,"date":"2025-11-05T08:13:07","date_gmt":"2025-11-05T08:13:07","guid":{"rendered":"https:\/\/www.europesays.com\/no\/78807\/"},"modified":"2025-11-05T08:13:07","modified_gmt":"2025-11-05T08:13:07","slug":"er-mamdani-demokratenes-hap-eller-en-gavepakke-til-trump","status":"publish","type":"post","link":"https:\/\/www.europesays.com\/no\/78807\/","title":{"rendered":"Er Mamdani demokratenes h\u00e5p eller en gavepakke til Trump?"},"content":{"rendered":"\n<p class=\"_prefix_nfjwc_1 layout-padded\">Meninger<br \/>Kommentar<\/p>\n<p class=\"_lead_o9xde_2 _lead_xtcu6_50 layout-component text-serif-m layout-normal text-serif-l _lead_1eue0_21 layout-component layout-normal layout-padded layout-padded\">Zohran Mamdani, f\u00f8dt i Afrika av indiske foreldre, blir New Yorks f\u00f8rste muslimske borgermester. <\/p>\n<p>Skriver om krigen i Ukraina, sjakk, Formel 1, idrettspolitikk, m.m.. Utdannet ved NMBU og Moskvas statsuniversitet. Hobbybonde.<\/p>\n<p><a href=\"https:\/\/www.vg.no\/nyheter\/i\/0VewxA\/mailto:ole.kristian.strom@vg.no\" class=\"_button_6bkpv_2 button-label-large _filled_6bkpv_106 _button_1t7m8_75\" rel=\"nofollow noopener\" target=\"_blank\">E-post<\/a><img alt=\"Zohran Mamdani feirer valgseieren sammen med sin kone Rama Duwaji natt til onsdag norsk tid. Foto: ANGELA WEISS \/ AFP\" class=\"_image_qp4xg_65 layout-component layout-wide\" data-fullscreen- data-track-element-type=\"Article image fullscreen\" data-track-name=\"ImageFullscreen\" fetchpriority=\"high\" decoding=\"sync\" loading=\"eager\" height=\"2502\" itemprop=\"image\"  src=\"https:\/\/www.europesays.com\/no\/wp-content\/uploads\/2025\/11\/c8b34124-b976-4580-9ad3-fa25bb1fc4ec\"  style=\"object-position:0% 0%\" width=\"3338\"\/>Zohran Mamdani feirer valgseieren sammen med sin kone Rama Duwaji natt til onsdag norsk tid. Foto: ANGELA WEISS \/ AFPOnsdag 5. november kl. 08:54     <\/p>\n<p class=\"_paragraph_o9xde_4 _paragraph_xtcu6_10 layout-component text-serif-m layout-normal text-serif-m layout-padded\">En 34 \u00e5r gammel, demokratisk sosialistdemokratisk sosialistEn person som st\u00f8tter en politisk ideologi som kombinerer demokrati med sosialistiske prinsipper, som ofte inneb\u00e6rer st\u00f8rre statlig involvering i \u00f8konomien og velferdssystemet.<br \/>\n som blir borgermester i <a href=\"https:\/\/www.vg.no\/tag\/usa?utm_source=vg-article&amp;utm_medium=auto-tagger&amp;utm_campaign=0VewxA\" class=\"_link_o9xde_39\" rel=\"nofollow noopener\" target=\"_blank\">USAs<\/a> st\u00f8rste by er i seg selv sensasjonelt. Men om Zohran Mamdani-hypen vil hjelpe Demokratene opp av gj\u00f8rma, er mer usikkert.<\/p>\n<p class=\"_paragraph_o9xde_4 _paragraph_xtcu6_10 layout-component text-serif-m layout-normal text-serif-m layout-padded\">Det er selvf\u00f8lgelig oppsiktsvekkende n\u00e5r over 10.000 tilhengere drar til en stadion i Queens for \u00e5 se og h\u00f8re en politiker f\u00f8r et borgermestervalg.<\/p>\n<p class=\"_paragraph_o9xde_4 _paragraph_xtcu6_10 layout-component text-serif-m layout-normal text-serif-m layout-padded\">Det er ogs\u00e5 oppsiktsvekkende hvordan Mamdani, som mange ytre h\u00f8yre-politikere f\u00f8r ham, herjer p\u00e5 TikTok og vinner unge velgere der. Han har knekt koden for \u00e5 n\u00e5 unge. Hans budskap er at systemet stjeler pengene og fremtiden deres. Han lover dem lavere levekostnader.<\/p>\n<p class=\"_paragraph_o9xde_4 _paragraph_xtcu6_10 layout-component text-serif-m layout-normal text-serif-m layout-padded\">S\u00e5nn sett er han en ny stjerne i det demokratiske partiet, som sliter voldsomt etter at Trump vant presidentvalget, og de ikke har klart \u00e5 komme seg p\u00e5 beina igjen.<\/p>\n<p class=\"_paragraph_o9xde_4 _paragraph_xtcu6_10 layout-component text-serif-m layout-normal text-serif-m layout-padded\">Derfor dr\u00f8mmer mange demokrater om at Mamdani skal klare \u00e5 gj\u00f8re New York til et utstillingsvindu for deres politikk.<\/p>\n<p class=\"_paragraph_o9xde_4 _paragraph_xtcu6_10 layout-component text-serif-m layout-normal text-serif-m layout-padded\">Men: Mamdani kan aldri bli president ettersom han ikke er f\u00f8dt i USA (og foreldrene var heller ikke amerikanske da han ble f\u00f8dt).<\/p>\n<p class=\"_paragraph_o9xde_4 _paragraph_xtcu6_10 layout-component text-serif-m layout-normal text-serif-m layout-padded\">Og: Kan Mamdani snarere v\u00e6re en gavepakke til Donald Trump?<\/p>\n<p class=\"_paragraph_o9xde_4 _paragraph_xtcu6_10 layout-component text-serif-m layout-normal text-serif-m layout-padded\">Selv om Mamdani kaller seg \u00abTrumps mareritt\u00bb og Trump skjeller ut Mamdani og kaller ham \u00abkommunistisk g\u00e6rning\u00bb, s\u00e5 har de faktisk en god del felles. De er populister, riktignok p\u00e5 hver sin side, men begge har en god evne til \u00e5 n\u00e5 frem til sine velgere.<\/p>\n<p class=\"_paragraph_o9xde_4 _paragraph_xtcu6_10 layout-component text-serif-m layout-normal text-serif-m layout-padded\">Selv om Demokratene gjennom Mamdani kan f\u00e5 en viktig vitamininnspr\u00f8yting, er det ogs\u00e5 de som frykter at han kan bli det perfekte fiendebildet for mannen som elsker fiendebilder, Donald Trump.<\/p>\n<p class=\"_paragraph_o9xde_4 _paragraph_xtcu6_10 layout-component text-serif-m layout-normal text-serif-m layout-padded\">Hvorfor?<\/p>\n<p class=\"_paragraph_o9xde_4 _paragraph_xtcu6_10 layout-component text-serif-m layout-normal text-serif-m layout-padded\">Fordi han ligger s\u00e5 ekstremt langt ut til venstre i amerikansk sammenheng, faktisk til dels til venstre for en norsk sosialdemokrat \u2013 mens en tradisjonell amerikansk demokrat vil tilh\u00f8re h\u00f8yresiden i norsk politikk. Mange demokrater frykter at Mamdanis politikk skal skyve oppfatningen av partiet s\u00e5 langt til venstre at det i virkeligheten vil styrke Trumps republikanske parti.<\/p>\n<p class=\"_paragraph_o9xde_4 _paragraph_xtcu6_10 layout-component text-serif-m layout-normal text-serif-m layout-padded\">For Trump er Mamdani en ideell motstander \u2013 og for Mamdani er Trump en ideell motstander. Trolig kommer konflikten mellom dem til \u00e5 eskalere n\u00e5. Trump har allerede truet med \u00e5 kutte den statlige st\u00f8tten til et Mamdani-styrt New York, og Mamdani har svart med at \u00abdet er p\u00e5 tide \u00e5 st\u00e5 opp mot b\u00f8ller som truer oss uten \u00e5 bli b\u00f8ller selv\u00bb.<\/p>\n<p class=\"_paragraph_o9xde_4 _paragraph_xtcu6_10 layout-component text-serif-m layout-normal text-serif-m layout-padded\">Enkelte av Mamdanis l\u00f8fter vil selv i Norge kunne kalles kommunistiske \u2013 i hvert fall det \u00e5 opprette kommunale matvarebutikker der varene skal v\u00e6re billigere, og ogs\u00e5 det \u00e5 fryse leieprisenefryse leieprisene\u00c5 sette en grense for hvor mye leieprisene kan \u00f8ke, for \u00e5 beskytte leietakere mot store pris\u00f8kninger. p\u00e5 bolig. Mens gratis buss er noe som selv Norges kunnskapsminister har gjennomf\u00f8rt \u2013 den gang Kari Nessa Nordtun var ordf\u00f8rer i Stavanger.<\/p>\n<p class=\"_paragraph_o9xde_4 _paragraph_xtcu6_10 layout-component text-serif-m layout-normal text-serif-m layout-padded\">Demokratene fikk p\u00e5 mange m\u00e5ter en god tirsdag der de vant tilbake Virginia (og f\u00e5r den f\u00f8rste kvinnelige guvern\u00f8ren i delstaten), beholder guvern\u00f8renguvern\u00f8renDen \u00f8verste lederen for en delstat i USA, tilsvarende en statsminister p\u00e5 delstatsniv\u00e5. i New Jersey og vinner borgermestervalget i New York. Men det hjelper ikke Demokratene voldsomt med \u00e5 finne ut hvilken vei de skal f\u00f8lge for \u00e5 vinne presidentvalget i 2028.<\/p>\n<p class=\"_paragraph_o9xde_4 _paragraph_xtcu6_10 layout-component text-serif-m layout-normal text-serif-m layout-padded\">Den demokratiske sosialisten Mamdani har fascinert alle deler av partiet \u2013 men av ulike grunner. Mange unge ser ham som et h\u00e5p, fordi han er opptatt av at newyorkerne sliter med skaml\u00f8se priser, men ogs\u00e5 fordi han h\u00e5ndterer de sosiale mediene til fingerspissene. <\/p>\n<p class=\"_paragraph_o9xde_4 _paragraph_xtcu6_10 layout-component text-serif-m layout-normal text-serif-m layout-padded\">Andre frykter at Mamdanis politikk vil gi republikanerne vann p\u00e5 m\u00f8lla n\u00e5r de hevder at Demokratene er p\u00e5 vei mot ytre venstre. Republikanerne kan komme til \u00e5 bruke frykten for \u00absosialismen\u00bb for alt det er verdt i 2028-valgkampen. N\u00e5r de kan google fram at han tidligere b\u00e5de har g\u00e5tt inn for \u00e5 <a href=\"https:\/\/x.com\/ZohranKMamdani\/status\/1277414510131916801\" class=\"_link_o9xde_39\" rel=\"nofollow\">kutte i budsjettet for New York-politiet<\/a> og <a href=\"https:\/\/www.politifact.com\/article\/2025\/jul\/03\/seizing-means-production-Zohran-Mamdani\/?utm_source=chatgpt.com\" class=\"_link_o9xde_39\" rel=\"nofollow noopener\" target=\"_blank\">har ymtet fremp\u00e5<\/a> om \u00e5 \u00abta kontroll over produksjonsmidlene\u00bb, s\u00e5 er det selvf\u00f8lgelig en gavepakke til republikanerne. Men Mamdani st\u00e5r klart p\u00e5 at han ikke er kommunist.<\/p>\n<p class=\"_paragraph_o9xde_4 _paragraph_xtcu6_10 layout-component text-serif-m layout-normal text-serif-m layout-padded\">Jonathan Cowan, leder for en gruppe som \u00f8nsker \u00e5 trekke Demokratene mer mot sentrum, har sagt at Mamdani som borgermester betyr at \u00abpartiet m\u00e5 b\u00e6re byrden av en sterkt radikal sosialistisk borgermester i New York\u00bb. Og USA er som kjent en samling av 50 stater med til dels sv\u00e6rt ulike meninger.<\/p>\n<p class=\"_paragraph_o9xde_4 _paragraph_xtcu6_10 layout-component text-serif-m layout-normal text-serif-m layout-padded\">P\u00e5 den annen side: Progressive demokraterProgressive demokraterMedlemmer av det demokratiske partiet som \u00f8nsker omfattende sosiale reformer og endringer, ofte med fokus p\u00e5 likhet og rettferdighet. som Alexandria Ocasio-Cortez og Bernie Sanders mener Demokratene ved valget i 2024 ikke satset nok p\u00e5 temaer som engasjerer unge, som inntektsforskjeller og klimaendringer.<\/p>\n<p class=\"_paragraph_o9xde_4 _paragraph_xtcu6_10 layout-component text-serif-m layout-normal text-serif-m layout-padded\">For Demokratene m\u00e5 faktisk ha politikere som virkelig st\u00e5r for noe om de skal vinne tilbake tapt terreng. Mamdani har utvilsomt nye og friske ideer. Men han kan bli for ytterligg\u00e5ende for amerikanere flest.<\/p>\n<p>      Dette er en kommentar. Kommentaren gir uttrykk for skribentens holdning. <\/p>\n","protected":false},"excerpt":{"rendered":"MeningerKommentar Zohran Mamdani, f\u00f8dt i Afrika av indiske foreldre, blir New Yorks f\u00f8rste muslimske borgermester. Skriver om krigen&hellip;\n","protected":false},"author":2,"featured_media":78808,"comment_status":"","ping_status":"","sticky":false,"template":"","format":"standard","meta":{"footnotes":""},"categories":[12],"tags":[10319,20,21,55,24,25,15,22,23,97,13,30,28,29,14,16,26,27,50,42,103,43,44,45,5877],"class_list":{"0":"post-78807","1":"post","2":"type-post","3":"status-publish","4":"format-standard","5":"has-post-thumbnail","7":"category-verden","8":"tag-bernie-sanders","9":"tag-breaking-news","10":"tag-breakingnews","11":"tag-donald-trump","12":"tag-featured-news","13":"tag-featurednews","14":"tag-headlines","15":"tag-latest-news","16":"tag-latestnews","17":"tag-new-york","18":"tag-news","19":"tag-no","20":"tag-norge","21":"tag-norway","22":"tag-nyheter","23":"tag-overskrifter","24":"tag-top-stories","25":"tag-topstories","26":"tag-usa","27":"tag-verden","28":"tag-vgmeninger","29":"tag-world","30":"tag-world-news","31":"tag-worldnews","32":"tag-zohran-mamdani"},"share_on_mastodon":{"url":"https:\/\/pubeurope.com\/@no\/115496092222295461","error":""},"_links":{"self":[{"href":"https:\/\/www.europesays.com\/no\/wp-json\/wp\/v2\/posts\/78807","targetHints":{"allow":["GET"]}}],"collection":[{"href":"https:\/\/www.europesays.com\/no\/wp-json\/wp\/v2\/posts"}],"about":[{"href":"https:\/\/www.europesays.com\/no\/wp-json\/wp\/v2\/types\/post"}],"author":[{"embeddable":true,"href":"https:\/\/www.europesays.com\/no\/wp-json\/wp\/v2\/users\/2"}],"replies":[{"embeddable":true,"href":"https:\/\/www.europesays.com\/no\/wp-json\/wp\/v2\/comments?post=78807"}],"version-history":[{"count":0,"href":"https:\/\/www.europesays.com\/no\/wp-json\/wp\/v2\/posts\/78807\/revisions"}],"wp:featuredmedia":[{"embeddable":true,"href":"https:\/\/www.europesays.com\/no\/wp-json\/wp\/v2\/media\/78808"}],"wp:attachment":[{"href":"https:\/\/www.europesays.com\/no\/wp-json\/wp\/v2\/media?parent=78807"}],"wp:term":[{"taxonomy":"category","embeddable":true,"href":"https:\/\/www.europesays.com\/no\/wp-json\/wp\/v2\/categories?post=78807"},{"taxonomy":"post_tag","embeddable":true,"href":"https:\/\/www.europesays.com\/no\/wp-json\/wp\/v2\/tags?post=78807"}],"curies":[{"name":"wp","href":"https:\/\/api.w.org\/{rel}","templated":true}]}}