{"id":78811,"date":"2025-11-05T08:19:08","date_gmt":"2025-11-05T08:19:08","guid":{"rendered":"https:\/\/www.europesays.com\/no\/78811\/"},"modified":"2025-11-05T08:19:08","modified_gmt":"2025-11-05T08:19:08","slug":"lenovo-thinkpad-x1-carbon-13th-gen-aura-edition","status":"publish","type":"post","link":"https:\/\/www.europesays.com\/no\/78811\/","title":{"rendered":"Lenovo ThinkPad X1 Carbon 13th Gen Aura Edition"},"content":{"rendered":"<p>La meg v\u00e6re helt \u00e6rlig; jeg har v\u00e6rt en MacBook -mann i lang tid. Ja, jeg har anmeldt et hav av Windows-baserte b\u00e6rbare datamaskiner, og bare i \u00e5r har jeg tilbrakt tid med en Razer Triton 14 AI, den litt utdaterte Microsoft Surface Studios Laptop 2, og et beist av en Asus ProArt PX16, som alle er eksempler p\u00e5 PC-produsenter som er i n\u00e6rheten av \u00e5 etterligne Apple.<\/p>\n<p>Men det er mange, <strong>mange<\/strong> \u00e5r siden jeg har jobbet med en ThinkPad. Ja, en stund utforsket vi Lenovos noe ikoniske line-up, som ble utvidet med b\u00e5de Yoga og Extreme -varianter, men som med visse personlige forhold gjennom livet, gled vi fra hverandre.<\/p>\n<p>Men n\u00e5 har jeg tilbrakt de siste ukene p\u00e5 ThinkPad X1 Carbon Aura Edition, den nesten fullstendig standardiserte ThinkPad som er s\u00e5 mye brukt i forretningssegmentet, og som til og med skolel\u00e6rere vil bruke om noen \u00e5r. Og jeg er mildt sagt glad for \u00e5 v\u00e6re tilbake.<\/p>\n<p><img loading=\"lazy\" decoding=\"async\" id=\"img-1904713-4717473\" data-fullsize=\"\/media\/74\/lenovothinkpadx1_4717473b.png\" data-lazy=\"\" src=\"https:\/\/www.gamereactor.nohttps:\/\/www.gamereactor.no\/media\/74\/lenovothinkpadx1_4717473_650x.png\" width=\"650\" onclick=\"if (!window.__cfRLUnblockHandlers) return false; gallery_openmodal('1904713','4717473',false,'9d9f60360904b00abd4308b2d279c406');\" height=\"363\" alt=\"Lenovo ThinkPad X1 Carbon 13th Gen Aura Edition\" class=\"rwd_col_content lazy\" data-cf-modified-01b49de41acc00f12971620f-=\"\"\/><\/p>\n<p>Mer spesifikt snakker vi om ThinkPad X1 Carbon Gen 13 Aura Edition, som bruker en Intel Core Ultra 7, en integrert Intel Arc GPU, 32 GB LPDDR5x RAM og en 2 TB PCIe Gen 5 SSD. Dette gir oss en Geekbench 6 flerkjernescore p\u00e5 ca. 11 344 poeng, noe som er nok til \u00e5 spille vanlige sm\u00e5spill med begrensede innstillinger &#8211; men det er egentlig langt fra den tiltenkte bruken.<\/p>\n<p>Dette er en annonse:<\/p>\n<p>Det du f\u00e5r er det samme karbonfiberbaserte kabinettet, som fortsatt har en soft-touch-overflate som litt for ivrig plukker opp fingeravtrykk, men som f\u00f8les uendelig behagelig \u00e5 holde i, b\u00e6re og bruke. Dette er fortsatt en av de mest behagelige b\u00e6rbare datamaskinene \u00e5 bruke til viktige arbeidsoppgaver, enten du sitter lenge eller bare en kort stund. Dette gjelder ogs\u00e5 tastaturet, som etter min mening fortsatt er det beste p\u00e5 markedet, side om side med Microsofts Surface -tastaturer. Jeg kunne skrevet p\u00e5 det hele dagen lang. Det samme kan sies om maskinens veldesignede styreflate og, selvf\u00f8lgelig, den lille r\u00f8de TrackPoint.<\/p>\n<p>Det skal imidlertid bemerkes at hele herligheten veier i underkant av en kilo, og det er ganske befriende \u00e5 ha noe s\u00e5 lett som er bygget s\u00e5 robust at Lenovo fortsetter \u00e5 oppn\u00e5 MIL-STD 810H-sertifiseringer, noe som betyr at du kan stole p\u00e5 at denne b\u00e6rbare PC-en t\u00e5ler det meste du utsetter den for. Og det i lang tid. Dette 57Wh-batteriet ga meg hele 11 timer med blandet bruk, noe som er mer enn nok, etter min mening.<\/p>\n<p><img loading=\"lazy\" decoding=\"async\" id=\"img-1904713-4717483\" data-fullsize=\"\/media\/74\/lenovothinkpadx1_4717483b.png\" data-lazy=\"\" src=\"https:\/\/www.gamereactor.nohttps:\/\/www.gamereactor.no\/media\/74\/lenovothinkpadx1_4717483_650x.png\" width=\"650\" onclick=\"if (!window.__cfRLUnblockHandlers) return false; gallery_openmodal('1904713','4717483',false,'9d9f60360904b00abd4308b2d279c406');\" height=\"355\" alt=\"Lenovo ThinkPad X1 Carbon 13th Gen Aura Edition\" class=\"rwd_col_content lazy\" data-cf-modified-01b49de41acc00f12971620f-=\"\"\/><\/p>\n<p>Og det er selv om denne dyrere varianten har et OLED-panel. Mer spesifikt snakker vi om et 2,8K 14&#8243; OLED-panel, noe som betyr at webkameraet er hevet over panelet, noe som gir skjermen en ekte &laquo;kant-til-kant&raquo;-f\u00f8lelse. Det er 120 Hz, og selv om vi m\u00e5lte en litt lavere lysstyrke enn p\u00e5 andre OLED-paneler i st\u00f8rre, dyrere b\u00e6rbare datamaskiner, presterte det likevel tilstrekkelig med et gjennomsnitt p\u00e5 omtrent 450 NITS.<\/p>\n<p>Dette er en annonse:<\/p>\n<p>N\u00e5r det kommer til prisen, kan jeg lett se at de er for dyre. Hvis du velger OLED-panelet og 32 GB RAM, ser du p\u00e5 en maskin som kan bli dobbelt s\u00e5 dyr som en MacBook Air og betydelig dyrere enn den nye MacBook Pro M5. N\u00e5r det er sagt, f\u00f8les ThinkPad X1 Carbon Gen 13 Aura Edition som det ultimate produktivitetsverkt\u00f8yet p\u00e5 Windows -siden, og hvis du er ute etter noe \u00e5 strekke deg etter, f\u00e5r du virkelig kvalitet for pengene.<\/p>\n","protected":false},"excerpt":{"rendered":"La meg v\u00e6re helt \u00e6rlig; jeg har v\u00e6rt en MacBook -mann i lang tid. Ja, jeg har anmeldt&hellip;\n","protected":false},"author":2,"featured_media":78812,"comment_status":"","ping_status":"","sticky":false,"template":"","format":"standard","meta":{"footnotes":""},"categories":[57],"tags":[30,28,29,65,63,64,66,70,69,67,68],"class_list":{"0":"post-78811","1":"post","2":"type-post","3":"status-publish","4":"format-standard","5":"has-post-thumbnail","7":"category-vitenskap-og-teknologi","8":"tag-no","9":"tag-norge","10":"tag-norway","11":"tag-science","12":"tag-science-and-technology","13":"tag-scienceandtechnology","14":"tag-technology","15":"tag-teknologi","16":"tag-vitenskap","17":"tag-vitenskap-og-teknologi","18":"tag-vitenskapteknologi"},"share_on_mastodon":{"url":"https:\/\/pubeurope.com\/@no\/115496115592869560","error":""},"_links":{"self":[{"href":"https:\/\/www.europesays.com\/no\/wp-json\/wp\/v2\/posts\/78811","targetHints":{"allow":["GET"]}}],"collection":[{"href":"https:\/\/www.europesays.com\/no\/wp-json\/wp\/v2\/posts"}],"about":[{"href":"https:\/\/www.europesays.com\/no\/wp-json\/wp\/v2\/types\/post"}],"author":[{"embeddable":true,"href":"https:\/\/www.europesays.com\/no\/wp-json\/wp\/v2\/users\/2"}],"replies":[{"embeddable":true,"href":"https:\/\/www.europesays.com\/no\/wp-json\/wp\/v2\/comments?post=78811"}],"version-history":[{"count":0,"href":"https:\/\/www.europesays.com\/no\/wp-json\/wp\/v2\/posts\/78811\/revisions"}],"wp:featuredmedia":[{"embeddable":true,"href":"https:\/\/www.europesays.com\/no\/wp-json\/wp\/v2\/media\/78812"}],"wp:attachment":[{"href":"https:\/\/www.europesays.com\/no\/wp-json\/wp\/v2\/media?parent=78811"}],"wp:term":[{"taxonomy":"category","embeddable":true,"href":"https:\/\/www.europesays.com\/no\/wp-json\/wp\/v2\/categories?post=78811"},{"taxonomy":"post_tag","embeddable":true,"href":"https:\/\/www.europesays.com\/no\/wp-json\/wp\/v2\/tags?post=78811"}],"curies":[{"name":"wp","href":"https:\/\/api.w.org\/{rel}","templated":true}]}}