{"id":78816,"date":"2025-11-05T08:23:08","date_gmt":"2025-11-05T08:23:08","guid":{"rendered":"https:\/\/www.europesays.com\/no\/78816\/"},"modified":"2025-11-05T08:23:08","modified_gmt":"2025-11-05T08:23:08","slug":"sogndal-politikk-eitt-av-framlegga-var-a-gje-skinlo-jobben-tilbake-moteprotokoll-og-avroystinga-kan-du-sja-her","status":"publish","type":"post","link":"https:\/\/www.europesays.com\/no\/78816\/","title":{"rendered":"Sogndal, Politikk | Eitt av framlegga var \u00e5 gje Skinlo jobben tilbake \u2013 m\u00f8teprotokoll og avr\u00f8ystinga kan du sj\u00e5 her"},"content":{"rendered":"<p>PS 79\/2025 Avtaleforhold Kommunestyret si handsaming av sak 79\/2025 i m\u00f8te den 04.11.2025: <\/p>\n<p>Handsaming Kommunestyret vedtok \u00e5 handsama saka i lukka m\u00f8te i h.h.t. kommunelova \u00a7 11.5. 2.ledd ; \u00abEt folkevalgt organ skal vedta \u00e5 lukke et m\u00f8te n\u00e5r det skal behandle en sak som ang\u00e5r en arbeidstakers tjenstlige forhold.\u00bb KS -advokat \u00d8yvind Gjelstad orienterte om saka. <\/p>\n<p> Gjelstad orienterte om prosess og utvikling av framlegg til sluttavtale. Gjelstad la fram si vurdering og tilr\u00e5ding i h\u00f8ve avtalen. <\/p>\n<p>Kommunestyret dr\u00f8fta saka. Formannskapet som arbeidsgjevarutval tilr\u00e5r i saka direkte til kommunestyret. <\/p>\n<p>Fr\u00e5 formannskapet som arbeidsgjevarutval l\u00e5g det f\u00f8re slik tilr\u00e5ding: Kommunestyret godkjenner framlagt sluttavtale. <\/p>\n<p>Endringsframlegg: Sogndal Framstegsparti har fylgjande framlegg i sak 79\/2025 1. Kommunestyret seier opp Kommunedirekt\u00f8r Tor Einar Holvik Skinlo med umiddelbar virkning fr\u00e5 04.11.2025. Han f\u00e5r l\u00f8nn i oppseiingstida og ellers det som arbeidsavtale og lova m\u00e5tte bestemme, men han skal ikkje utf\u00f8re arbeid eller m\u00f8te p\u00e5 arbeid. Alle arbeidsoppg\u00e5ver skal \u00f8yeblikkeleg frysast og overf\u00f8rast til andre, samt all tilgang til Kommunens it nett\/system og p\u00e5logging skal avsluttast. <\/p>\n<p>2. Bakgrunn for oppseiing med umiddelbar verknad er i grove trekk: Manglande lojalitet for arbeidsgivar, nekta og utf\u00f8re vedtak i Kommunestyret. ( blant anna trekke anke til Lagmannsretten) Alvorlege brot p\u00e5 personvernet i fleire h\u00f8ve. Manglande gjennomf\u00f8ring av politiske vedtak ved fleire h\u00f8ve. ( detaljar om dei kjem i ein st\u00f8rre oppsumering ved behov) Vedvarande tillitsbrot til Ordf\u00f8rar og politisk leiing, samt svekka omd\u00f8me av Kommunen. <\/p>\n<p>Framlegg til vedtak i sak 79\/25 fr\u00e5 representantane N\u00e6ss (H), Feten (Sp), R\u00f8ysum (Sp) og Menes (Sp): Kommunestyret i Sogndal trekker varsel om oppseiing, og oppmodar Tor-Einar Holvik Skinlo snarast om \u00e5 koma attende i arbeid som kommunedirekt\u00f8r i Sogndal kommune. <\/p>\n<p>Avr\u00f8ysting: Framlegg fr\u00e5 representantane N\u00e6ss (H), Feten (Sp), R\u00f8ysum (Sp) og Menes (Sp) fekk 4 r\u00f8yster og fall. Kjell Asbj\u00f8rn N\u00e6ss (H), Tore Feten (Sp), Malen R\u00f8ysum (Sp), Arnstein Menes (Sp). <\/p>\n<p>Sogndal Framstegsparti sitt framlegg fekk 7 r\u00f8yster og fall. Rita Navarsete (Frp), Rune Haug (Frp), Idar Kollsete (Frp), Bj\u00f8rn Christian Weinbach (R), May Kristel B\u00f8dal (Sp) Magne Bruland Selseng (Sp), Bjarne Asperanden Sj\u00f8thun (Ap).<\/p>\n<p> Tilr\u00e5ding fr\u00e5 formannskapet, som arbeidsgjevarutval, vart vedteke med 23 r\u00f8yster. Stig Ove \u00d8lmheim (Ap), Astrid Hove (Ap), J\u00f8rn Stenehjem (Ap), Clara \u00d8berg (Ap), Liv Synn\u00f8ve B\u00f8yum (Ap), Erlend Fardal Lunde (Ap), Knut Henning Grepstad (Ap), Malen R\u00f8ysum (Sp), Tore Feten (Sp), Arnstein Menes (Sp) , Espen S\u00e6terb\u00f8 (Sp), Nina Olsen Munthe (H), Laila Elisabeth Wigum (H), H\u00e5kon Nesse (H), Kjell Asbj\u00f8rn N\u00e6ss (H), Vibeke Johnsen (Sv), Anna Helen Hamre (Sv), Inga Henjum Halsnes (Sv), Mari Husab\u00f8 (Sv), Frode B\u00f8thun (Krf), Margrete Haug (Krf), Lin \u00c5m (Mdg), Bjarte Haugen(V). <\/p>\n<p>Vedtak Kommunestyret godkjenner framlagt sluttavtale. <\/p>\n","protected":false},"excerpt":{"rendered":"PS 79\/2025 Avtaleforhold Kommunestyret si handsaming av sak 79\/2025 i m\u00f8te den 04.11.2025: Handsaming Kommunestyret vedtok \u00e5 handsama&hellip;\n","protected":false},"author":2,"featured_media":4378,"comment_status":"","ping_status":"","sticky":false,"template":"","format":"standard","meta":{"footnotes":""},"categories":[10],"tags":[36,20,21,24,25,15,5897,22,23,13,30,28,29,14,16,41,1029,1510,26,27],"class_list":{"0":"post-78816","1":"post","2":"type-post","3":"status-publish","4":"format-standard","5":"has-post-thumbnail","7":"category-norge","8":"tag-art","9":"tag-breaking-news","10":"tag-breakingnews","11":"tag-featured-news","12":"tag-featurednews","13":"tag-headlines","14":"tag-kommunestyre","15":"tag-latest-news","16":"tag-latestnews","17":"tag-news","18":"tag-no","19":"tag-norge","20":"tag-norway","21":"tag-nyheter","22":"tag-overskrifter","23":"tag-politikk","24":"tag-sogndal","25":"tag-story","26":"tag-top-stories","27":"tag-topstories"},"share_on_mastodon":{"url":"https:\/\/pubeurope.com\/@no\/115496131210603420","error":""},"_links":{"self":[{"href":"https:\/\/www.europesays.com\/no\/wp-json\/wp\/v2\/posts\/78816","targetHints":{"allow":["GET"]}}],"collection":[{"href":"https:\/\/www.europesays.com\/no\/wp-json\/wp\/v2\/posts"}],"about":[{"href":"https:\/\/www.europesays.com\/no\/wp-json\/wp\/v2\/types\/post"}],"author":[{"embeddable":true,"href":"https:\/\/www.europesays.com\/no\/wp-json\/wp\/v2\/users\/2"}],"replies":[{"embeddable":true,"href":"https:\/\/www.europesays.com\/no\/wp-json\/wp\/v2\/comments?post=78816"}],"version-history":[{"count":0,"href":"https:\/\/www.europesays.com\/no\/wp-json\/wp\/v2\/posts\/78816\/revisions"}],"wp:featuredmedia":[{"embeddable":true,"href":"https:\/\/www.europesays.com\/no\/wp-json\/wp\/v2\/media\/4378"}],"wp:attachment":[{"href":"https:\/\/www.europesays.com\/no\/wp-json\/wp\/v2\/media?parent=78816"}],"wp:term":[{"taxonomy":"category","embeddable":true,"href":"https:\/\/www.europesays.com\/no\/wp-json\/wp\/v2\/categories?post=78816"},{"taxonomy":"post_tag","embeddable":true,"href":"https:\/\/www.europesays.com\/no\/wp-json\/wp\/v2\/tags?post=78816"}],"curies":[{"name":"wp","href":"https:\/\/api.w.org\/{rel}","templated":true}]}}